{"id":158445,"date":"2025-12-14T14:29:51","date_gmt":"2025-12-14T20:29:51","guid":{"rendered":"https:\/\/lospoliticosveracruz.com.mx\/?p=158445"},"modified":"2025-12-14T14:30:09","modified_gmt":"2025-12-14T20:30:09","slug":"verde-va-por-charlatanes","status":"publish","type":"post","link":"https:\/\/lospoliticosveracruz.com.mx\/?p=158445","title":{"rendered":"VERDE VA POR CHARLATANES!"},"content":{"rendered":"\n<p>S\u00edguenos ahora tambi\u00e9n en WhatsApp.\u00a0\u00a1<a href=\"https:\/\/whatsapp.com\/channel\/0029Va8zRWlEKyZIP3Z1dF0e\"><strong>Da clic aqu\u00ed<\/strong><\/a><strong>!<\/strong><\/p>\n\n\n\n<p><\/p>\n\n\n\n<p>Las diputadas y los diputados del Grupo Legislativo del Partido Verde Ecologista de M\u00e9xico (PVEM), presentaron una Iniciativa con el fin de endurecer las sanciones por usurpaci\u00f3n de profesiones m\u00e9dicas e intrusismo en salud, as\u00ed como fortalecer los mecanismos de prevenci\u00f3n y vigilancia en instituciones p\u00fablicas y privadas.<\/p>\n\n\n\n<figure class=\"wp-block-image size-full\"><a href=\" https:\/\/legisver.gob.mx\/Inicio.php?p=sliderInfoNP&amp;i=8785682\"><img loading=\"lazy\" decoding=\"async\" width=\"728\" height=\"90\" src=\"https:\/\/lospoliticosveracruz.com.mx\/wp-content\/uploads\/2025\/10\/Legis-Cintillo.png\" alt=\"\" class=\"wp-image-155724\" srcset=\"https:\/\/lospoliticosveracruz.com.mx\/wp-content\/uploads\/2025\/10\/Legis-Cintillo.png 728w, https:\/\/lospoliticosveracruz.com.mx\/wp-content\/uploads\/2025\/10\/Legis-Cintillo-300x37.png 300w\" sizes=\"auto, (max-width: 728px) 100vw, 728px\" \/><\/a><\/figure>\n\n\n\n<p>La diputada local Ang\u00e9lica Pe\u00f1a Mart\u00ednez destac\u00f3 que la dignidad humana y la protecci\u00f3n de la salud, son pilares constitucionales que obligan al Estado a garantizar servicios seguros, profesionales y de calidad.<\/p>\n\n\n\n<p>Se\u00f1al\u00f3 que el intrusismo m\u00e9dico representa un grave riesgo para la vida e integridad de la poblaci\u00f3n, pues personas sin formaci\u00f3n ni acreditaci\u00f3n realizan diagn\u00f3sticos, tratamientos e incluso procedimientos quir\u00fargicos, amparados en documentaci\u00f3n o infraestructura simulada.<\/p>\n\n\n\n<p>\u201cEl paciente acude en un estado de vulnerabilidad absoluta y conf\u00eda en la bata blanca; es responsabilidad del Estado evitar que esa confianza sea traicionada\u201d, expres\u00f3.<\/p>\n\n\n\n<p>De acuerdo con la iniciativa, el art\u00edculo 258 del C\u00f3digo Penal ser\u00e1 fortalecido con nuevas agravantes espec\u00edficas para el \u00e1mbito de la salud, debido a que la penalidad actual, de seis meses a tres a\u00f1os de prisi\u00f3n, resulta insuficiente y no guarda proporcionalidad con el riesgo que estas conductas representan.<\/p>\n\n\n\n<p>Las reformas plantean de 2 a 6 a\u00f1os de prisi\u00f3n y multa para quien usurpe alguna de las profesiones se\u00f1aladas en el Art\u00edculo 75 de la Ley de Salud (medicina, enfermer\u00eda, odontolog\u00eda, psicolog\u00eda, nutrici\u00f3n, entre otras).<\/p>\n\n\n\n<p>Pe\u00f1a Mart\u00ednez propuso de 4 a 9 a\u00f1os de prisi\u00f3n y multa cuando, adem\u00e1s, el intruso realice procedimientos m\u00e9dico-quir\u00fargicos sin contar con la acreditaci\u00f3n de especialista prevista en el art\u00edculo 77 Bis.<\/p>\n\n\n\n<p>Estas sanciones no excluyen las que puedan imponerse por otros delitos derivados del da\u00f1o causado al paciente.<\/p>\n\n\n\n<p>El Grupo Legislativo del PVEM subray\u00f3 que estas reformas buscan cerrar la puerta al ejercicio ilegal de la medicina, fortalecer la vigilancia institucional y proteger a la ciudadan\u00eda de pr\u00e1cticas que han causado da\u00f1os severos e incluso la muerte.<\/p>\n","protected":false},"excerpt":{"rendered":"<p>Las diputadas y los diputados del Grupo Legislativo del Partido Verde Ecologista de M\u00e9xico (PVEM), presentaron una Iniciativa con el fin de endurecer las sanciones por usurpaci\u00f3n de profesiones m\u00e9dicas e intrusismo en salud, as\u00ed como fortalecer los mecanismos de prevenci\u00f3n y vigilancia en instituciones p\u00fablicas y privadas. La diputada local Ang\u00e9lica Pe\u00f1a Mart\u00ednez destac\u00f3 [&hellip;]<\/p>\n","protected":false},"author":2,"featured_media":158446,"comment_status":"closed","ping_status":"closed","sticky":false,"template":"","format":"standard","meta":{"_jetpack_newsletter_access":"","_jetpack_dont_email_post_to_subs":false,"_jetpack_newsletter_tier_id":0,"_jetpack_memberships_contains_paywalled_content":false,"_jetpack_memberships_contains_paid_content":false,"footnotes":""},"categories":[73],"tags":[],"class_list":["post-158445","post","type-post","status-publish","format-standard","has-post-thumbnail","hentry","category-de-boleto"],"jetpack_featured_media_url":"https:\/\/lospoliticosveracruz.com.mx\/wp-content\/uploads\/2025\/12\/Angelica-Pena-Martinez.jpeg","jetpack_sharing_enabled":true,"jetpack_shortlink":"https:\/\/wp.me\/p4Qcd3-Fdz","_links":{"self":[{"href":"https:\/\/lospoliticosveracruz.com.mx\/index.php?rest_route=\/wp\/v2\/posts\/158445","targetHints":{"allow":["GET"]}}],"collection":[{"href":"https:\/\/lospoliticosveracruz.com.mx\/index.php?rest_route=\/wp\/v2\/posts"}],"about":[{"href":"https:\/\/lospoliticosveracruz.com.mx\/index.php?rest_route=\/wp\/v2\/types\/post"}],"author":[{"embeddable":true,"href":"https:\/\/lospoliticosveracruz.com.mx\/index.php?rest_route=\/wp\/v2\/users\/2"}],"replies":[{"embeddable":true,"href":"https:\/\/lospoliticosveracruz.com.mx\/index.php?rest_route=%2Fwp%2Fv2%2Fcomments&post=158445"}],"version-history":[{"count":2,"href":"https:\/\/lospoliticosveracruz.com.mx\/index.php?rest_route=\/wp\/v2\/posts\/158445\/revisions"}],"predecessor-version":[{"id":158448,"href":"https:\/\/lospoliticosveracruz.com.mx\/index.php?rest_route=\/wp\/v2\/posts\/158445\/revisions\/158448"}],"wp:featuredmedia":[{"embeddable":true,"href":"https:\/\/lospoliticosveracruz.com.mx\/index.php?rest_route=\/wp\/v2\/media\/158446"}],"wp:attachment":[{"href":"https:\/\/lospoliticosveracruz.com.mx\/index.php?rest_route=%2Fwp%2Fv2%2Fmedia&parent=158445"}],"wp:term":[{"taxonomy":"category","embeddable":true,"href":"https:\/\/lospoliticosveracruz.com.mx\/index.php?rest_route=%2Fwp%2Fv2%2Fcategories&post=158445"},{"taxonomy":"post_tag","embeddable":true,"href":"https:\/\/lospoliticosveracruz.com.mx\/index.php?rest_route=%2Fwp%2Fv2%2Ftags&post=158445"}],"curies":[{"name":"wp","href":"https:\/\/api.w.org\/{rel}","templated":true}]}}