{"id":158453,"date":"2025-12-14T18:23:09","date_gmt":"2025-12-15T00:23:09","guid":{"rendered":"https:\/\/lospoliticosveracruz.com.mx\/?p=158453"},"modified":"2025-12-14T18:23:50","modified_gmt":"2025-12-15T00:23:50","slug":"teocelo-entrega-recepcion","status":"publish","type":"post","link":"https:\/\/lospoliticosveracruz.com.mx\/?p=158453","title":{"rendered":"TEOCELO, ENTREGA-RECEPCI\u00d3N\u00a0"},"content":{"rendered":"\n<p><strong>Enrique Yasser Pompeyo<\/strong><\/p>\n\n\n\n<p><em>Mesa de Redacci\u00f3n<\/em><\/p>\n\n\n\n<p>En la Tierra del Dios Tigre comenz\u00f3 de manera formal el proceso de Entrega-Recepci\u00f3n entre las autoridades salientes y las entrantes.<\/p>\n\n\n\n<p>De lo que se trata es de garantizar una transici\u00f3n ordenada y, sobre todo, transparente.<\/p>\n\n\n\n<figure class=\"wp-block-image size-full\"><a href=\" https:\/\/legisver.gob.mx\/Inicio.php?p=sliderInfoNP&amp;i=8785682\"><img loading=\"lazy\" decoding=\"async\" width=\"728\" height=\"90\" src=\"https:\/\/lospoliticosveracruz.com.mx\/wp-content\/uploads\/2025\/10\/Legis-Cintillo.png\" alt=\"\" class=\"wp-image-155724\" srcset=\"https:\/\/lospoliticosveracruz.com.mx\/wp-content\/uploads\/2025\/10\/Legis-Cintillo.png 728w, https:\/\/lospoliticosveracruz.com.mx\/wp-content\/uploads\/2025\/10\/Legis-Cintillo-300x37.png 300w\" sizes=\"auto, (max-width: 728px) 100vw, 728px\" \/><\/a><\/figure>\n\n\n\n<p>Como se sabe, el nuevo gobierno local estar\u00e1 encabezado por la alcaldesa electa Daniela Villegas Olmos y el s\u00edndico electo Luis Valencia.<\/p>\n\n\n\n<p>El jueves pasado, los integrantes de ambos equipos de trabajo presentaron a los comit\u00e9s de Entrega y Recepci\u00f3n.<\/p>\n\n\n\n<p>En el encuentro participaron tambi\u00e9n quienes formar\u00e1n parte de la pr\u00f3xima estructura administrativa del Ayuntamiento.<\/p>\n\n\n\n<p>Como en muchos otros municipios, en Teocelo este proceso se desarrolla de forma pac\u00edfica, responsable y apegado a la legalidad.<\/p>\n\n\n\n<p>El objetivo es brindar la certeza de que los servicios p\u00fablicos contin\u00faen, siempre en beneficio de las familias teocelenses.<\/p>\n\n\n\n<p>Tanto las autoridades salientes como las entrantes avanzan en el trabajo con seriedad y compromiso.<\/p>\n\n\n\n<p>La intenci\u00f3n es que el Ayuntamiento tenga orden y claridad hacia el futuro.&nbsp;&nbsp;<\/p>\n\n\n\n<p>Como se observa, el encuentro permite confirmar el compromiso de ambas administraciones para realizar una transici\u00f3n eficiente, transparente, orientada siempre en el bienestar de Teocelo y sus habitantes.<\/p>\n\n\n\n<p>Por cierto, la sesi\u00f3n solemne de toma de protesta se llevar\u00e1 a cabo este 31 de diciembre, en punto de las 11:30 de la ma\u00f1ana, en la explanada central del municipio.<\/p>\n\n\n\n<p>enriquepompeyo@hotmail.com<\/p>\n","protected":false},"excerpt":{"rendered":"<p>Enrique Yasser Pompeyo Mesa de Redacci\u00f3n En la Tierra del Dios Tigre comenz\u00f3 de manera formal el proceso de Entrega-Recepci\u00f3n entre las autoridades salientes y las entrantes. De lo que se trata es de garantizar una transici\u00f3n ordenada y, sobre todo, transparente. Como se sabe, el nuevo gobierno local estar\u00e1 encabezado por la alcaldesa electa [&hellip;]<\/p>\n","protected":false},"author":2,"featured_media":141425,"comment_status":"closed","ping_status":"closed","sticky":false,"template":"","format":"standard","meta":{"_jetpack_newsletter_access":"","_jetpack_dont_email_post_to_subs":false,"_jetpack_newsletter_tier_id":0,"_jetpack_memberships_contains_paywalled_content":false,"_jetpack_memberships_contains_paid_content":false,"footnotes":""},"categories":[70],"tags":[],"class_list":["post-158453","post","type-post","status-publish","format-standard","has-post-thumbnail","hentry","category-de-opinion"],"jetpack_featured_media_url":"https:\/\/lospoliticosveracruz.com.mx\/wp-content\/uploads\/2025\/04\/Pompeyo.jpg","jetpack_sharing_enabled":true,"jetpack_shortlink":"https:\/\/wp.me\/p4Qcd3-FdH","_links":{"self":[{"href":"https:\/\/lospoliticosveracruz.com.mx\/index.php?rest_route=\/wp\/v2\/posts\/158453","targetHints":{"allow":["GET"]}}],"collection":[{"href":"https:\/\/lospoliticosveracruz.com.mx\/index.php?rest_route=\/wp\/v2\/posts"}],"about":[{"href":"https:\/\/lospoliticosveracruz.com.mx\/index.php?rest_route=\/wp\/v2\/types\/post"}],"author":[{"embeddable":true,"href":"https:\/\/lospoliticosveracruz.com.mx\/index.php?rest_route=\/wp\/v2\/users\/2"}],"replies":[{"embeddable":true,"href":"https:\/\/lospoliticosveracruz.com.mx\/index.php?rest_route=%2Fwp%2Fv2%2Fcomments&post=158453"}],"version-history":[{"count":2,"href":"https:\/\/lospoliticosveracruz.com.mx\/index.php?rest_route=\/wp\/v2\/posts\/158453\/revisions"}],"predecessor-version":[{"id":158455,"href":"https:\/\/lospoliticosveracruz.com.mx\/index.php?rest_route=\/wp\/v2\/posts\/158453\/revisions\/158455"}],"wp:featuredmedia":[{"embeddable":true,"href":"https:\/\/lospoliticosveracruz.com.mx\/index.php?rest_route=\/wp\/v2\/media\/141425"}],"wp:attachment":[{"href":"https:\/\/lospoliticosveracruz.com.mx\/index.php?rest_route=%2Fwp%2Fv2%2Fmedia&parent=158453"}],"wp:term":[{"taxonomy":"category","embeddable":true,"href":"https:\/\/lospoliticosveracruz.com.mx\/index.php?rest_route=%2Fwp%2Fv2%2Fcategories&post=158453"},{"taxonomy":"post_tag","embeddable":true,"href":"https:\/\/lospoliticosveracruz.com.mx\/index.php?rest_route=%2Fwp%2Fv2%2Ftags&post=158453"}],"curies":[{"name":"wp","href":"https:\/\/api.w.org\/{rel}","templated":true}]}}