{"id":158515,"date":"2025-12-15T19:21:41","date_gmt":"2025-12-16T01:21:41","guid":{"rendered":"https:\/\/lospoliticosveracruz.com.mx\/?p=158515"},"modified":"2025-12-15T19:22:06","modified_gmt":"2025-12-16T01:22:06","slug":"van-por-perote","status":"publish","type":"post","link":"https:\/\/lospoliticosveracruz.com.mx\/?p=158515","title":{"rendered":"VAN POR PEROTE"},"content":{"rendered":"\n<p><strong>Enrique Yasser Pompeyo&nbsp;<\/strong><\/p>\n\n\n\n<p><em>Mesa de Redacci\u00f3n<\/em><\/p>\n\n\n\n<p>La fiscalizaci\u00f3n permanente en los ayuntamientos es fundamental para tener la certeza de que el manejo de las finanzas p\u00fablicas se hace de manera correcta y con transparencia.<\/p>\n\n\n\n<figure class=\"wp-block-image size-full\"><a href=\" https:\/\/legisver.gob.mx\/Inicio.php?p=sliderInfoNP&amp;i=8785682\"><img loading=\"lazy\" decoding=\"async\" width=\"728\" height=\"90\" src=\"https:\/\/lospoliticosveracruz.com.mx\/wp-content\/uploads\/2025\/10\/Legis-Cintillo.png\" alt=\"\" class=\"wp-image-155724\" srcset=\"https:\/\/lospoliticosveracruz.com.mx\/wp-content\/uploads\/2025\/10\/Legis-Cintillo.png 728w, https:\/\/lospoliticosveracruz.com.mx\/wp-content\/uploads\/2025\/10\/Legis-Cintillo-300x37.png 300w\" sizes=\"auto, (max-width: 728px) 100vw, 728px\" \/><\/a><\/figure>\n\n\n\n<p>Como suele ocurrir al final de las administraciones municipales, hay quienes incurren en el denominado \u201cA\u00f1o de Hidalgo\u201d, por lo que algunas autoridades salientes buscan llevarse todo el dinero posible.<\/p>\n\n\n\n<p>Ahora, el se\u00f1alamiento es contra el gobierno local de Perote que est\u00e1 por concluir funciones en unos d\u00edas.<\/p>\n\n\n\n<p>De acuerdo con la informaci\u00f3n, las actuales autoridades perote\u00f1as habr\u00edan asignado un presupuesto por un mill\u00f3n 150 mil pesos para la supuesta compra de mobiliario desde mayo o junio de este a\u00f1o.<\/p>\n\n\n\n<p>Lo sospechoso del asunto es que se desconoce la documentaci\u00f3n que avale la licitaci\u00f3n, el contrato o la factura.<\/p>\n\n\n\n<p>El se\u00f1alamiento es claro: se pretende desaparecer ese recurso millonario, que se esfume sin que nadie se d\u00e9 cuenta.<\/p>\n\n\n\n<p>Por ello, se pidi\u00f3 a la Auditor\u00eda Superior de la Federaci\u00f3n (ASF) que se lleve a cabo una auditor\u00eda forense a los ejercicios fiscales 2021, 2022, 2023, 2024, as\u00ed como al primer y segundo trimestre del 2025, de los recursos federalizados ejercidos por el Ayuntamiento de Perote.<\/p>\n\n\n\n<p>El asunto cobra relevancia porque las nuevas autoridades que asumir\u00e1n funciones a partir del 1 de enero de 2026 son del mismo instituto pol\u00edtico del que provienen las que est\u00e1n a punto de irse.<\/p>\n\n\n\n<p>No se trata de grilla, sino de acciones contundentes que permiten aclarar el destino de los recursos del pueblo perote\u00f1o.<\/p>\n\n\n\n<p>enriquepompeyo@hotmal.com<\/p>\n","protected":false},"excerpt":{"rendered":"<p>Enrique Yasser Pompeyo&nbsp; Mesa de Redacci\u00f3n La fiscalizaci\u00f3n permanente en los ayuntamientos es fundamental para tener la certeza de que el manejo de las finanzas p\u00fablicas se hace de manera correcta y con transparencia. Como suele ocurrir al final de las administraciones municipales, hay quienes incurren en el denominado \u201cA\u00f1o de Hidalgo\u201d, por lo que [&hellip;]<\/p>\n","protected":false},"author":2,"featured_media":141425,"comment_status":"closed","ping_status":"closed","sticky":false,"template":"","format":"standard","meta":{"_jetpack_newsletter_access":"","_jetpack_dont_email_post_to_subs":false,"_jetpack_newsletter_tier_id":0,"_jetpack_memberships_contains_paywalled_content":false,"_jetpack_memberships_contains_paid_content":false,"footnotes":""},"categories":[70],"tags":[],"class_list":["post-158515","post","type-post","status-publish","format-standard","has-post-thumbnail","hentry","category-de-opinion"],"jetpack_featured_media_url":"https:\/\/lospoliticosveracruz.com.mx\/wp-content\/uploads\/2025\/04\/Pompeyo.jpg","jetpack_sharing_enabled":true,"jetpack_shortlink":"https:\/\/wp.me\/p4Qcd3-FeH","_links":{"self":[{"href":"https:\/\/lospoliticosveracruz.com.mx\/index.php?rest_route=\/wp\/v2\/posts\/158515","targetHints":{"allow":["GET"]}}],"collection":[{"href":"https:\/\/lospoliticosveracruz.com.mx\/index.php?rest_route=\/wp\/v2\/posts"}],"about":[{"href":"https:\/\/lospoliticosveracruz.com.mx\/index.php?rest_route=\/wp\/v2\/types\/post"}],"author":[{"embeddable":true,"href":"https:\/\/lospoliticosveracruz.com.mx\/index.php?rest_route=\/wp\/v2\/users\/2"}],"replies":[{"embeddable":true,"href":"https:\/\/lospoliticosveracruz.com.mx\/index.php?rest_route=%2Fwp%2Fv2%2Fcomments&post=158515"}],"version-history":[{"count":2,"href":"https:\/\/lospoliticosveracruz.com.mx\/index.php?rest_route=\/wp\/v2\/posts\/158515\/revisions"}],"predecessor-version":[{"id":158518,"href":"https:\/\/lospoliticosveracruz.com.mx\/index.php?rest_route=\/wp\/v2\/posts\/158515\/revisions\/158518"}],"wp:featuredmedia":[{"embeddable":true,"href":"https:\/\/lospoliticosveracruz.com.mx\/index.php?rest_route=\/wp\/v2\/media\/141425"}],"wp:attachment":[{"href":"https:\/\/lospoliticosveracruz.com.mx\/index.php?rest_route=%2Fwp%2Fv2%2Fmedia&parent=158515"}],"wp:term":[{"taxonomy":"category","embeddable":true,"href":"https:\/\/lospoliticosveracruz.com.mx\/index.php?rest_route=%2Fwp%2Fv2%2Fcategories&post=158515"},{"taxonomy":"post_tag","embeddable":true,"href":"https:\/\/lospoliticosveracruz.com.mx\/index.php?rest_route=%2Fwp%2Fv2%2Ftags&post=158515"}],"curies":[{"name":"wp","href":"https:\/\/api.w.org\/{rel}","templated":true}]}}