{"id":158524,"date":"2025-12-15T19:52:39","date_gmt":"2025-12-16T01:52:39","guid":{"rendered":"https:\/\/lospoliticosveracruz.com.mx\/?p=158524"},"modified":"2025-12-15T19:53:03","modified_gmt":"2025-12-16T01:53:03","slug":"el-debilitamiento-de-la-izquierda-en-al","status":"publish","type":"post","link":"https:\/\/lospoliticosveracruz.com.mx\/?p=158524","title":{"rendered":"EL DEBILITAMIENTO DE LA IZQUIERDA EN AL"},"content":{"rendered":"\n<p><strong>Carlos Miguel Acosta Bravo*<\/strong><\/p>\n\n\n\n<p><em>Impronta<\/em><\/p>\n\n\n\n<p>El triunfo de Jos\u00e9 Antonio Kast del Partido Republicano de ultraderecha que tambi\u00e9n encabez\u00f3 Augusto Pinochet en el per\u00edodo 1973-1990, en la segunda vuelta presidencial de Chile el 14 de diciembre de 2025 (58.16% vs. 41.84% de Jeannette Jara, izquierda), marca el giro conservador regional, sumando Chile a 10 pa\u00edses de derecha (Argentina-Javier Milei; El Salvador-Nayib Bukele; Bolivia-Rodrigo Paz; Ecuador-Daniel Noboa; Panam\u00e1-Jos\u00e9 Ra\u00fal Mulino, etc.) frente a 9 de izquierda (M\u00e9xico-Claudia Sheinbaum; Brasil-Inacio Lula Da Silva , Colombia-Gustavo Petro, etc.), reconfigurando el mapa ideol\u00f3gico y debilitando bloques progresistas.\u200b<\/p>\n\n\n\n<figure class=\"wp-block-image size-full\"><a href=\" https:\/\/legisver.gob.mx\/Inicio.php?p=sliderInfoNP&amp;i=8785682\"><img loading=\"lazy\" decoding=\"async\" width=\"728\" height=\"90\" src=\"https:\/\/lospoliticosveracruz.com.mx\/wp-content\/uploads\/2025\/10\/Legis-Cintillo.png\" alt=\"\" class=\"wp-image-155724\" srcset=\"https:\/\/lospoliticosveracruz.com.mx\/wp-content\/uploads\/2025\/10\/Legis-Cintillo.png 728w, https:\/\/lospoliticosveracruz.com.mx\/wp-content\/uploads\/2025\/10\/Legis-Cintillo-300x37.png 300w\" sizes=\"auto, (max-width: 728px) 100vw, 728px\" \/><\/a><\/figure>\n\n\n\n<p>Las implicaciones regionales para gobiernos izquierdistas en Am\u00e9rica Latina, a\u00edsla a Nicaragua-Daniel Ortega, Venezuela-Nicol\u00e1s Maduro y de Cuba- Miguel D\u00edaz Canel con r\u00e9gimenes autoritarios sancionados), presion\u00e1ndolos v\u00eda aislamiento diplom\u00e1tico\/comercial y fortaleciendo a la oposici\u00f3n; Brasil (Lula) resiste por pragmatismo econ\u00f3mico, pero enfrenta erosi\u00f3n interna por inseguridad\/econom\u00eda estancada. La \u00abola de derecha\u00bb (influida por Trumpismo\/Nayib Bukele-modelo seguridad) prioriza crecimiento, mano dura y alineaci\u00f3n con EUA, contrastando con protestas sociales que sostienen izquierdas residuales.\u200b<\/p>\n\n\n\n<p>El impacto particular en M\u00e9xico y el acuerdo comercial TMEC, que tiene M\u00e9xico bajo el liderazgo de la Presidenta Claudia Sheinbaum-4T) queda como baluarte izquierdista aislado, tensionando la renegociaci\u00f3n TMEC (julio 2026) ante Trump: EUA exige estrictas reglas de origen contra la triangulaci\u00f3n China, apertura energ\u00e9tica (contra CFE\/Pemex) y migraci\u00f3n\/narcotr\u00e1fico, con riesgo de aranceles 25-50% si percibe \u00ablealtad izquierdista\u00bb (acercamiento Venezuela\/Cuba). Chile-derecha fortalece bloque pro-EE.UU., reduciendo la influencia mexicana y exponiendo nearshoring a volatilidad (IED en pausa por incertidumbre provocado por la reforma al judicial).\u200b<\/p>\n\n\n\n<p>Los escenarios democr\u00e1ticos suenan prometedores, mientras que para Nicaragua y Venezuela como pa\u00edses con gobiernos de izquierda se prevee un escenario probable de un mayor aislamiento e incluso sanciones para M\u00e9xico, significa de forma inmediata el perder sus aliados regionales, para Brasil se estima que no le afecte demasiado y continuar\u00e1 con sus pr\u00e1cticas para un mejor escenario de presencia y competencia ante el nearshoring, para M\u00e9xico se prevee una presi\u00f3n muy dura frente a la renegociaci\u00f3n del TMEC, con aranceles que podr\u00edan incrementarse en exportaciones clave como acero y energ\u00eda del 10 al 20% si la renegociaci\u00f3n falla.<\/p>\n\n\n\n<p>Los pa\u00edses est\u00e1n alineando agendas en seguridad, migraci\u00f3n, narcotr\u00e1fico y contenci\u00f3n de China, v\u00eda doctrina Monroe renovada y acuerdos bilaterales preferenciales.\u200b<\/p>\n\n\n\n<p>Los efectos en pa\u00edses de derecha ha sido inmediata, pues estos gobiernos ganan prioridad: Kast fue felicitado casi de inmediato por Donald Trump (14 dic 2025); NayibBukele recibe apoyo antiterrorista\/migratorio, Milei ayuda econ\u00f3mica impl\u00edcita y Noboa tratados Mar-a-Lago, priorizando pragmatismo sobre China pese comercio (acero\/soya), consolidando bloque pro-EUA con IED\/ que podr\u00eda impulsar el turismo.\u200b<\/p>\n\n\n\n<p>En cambio la presi\u00f3n sobre gobiernos izquierdistas que a\u00edsla a las izquierdas: Nicaragua\/Venezuela enfrentan sanciones\/escalada militar (operativos Trump \u00aben tierra\u00bb), Brasil (Lula) resiste por pragmatismo, pero compite por nearshoring; M\u00e9xico con Claudia Sheinbaum-4T) est\u00e1 tensionado en TMEC 2026 por triangulaci\u00f3n China\/percepci\u00f3n izquierdista, arriesgando el incremento de aranceles 25-50% acero\/autos si no alinea temas como migraci\u00f3n y energ\u00eda.\u200b<\/p>\n\n\n\n<p>Los escenarios de alianzas EUA, para el bloque de derecha ahora en Chile se vislumbra un escenario positivo, pues podr\u00eda dar lugar a acuerdos r\u00e1pidos en materia de seguridad y comercio, que adem\u00e1s podr\u00eda beneficiar una inversi\u00f3n Extranjera Directa de hasta 15%, lo cual significar\u00eda una amenaza para pa\u00edses como M\u00e9xico que pierde influencia y representa el riesgo de una competencia regional.<\/p>\n\n\n\n<p>Se refuerza la polarizaci\u00f3n, pues las derechas privilegian EUA (doctrina Monroe), izquierdas buscan China\/Rusia, fragmentando integraci\u00f3n regional y exponiendo TMEC a ruptura si M\u00e9xico no reacciona. Ante una desgastada izquierda, es muy posible una renegociaci\u00f3n muy dura y tambi\u00e9n se enfrenta el riesgo de un aislamiento diplom\u00e1tico, as\u00ed como el incremento de aranceles y una probable disminuci\u00f3n de la Inversi\u00f3n extranjera directa para M\u00e9xico, lo cual impedir\u00eda el crecimiento y la creaci\u00f3n de empleos, en fin un escenario complicado por el gobierno mexicano, que tendr\u00e1 que decidir de que lado de la balanza desea estar.<\/p>\n\n\n\n<p>Comente u opine a:<\/p>\n\n\n\n<p>cacostabravo@yahoo.com.mx<\/p>\n\n\n\n<p>*Maestro en comunicaci\u00f3n por la Universidad Iberoamericana, de la cual form\u00f3 parte del cuerpo acad\u00e9mico de la Licenciatura en comunicaci\u00f3n, as\u00ed como de la Universidad An\u00e1huac, camp\u00fas norte de CDMX.<\/p>\n","protected":false},"excerpt":{"rendered":"<p>Carlos Miguel Acosta Bravo* Impronta El triunfo de Jos\u00e9 Antonio Kast del Partido Republicano de ultraderecha que tambi\u00e9n encabez\u00f3 Augusto Pinochet en el per\u00edodo 1973-1990, en la segunda vuelta presidencial de Chile el 14 de diciembre de 2025 (58.16% vs. 41.84% de Jeannette Jara, izquierda), marca el giro conservador regional, sumando Chile a 10 pa\u00edses [&hellip;]<\/p>\n","protected":false},"author":2,"featured_media":141377,"comment_status":"closed","ping_status":"closed","sticky":false,"template":"","format":"standard","meta":{"_jetpack_newsletter_access":"","_jetpack_dont_email_post_to_subs":false,"_jetpack_newsletter_tier_id":0,"_jetpack_memberships_contains_paywalled_content":false,"_jetpack_memberships_contains_paid_content":false,"footnotes":""},"categories":[70],"tags":[43287],"class_list":["post-158524","post","type-post","status-publish","format-standard","has-post-thumbnail","hentry","category-de-opinion","tag-carlos-miguel-acosta-bravo"],"jetpack_featured_media_url":"https:\/\/lospoliticosveracruz.com.mx\/wp-content\/uploads\/2025\/04\/Carlos-Miguel-Acosta-Bravo.jpg","jetpack_sharing_enabled":true,"jetpack_shortlink":"https:\/\/wp.me\/p4Qcd3-FeQ","_links":{"self":[{"href":"https:\/\/lospoliticosveracruz.com.mx\/index.php?rest_route=\/wp\/v2\/posts\/158524","targetHints":{"allow":["GET"]}}],"collection":[{"href":"https:\/\/lospoliticosveracruz.com.mx\/index.php?rest_route=\/wp\/v2\/posts"}],"about":[{"href":"https:\/\/lospoliticosveracruz.com.mx\/index.php?rest_route=\/wp\/v2\/types\/post"}],"author":[{"embeddable":true,"href":"https:\/\/lospoliticosveracruz.com.mx\/index.php?rest_route=\/wp\/v2\/users\/2"}],"replies":[{"embeddable":true,"href":"https:\/\/lospoliticosveracruz.com.mx\/index.php?rest_route=%2Fwp%2Fv2%2Fcomments&post=158524"}],"version-history":[{"count":1,"href":"https:\/\/lospoliticosveracruz.com.mx\/index.php?rest_route=\/wp\/v2\/posts\/158524\/revisions"}],"predecessor-version":[{"id":158525,"href":"https:\/\/lospoliticosveracruz.com.mx\/index.php?rest_route=\/wp\/v2\/posts\/158524\/revisions\/158525"}],"wp:featuredmedia":[{"embeddable":true,"href":"https:\/\/lospoliticosveracruz.com.mx\/index.php?rest_route=\/wp\/v2\/media\/141377"}],"wp:attachment":[{"href":"https:\/\/lospoliticosveracruz.com.mx\/index.php?rest_route=%2Fwp%2Fv2%2Fmedia&parent=158524"}],"wp:term":[{"taxonomy":"category","embeddable":true,"href":"https:\/\/lospoliticosveracruz.com.mx\/index.php?rest_route=%2Fwp%2Fv2%2Fcategories&post=158524"},{"taxonomy":"post_tag","embeddable":true,"href":"https:\/\/lospoliticosveracruz.com.mx\/index.php?rest_route=%2Fwp%2Fv2%2Ftags&post=158524"}],"curies":[{"name":"wp","href":"https:\/\/api.w.org\/{rel}","templated":true}]}}