{"id":158567,"date":"2025-12-16T07:59:38","date_gmt":"2025-12-16T13:59:38","guid":{"rendered":"https:\/\/lospoliticosveracruz.com.mx\/?p=158567"},"modified":"2025-12-16T08:00:17","modified_gmt":"2025-12-16T14:00:17","slug":"buenas-nuevas-para-la-historia-y-la-cultura-en-veracruz","status":"publish","type":"post","link":"https:\/\/lospoliticosveracruz.com.mx\/?p=158567","title":{"rendered":"BUENAS NUEVAS para la historia y la cultura en Veracruz"},"content":{"rendered":"\n<p>S\u00edguenos ahora tambi\u00e9n en WhatsApp.\u00a0\u00a1<a href=\"https:\/\/whatsapp.com\/channel\/0029Va8zRWlEKyZIP3Z1dF0e\"><strong>Da clic aqu\u00ed<\/strong><\/a><strong>!<\/strong><\/p>\n\n\n\n<p><strong>Yamiri Rodr\u00edguez Madrid<\/strong><\/p>\n\n\n\n<p><em>La vuelta a Veracruz en un teclazo<\/em><\/p>\n\n\n\n<p><br>Cada vez que se construye una nueva escuela, que se abre una nueva galer\u00eda o museo, deber\u00eda celebrarse, hacerse alharaca pues significa ahuyentar a ni\u00f1os y j\u00f3venes de la ociosidad, del riesgo, pero lo relegamos, pasa desapercibido. Eso viene a colaci\u00f3n porque el Instituto Nacional de Antropolog\u00eda e Historia (INAH), inaugur\u00f3 apenas este fin de semana dos museos en Veracruz.<\/p>\n\n\n\n<figure class=\"wp-block-image size-full\"><a href=\" https:\/\/legisver.gob.mx\/Inicio.php?p=sliderInfoNP&amp;i=8785682\"><img loading=\"lazy\" decoding=\"async\" width=\"728\" height=\"90\" src=\"https:\/\/lospoliticosveracruz.com.mx\/wp-content\/uploads\/2025\/10\/Legis-Cintillo.png\" alt=\"\" class=\"wp-image-155724\" srcset=\"https:\/\/lospoliticosveracruz.com.mx\/wp-content\/uploads\/2025\/10\/Legis-Cintillo.png 728w, https:\/\/lospoliticosveracruz.com.mx\/wp-content\/uploads\/2025\/10\/Legis-Cintillo-300x37.png 300w\" sizes=\"auto, (max-width: 728px) 100vw, 728px\" \/><\/a><\/figure>\n\n\n\n<p><br>Se trata de los nuevos museos de Las J\u00f3venes Gobernantes de Amajac (MLJGA), ubicado en la localidad de Hidalgo Amajac y Chicomex\u00f3chitl. Ra\u00edces que florecen, inaugurados en el municipio de \u00c1lamo Temapache. De acuerdo a lo expuesto por el instituto, \u00e9ste contribuy\u00f3 con la elaboraci\u00f3n de los guiones cient\u00edficos y museogr\u00e1ficos, as\u00ed como con el pr\u00e9stamo, mediante un acuerdo de comodato, y el montaje de las piezas arqueol\u00f3gicas; ambos estar\u00e1n abiertos diariamente a la visita p\u00fablica, de 9:00 a 17:00 horas, con entrada libre.<br>Entre las m\u00e1s de 300 piezas que est\u00e1n ahora en exhibici\u00f3n, pronto se podr\u00e1n ver ah\u00ed, tanto a una de las gobernantes, como la escultura de la jugadora de pelota, pues est\u00e1n en pr\u00e9stamo en una exposici\u00f3n en Espa\u00f1a. Otro de los grandes tesoros es una l\u00e1pida con la representaci\u00f3n del numen del viento, Eh\u00e9catl; un personaje masculino, cuyo rostro fue borrado en la \u00e9poca prehisp\u00e1nica, y una escultura con la imagen de dos ancianos huastecos asociados a la fertilidad.<br>Insisto, es una gran noticia para la cultura y la historia en Veracruz pues ahora son seis recintos los que hay en la Huasteca veracruzana. Sin embargo, a todos nos toca chamba con su apertura. Al gobierno estatal, promoverlos, para que todo el tiempo tengan visitantes y a quienes vayamos a conocerlos, cuidarlos, respetarlos, porque nunca falta el que muestra su nivel de educaci\u00f3n, vandalizando y destruyendo los inmuebles que han sido abiertos para todas y todos, para conocer y sentirnos orgullosos de nuestras maravillosas ra\u00edces ind\u00edgenas.<br>@YamiriRodriguez<\/p>\n","protected":false},"excerpt":{"rendered":"<p>Yamiri Rodr\u00edguez Madrid La vuelta a Veracruz en un teclazo Cada vez que se construye una nueva escuela, que se abre una nueva galer\u00eda o museo, deber\u00eda celebrarse, hacerse alharaca pues significa ahuyentar a ni\u00f1os y j\u00f3venes de la ociosidad, del riesgo, pero lo relegamos, pasa desapercibido. Eso viene a colaci\u00f3n porque el Instituto Nacional [&hellip;]<\/p>\n","protected":false},"author":2,"featured_media":141413,"comment_status":"closed","ping_status":"closed","sticky":false,"template":"","format":"standard","meta":{"_jetpack_newsletter_access":"","_jetpack_dont_email_post_to_subs":false,"_jetpack_newsletter_tier_id":0,"_jetpack_memberships_contains_paywalled_content":false,"_jetpack_memberships_contains_paid_content":false,"footnotes":""},"categories":[70],"tags":[3344,47957,42407],"class_list":["post-158567","post","type-post","status-publish","format-standard","has-post-thumbnail","hentry","category-de-opinion","tag-inah","tag-las-jovenes-gobernantes-de-amajac","tag-yamiri-rodriguez-madrid"],"jetpack_featured_media_url":"https:\/\/lospoliticosveracruz.com.mx\/wp-content\/uploads\/2025\/04\/Yamiri-Rodriguez-Madrid.jpg","jetpack_sharing_enabled":true,"jetpack_shortlink":"https:\/\/wp.me\/p4Qcd3-Ffx","_links":{"self":[{"href":"https:\/\/lospoliticosveracruz.com.mx\/index.php?rest_route=\/wp\/v2\/posts\/158567","targetHints":{"allow":["GET"]}}],"collection":[{"href":"https:\/\/lospoliticosveracruz.com.mx\/index.php?rest_route=\/wp\/v2\/posts"}],"about":[{"href":"https:\/\/lospoliticosveracruz.com.mx\/index.php?rest_route=\/wp\/v2\/types\/post"}],"author":[{"embeddable":true,"href":"https:\/\/lospoliticosveracruz.com.mx\/index.php?rest_route=\/wp\/v2\/users\/2"}],"replies":[{"embeddable":true,"href":"https:\/\/lospoliticosveracruz.com.mx\/index.php?rest_route=%2Fwp%2Fv2%2Fcomments&post=158567"}],"version-history":[{"count":2,"href":"https:\/\/lospoliticosveracruz.com.mx\/index.php?rest_route=\/wp\/v2\/posts\/158567\/revisions"}],"predecessor-version":[{"id":158569,"href":"https:\/\/lospoliticosveracruz.com.mx\/index.php?rest_route=\/wp\/v2\/posts\/158567\/revisions\/158569"}],"wp:featuredmedia":[{"embeddable":true,"href":"https:\/\/lospoliticosveracruz.com.mx\/index.php?rest_route=\/wp\/v2\/media\/141413"}],"wp:attachment":[{"href":"https:\/\/lospoliticosveracruz.com.mx\/index.php?rest_route=%2Fwp%2Fv2%2Fmedia&parent=158567"}],"wp:term":[{"taxonomy":"category","embeddable":true,"href":"https:\/\/lospoliticosveracruz.com.mx\/index.php?rest_route=%2Fwp%2Fv2%2Fcategories&post=158567"},{"taxonomy":"post_tag","embeddable":true,"href":"https:\/\/lospoliticosveracruz.com.mx\/index.php?rest_route=%2Fwp%2Fv2%2Ftags&post=158567"}],"curies":[{"name":"wp","href":"https:\/\/api.w.org\/{rel}","templated":true}]}}