{"id":158700,"date":"2025-12-17T21:29:00","date_gmt":"2025-12-18T03:29:00","guid":{"rendered":"https:\/\/lospoliticosveracruz.com.mx\/?p=158700"},"modified":"2025-12-17T19:53:24","modified_gmt":"2025-12-18T01:53:24","slug":"desmenuzando-a-mitofsky","status":"publish","type":"post","link":"https:\/\/lospoliticosveracruz.com.mx\/?p=158700","title":{"rendered":"DESMENUZANDO A MITOFSKY"},"content":{"rendered":"\n<p><strong>Salvador Mu\u00f1oz<\/strong><\/p>\n\n\n\n<p><em>Los Pol\u00edticos<\/em><\/p>\n\n\n\n<p>Siempre he afirmado que cuando se toca fondo, s\u00f3lo queda un camino: todo para arriba. El problema de Veracruz es que toca fondo\u2026 y sigue excavando.<\/p>\n\n\n\n<p>El Ranking Mitofsky de noviembre coloca a Roc\u00edo Nahle en el lugar 31 de 32 gobernadores del pa\u00eds. No es una opini\u00f3n malintencionada. Es estad\u00edstica. Es encuesta. Es gente respondiendo desde su celular mientras hace fila en el Oxxo.<\/p>\n\n\n\n<figure class=\"wp-block-image size-full\"><a href=\" https:\/\/legisver.gob.mx\/Inicio.php?p=sliderInfoNP&amp;i=8785682\"><img loading=\"lazy\" decoding=\"async\" width=\"728\" height=\"90\" src=\"https:\/\/lospoliticosveracruz.com.mx\/wp-content\/uploads\/2025\/10\/Legis-Cintillo.png\" alt=\"\" class=\"wp-image-155724\" srcset=\"https:\/\/lospoliticosveracruz.com.mx\/wp-content\/uploads\/2025\/10\/Legis-Cintillo.png 728w, https:\/\/lospoliticosveracruz.com.mx\/wp-content\/uploads\/2025\/10\/Legis-Cintillo-300x37.png 300w\" sizes=\"auto, (max-width: 728px) 100vw, 728px\" \/><\/a><\/figure>\n\n\n\n<p>41.7% de aprobaci\u00f3n. Ni siquiera alcanza para presumir \u201cempatamos con el promedio\u201d. No. El promedio nacional anda por el 50%. Veracruz decidi\u00f3 competir, pero en otra liga: la de los rezagados cr\u00f3nicos.<\/p>\n\n\n\n<p>Lo interesante \u2013y lo preocupante\u2013 es que esto no ocurre despu\u00e9s de un sexenio desgastado (como pudiera uno pensar en Campeche, que cierra su ciclo este 2027) sino a los doce meses de gobierno\u2026 cuando todav\u00eda hay cr\u00e9dito, cuando todav\u00eda se puede culpar al pasado, cuando la excusa de la curva de aprendizaje, cuando el discurso de \u201cestamos acomodando la casa\u201d, sigue siendo cre\u00edble. Aun as\u00ed, la casa ya se ve chueca.<\/p>\n\n\n\n<p>En el ranking de gobernadoras con A, la cosa es todav\u00eda m\u00e1s cruel: \u00faltimo lugar. Trece gobernadoras evaluadas y Veracruz cierra la lista como quien apaga la luz. Mientras Quintana Roo presume 57% y la Ciudad de M\u00e9xico rebasa el 53, Veracruz se conforma con no caer m\u00e1s\u2026 por ahora.<\/p>\n\n\n\n<p>Aqu\u00ed siempre aparece el argumento regional: \u201ces que Veracruz es complicado\u201d. Falso. En la regi\u00f3n Centro, Hidalgo, Puebla y la CDMX superan con holgura el 52%. Veracruz se queda en 39.4%. No es la regi\u00f3n. Es la gesti\u00f3n. O peor a\u00fan: la percepci\u00f3n de ella.<\/p>\n\n\n\n<p>Y luego est\u00e1 el dato que ning\u00fan operador pol\u00edtico quiere explicar en p\u00fablico: la diferencia entre la aprobaci\u00f3n de la Presidenta y la de la gobernadora. En Veracruz, la brecha es de casi 27 puntos. Es decir, la Presidenta gusta. La gobernadora no tanto. El movimiento aguanta. El gobierno local no jala.<\/p>\n\n\n\n<p>Eso, en t\u00e9rminos pol\u00edticos, es dinamita con temporizador.<\/p>\n\n\n\n<p>Porque cuando la marca nacional es fuerte pero la local no conecta, el problema no es ideol\u00f3gico. Es administrativo, comunicacional o de sensibilidad. O todo junto. Y eso no se arregla con giras, selfies ni discursos de aplauso autom\u00e1tico.<\/p>\n\n\n\n<p>Veracruz no es cualquier estado. Son m\u00e1s de ocho millones de habitantes. Un monstruo electoral. Un bot\u00edn pol\u00edtico. O deber\u00eda serlo. Hoy, con estos n\u00fameros, es m\u00e1s bien un foco rojo con letrero de \u201cmaneje con precauci\u00f3n\u201d.<\/p>\n\n\n\n<p>Lo ir\u00f3nico es que Roc\u00edo Nahle lleg\u00f3 con reflectores, con fama nacional, con narrativa de eficiencia t\u00e9cnica. Justamente por eso el golpe duele m\u00e1s. Porque la expectativa era alta y el resultado, bajo. Muy bajo. Nivel s\u00f3tano con humedad.<\/p>\n\n\n\n<p>Y en pol\u00edtica hay una regla no escrita: la gente puede perdonar errores, pero no la sensaci\u00f3n de que nada mejora. Cuando la aprobaci\u00f3n cae tan r\u00e1pido, no es por un esc\u00e1ndalo aislado, sino por una acumulaci\u00f3n silenciosa de molestias cotidianas.<\/p>\n\n\n\n<p>Veracruz hoy no est\u00e1 perdido, pero s\u00ed desorientado. Y si el gobierno sigue creyendo que el problema es la encuesta y no lo que la genera, el pr\u00f3ximo ranking no ser\u00e1 sorpresa. Ser\u00e1 confirmaci\u00f3n.<\/p>\n\n\n\n<p>Ya casi es Viernes. Y los n\u00fameros no se infartan.<\/p>\n","protected":false},"excerpt":{"rendered":"<p>Salvador Mu\u00f1oz Los Pol\u00edticos Siempre he afirmado que cuando se toca fondo, s\u00f3lo queda un camino: todo para arriba. El problema de Veracruz es que toca fondo\u2026 y sigue excavando. El Ranking Mitofsky de noviembre coloca a Roc\u00edo Nahle en el lugar 31 de 32 gobernadores del pa\u00eds. No es una opini\u00f3n malintencionada. Es estad\u00edstica. [&hellip;]<\/p>\n","protected":false},"author":2,"featured_media":141805,"comment_status":"closed","ping_status":"closed","sticky":false,"template":"","format":"standard","meta":{"_jetpack_newsletter_access":"","_jetpack_dont_email_post_to_subs":false,"_jetpack_newsletter_tier_id":0,"_jetpack_memberships_contains_paywalled_content":false,"_jetpack_memberships_contains_paid_content":false,"footnotes":""},"categories":[70],"tags":[1563,1026,3578,2646],"class_list":["post-158700","post","type-post","status-publish","format-standard","has-post-thumbnail","hentry","category-de-opinion","tag-cuitlahuac-garcia-jimenez","tag-morena","tag-rocio-nahle","tag-salvador-munoz"],"jetpack_featured_media_url":"https:\/\/lospoliticosveracruz.com.mx\/wp-content\/uploads\/2025\/04\/Chava-Munoz-1.jpg","jetpack_sharing_enabled":true,"jetpack_shortlink":"https:\/\/wp.me\/p4Qcd3-FhG","_links":{"self":[{"href":"https:\/\/lospoliticosveracruz.com.mx\/index.php?rest_route=\/wp\/v2\/posts\/158700","targetHints":{"allow":["GET"]}}],"collection":[{"href":"https:\/\/lospoliticosveracruz.com.mx\/index.php?rest_route=\/wp\/v2\/posts"}],"about":[{"href":"https:\/\/lospoliticosveracruz.com.mx\/index.php?rest_route=\/wp\/v2\/types\/post"}],"author":[{"embeddable":true,"href":"https:\/\/lospoliticosveracruz.com.mx\/index.php?rest_route=\/wp\/v2\/users\/2"}],"replies":[{"embeddable":true,"href":"https:\/\/lospoliticosveracruz.com.mx\/index.php?rest_route=%2Fwp%2Fv2%2Fcomments&post=158700"}],"version-history":[{"count":1,"href":"https:\/\/lospoliticosveracruz.com.mx\/index.php?rest_route=\/wp\/v2\/posts\/158700\/revisions"}],"predecessor-version":[{"id":158701,"href":"https:\/\/lospoliticosveracruz.com.mx\/index.php?rest_route=\/wp\/v2\/posts\/158700\/revisions\/158701"}],"wp:featuredmedia":[{"embeddable":true,"href":"https:\/\/lospoliticosveracruz.com.mx\/index.php?rest_route=\/wp\/v2\/media\/141805"}],"wp:attachment":[{"href":"https:\/\/lospoliticosveracruz.com.mx\/index.php?rest_route=%2Fwp%2Fv2%2Fmedia&parent=158700"}],"wp:term":[{"taxonomy":"category","embeddable":true,"href":"https:\/\/lospoliticosveracruz.com.mx\/index.php?rest_route=%2Fwp%2Fv2%2Fcategories&post=158700"},{"taxonomy":"post_tag","embeddable":true,"href":"https:\/\/lospoliticosveracruz.com.mx\/index.php?rest_route=%2Fwp%2Fv2%2Ftags&post=158700"}],"curies":[{"name":"wp","href":"https:\/\/api.w.org\/{rel}","templated":true}]}}