{"id":158805,"date":"2025-12-19T10:02:49","date_gmt":"2025-12-19T16:02:49","guid":{"rendered":"https:\/\/lospoliticosveracruz.com.mx\/?p=158805"},"modified":"2025-12-19T10:04:19","modified_gmt":"2025-12-19T16:04:19","slug":"vicente-espino-jara-cronista-emerito","status":"publish","type":"post","link":"https:\/\/lospoliticosveracruz.com.mx\/?p=158805","title":{"rendered":"VICENTE ESPINO JARA, CRONISTA EM\u00c9RITO"},"content":{"rendered":"\n<p>S\u00edguenos ahora tambi\u00e9n en WhatsApp.\u00a0\u00a1<a href=\"https:\/\/whatsapp.com\/channel\/0029Va8zRWlEKyZIP3Z1dF0e\"><strong>Da clic aqu\u00ed<\/strong><\/a><strong>!<\/strong><\/p>\n\n\n\n<p><strong>Sergio Gonz\u00e1lez Levet<\/strong><\/p>\n\n\n\n<p><em>Sin tacto<br><\/em><\/p>\n\n\n\n<p>Mucho le debe la historia de Veracruz al maestro Vicente Espino Jara, un acucioso investigador de nuestros or\u00edgenes que ha dedicado su vida a espulgar conocimientos y a preservar testimonios f\u00edsicos, en una labor que le reconocen propios y extra\u00f1os y de la que han abrevado muchos estudiosos de los gajos de nuestra epopeya como pueblo.<\/p>\n\n\n\n<figure class=\"wp-block-image size-full\"><a href=\" https:\/\/legisver.gob.mx\/Inicio.php?p=sliderInfoNP&amp;i=8785682\"><img loading=\"lazy\" decoding=\"async\" width=\"728\" height=\"90\" src=\"https:\/\/lospoliticosveracruz.com.mx\/wp-content\/uploads\/2025\/10\/Legis-Cintillo.png\" alt=\"\" class=\"wp-image-155724\" srcset=\"https:\/\/lospoliticosveracruz.com.mx\/wp-content\/uploads\/2025\/10\/Legis-Cintillo.png 728w, https:\/\/lospoliticosveracruz.com.mx\/wp-content\/uploads\/2025\/10\/Legis-Cintillo-300x37.png 300w\" sizes=\"auto, (max-width: 728px) 100vw, 728px\" \/><\/a><\/figure>\n\n\n\n<pre class=\"wp-block-code\"><code> Familiar por la v\u00eda directa de un personaje hist\u00f3rico por s\u00ed mismo, el general Heriberto Jara Corona, don Vicente salt\u00f3 de su vocaci\u00f3n de maestro a ser un inconmensurable curador de nuestro pasado.\n\n En el Colegio Preparatorio de Xalapa, la conocida Prepa Ju\u00e1rez, instituci\u00f3n en la que dej\u00f3 su impronta como formador de generaciones y como un director impar, nuestro protagonista enderez\u00f3 su esfuerzo y su conocimiento en rescatar y preservar una de las joyas de nuestro acervo bibliogr\u00e1fico, la valiosa biblioteca que de no ser por su inter\u00e9s y por sus acciones se hubiera perdido entre las telara\u00f1as de la abulia.\n\n Recorrer las joyas librescas de la Biblioteca rescatada del Colegio Preparatorio con la gu\u00eda experta y el entusiasmo del maestro Espino Jara, es una experiencia inolvidable para quienes hemos tenido esa oportunidad maravillosa.\n\n Pero el inter\u00e9s hist\u00f3rico de Vicente Espino Jara no se qued\u00f3 solamente en esa acci\u00f3n, laudable de por s\u00ed, sino que extendi\u00f3 su inquieto inter\u00e9s acad\u00e9mico hacia las m\u00e1s vastas \u00e1reas de la historia regional. Y como tal ha hecho carrera y ha obtenido reconocimiento nacional como miembro distinguido de la academia mexicana de historia y de varias respetadas asociaciones de investigaci\u00f3n y resguardo de nuestras joyas perennes.\n\n Adem\u00e1s, hay que decir que el maestro Vicente Espino Jara fue un dedicado y productivo cronista de la ciudad de Xalapa, y que durante su periplo en ese puesto consigui\u00f3 prestigio y respeto.\n\n Enumerar lo hecho por \u00e9l como fedatario de la historia municipal llevar\u00eda un espacio que no tenemos, pero sus conquistas y sus descubrimientos lo colocan en un sitial \u00fanico.\n\n Llega una nueva administraci\u00f3n al Ayuntamiento y me consta que las entrantes autoridades de la capital guardan una gran consideraci\u00f3n por el trabajo del maestro. No han sido pocos los que han propuesto que sea nombrado nuevamente al frente de la cr\u00f3nica, pero Espino Jara prefiere seguir con sus valiosos estudios hist\u00f3ricos a t\u00edtulo personal, que tantos resultados dan para la preservaci\u00f3n y la revaloraci\u00f3n de nuestras gestas.\n\n Queda a la administraci\u00f3n entrante de la licenciada Daniela Griego la alternativa de designar a don Vicente como Cronista Em\u00e9rito de Xalapa, en un nombramiento que enaltecer\u00eda la labor de un distinguido y sacrificado hombre de estudios, y honrar\u00eda asimismo al flamante Gobierno de la ciudad.\n\n Ah\u00ed est\u00e1 la idea, esbozada e impulsada y que ser\u00e1 aplaudida por muchos xalape\u00f1os que le saben a la historia.<\/code><\/pre>\n\n\n\n<p>sglevet@gmail.com<\/p>\n","protected":false},"excerpt":{"rendered":"<p>Sergio Gonz\u00e1lez Levet Sin tacto Mucho le debe la historia de Veracruz al maestro Vicente Espino Jara, un acucioso investigador de nuestros or\u00edgenes que ha dedicado su vida a espulgar conocimientos y a preservar testimonios f\u00edsicos, en una labor que le reconocen propios y extra\u00f1os y de la que han abrevado muchos estudiosos de los [&hellip;]<\/p>\n","protected":false},"author":2,"featured_media":141432,"comment_status":"closed","ping_status":"closed","sticky":false,"template":"","format":"standard","meta":{"_jetpack_newsletter_access":"","_jetpack_dont_email_post_to_subs":false,"_jetpack_newsletter_tier_id":0,"_jetpack_memberships_contains_paywalled_content":false,"_jetpack_memberships_contains_paid_content":false,"footnotes":""},"categories":[70],"tags":[],"class_list":["post-158805","post","type-post","status-publish","format-standard","has-post-thumbnail","hentry","category-de-opinion"],"jetpack_featured_media_url":"https:\/\/lospoliticosveracruz.com.mx\/wp-content\/uploads\/2025\/04\/Levet.jpg","jetpack_sharing_enabled":true,"jetpack_shortlink":"https:\/\/wp.me\/p4Qcd3-Fjn","_links":{"self":[{"href":"https:\/\/lospoliticosveracruz.com.mx\/index.php?rest_route=\/wp\/v2\/posts\/158805","targetHints":{"allow":["GET"]}}],"collection":[{"href":"https:\/\/lospoliticosveracruz.com.mx\/index.php?rest_route=\/wp\/v2\/posts"}],"about":[{"href":"https:\/\/lospoliticosveracruz.com.mx\/index.php?rest_route=\/wp\/v2\/types\/post"}],"author":[{"embeddable":true,"href":"https:\/\/lospoliticosveracruz.com.mx\/index.php?rest_route=\/wp\/v2\/users\/2"}],"replies":[{"embeddable":true,"href":"https:\/\/lospoliticosveracruz.com.mx\/index.php?rest_route=%2Fwp%2Fv2%2Fcomments&post=158805"}],"version-history":[{"count":1,"href":"https:\/\/lospoliticosveracruz.com.mx\/index.php?rest_route=\/wp\/v2\/posts\/158805\/revisions"}],"predecessor-version":[{"id":158806,"href":"https:\/\/lospoliticosveracruz.com.mx\/index.php?rest_route=\/wp\/v2\/posts\/158805\/revisions\/158806"}],"wp:featuredmedia":[{"embeddable":true,"href":"https:\/\/lospoliticosveracruz.com.mx\/index.php?rest_route=\/wp\/v2\/media\/141432"}],"wp:attachment":[{"href":"https:\/\/lospoliticosveracruz.com.mx\/index.php?rest_route=%2Fwp%2Fv2%2Fmedia&parent=158805"}],"wp:term":[{"taxonomy":"category","embeddable":true,"href":"https:\/\/lospoliticosveracruz.com.mx\/index.php?rest_route=%2Fwp%2Fv2%2Fcategories&post=158805"},{"taxonomy":"post_tag","embeddable":true,"href":"https:\/\/lospoliticosveracruz.com.mx\/index.php?rest_route=%2Fwp%2Fv2%2Ftags&post=158805"}],"curies":[{"name":"wp","href":"https:\/\/api.w.org\/{rel}","templated":true}]}}