{"id":16013,"date":"2015-05-03T21:16:03","date_gmt":"2015-05-04T02:16:03","guid":{"rendered":"http:\/\/www.lospoliticosveracruz.com.mx\/?p=16013"},"modified":"2015-05-03T21:16:03","modified_gmt":"2015-05-04T02:16:03","slug":"economia-solo-el-turismo-crece","status":"publish","type":"post","link":"https:\/\/lospoliticosveracruz.com.mx\/?p=16013","title":{"rendered":"Econom\u00eda, s\u00f3lo el turismo crece"},"content":{"rendered":"<p><a href=\"http:\/\/www.lospoliticosveracruz.com.mx\/wp-content\/uploads\/2015\/02\/turismo.jpg\"><img loading=\"lazy\" decoding=\"async\" class=\"alignnone size-medium wp-image-14935\" src=\"http:\/\/www.lospoliticosveracruz.com.mx\/wp-content\/uploads\/2015\/02\/turismo-300x149.jpg\" alt=\"turismo\" width=\"300\" height=\"149\" \/><\/a><\/p>\n<p><strong>Luis Alberto Romero<\/strong><\/p>\n<p><em>Hora Cero<\/em><\/p>\n<p>El pasado 30 de abril, el Instituto Nacional de Estad\u00edstica, Geograf\u00eda e Inform\u00e1tica, Inegi, dio a conocer los resultados del indicador trimestral de la actividad econ\u00f3mica de las entidades del pa\u00eds, ejercicio correspondiente al \u00faltimo trimestre de 2014.<\/p>\n<p>Se trata de una herramienta que sirve para calcular la tendencia del Producto Interno Bruto en los estados y el \u00e1mbito nacional.<\/p>\n<p>En la informaci\u00f3n de Inegi destaca un importante avance de Aguascalientes (con esa tendencia en el \u00faltimo a\u00f1o), Quer\u00e9taro y Nayarit, cuyas econom\u00edas crecieron 14.2, 14.3 y 11.4 por ciento, respectivamente.<\/p>\n<p>Los estados que contribuyen en mayor medida al crecimiento total real de la actividad econ\u00f3mica del pa\u00eds son Nuevo Le\u00f3n, Guanajuato, Quer\u00e9taro, Jalisco y Distrito Federal.<\/p>\n<p>Veracruz aparece con malos resultados en las actividades primarias y secundarias de la econom\u00eda. Aunque creci\u00f3 2.1 por ciento, debajo de la media nacional que es de 2.6, la contribuci\u00f3n de la entidad al crecimiento total real de las entidades es de 0.10.<\/p>\n<p>Las actividades primarias, agricultura, ganader\u00eda, aprovechamiento forestal y pesca, registraron en Veracruz una reducci\u00f3n de 6.4 por ciento con relaci\u00f3n al trimestre anterior, el tercero de 2014. Por si fuera poco, en ese sector, la entidad fue la segunda peor, s\u00f3lo detr\u00e1s de Sinaloa, en cuanto a la contribuci\u00f3n al crecimiento.<\/p>\n<p>Igual ocurre con las actividades secundarias, miner\u00eda, construcci\u00f3n e industrias manufactureras, que en el \u00e1mbito nacional registraron un avance importante debido a la contribuci\u00f3n de estados como Aguascalientes, Nayarit, Quer\u00e9taro y Zacatecas, que avanzaron entre 18 y 25 por ciento. En ese sector, Veracruz present\u00f3 un retroceso de 2 por ciento con relaci\u00f3n al a\u00f1o anterior. Por otro lado, esta fue la s\u00e9ptima econom\u00eda que menos aport\u00f3 al crecimiento nacional en las actividades secundarias.<\/p>\n<p>S\u00f3lo el sector terciario de la econom\u00eda veracruzana (turismo y servicios) creci\u00f3 durante el cuarto trimestre de 2014, reporta Inegi. La entidad repunt\u00f3 en 5.7 por ciento con relaci\u00f3n al a\u00f1o anterior, y se consolid\u00f3 como la cuarta en cuanto a su contribuci\u00f3n al crecimiento total nacional, con un 0.25 por ciento.<\/p>\n<p>En las actividades terciarias, Nayarit, Quer\u00e9taro, Colima y Veracruz fueron las que mejor resultados lograron al cierre de 2014. Ese crecimiento en turismo y servicios bast\u00f3 para mejorar las cifras de la econom\u00eda veracruzana, que al menos al cierre del a\u00f1o anterior no registr\u00f3 n\u00fameros rojos.<\/p>\n<p><strong>Juicios orales<\/strong><\/p>\n<p>No \u00fanicamente a los abogados y trabajadores del Poder Judicial y de la Fiscal\u00eda de Veracruz preocupa la desinformaci\u00f3n con relaci\u00f3n al tema del nuevo Sistema Penal Acusatorio y juicios orales.<\/p>\n<p>Es un asunto importante porque se trata de nuevas disposiciones que irremediablemente entrar\u00e1n en vigor en toda la entidad durante 2016. De hecho, en m\u00e1s de la mitad de los distritos judiciales est\u00e1n vigentes. Debido a ello, el Instituto Jur\u00eddico Especializado \u201cDr. Guerrero\u201d organiza un curso te\u00f3rico pr\u00e1ctico sobre la etapa intermedia del Sistema Penal Acusatorio, tomando como base el C\u00f3digo Nacional de Procedimientos Penales<\/p>\n<p>El curso se desarrollar\u00e1 todos los s\u00e1bados de mayo en las instalaciones de la filial Veracruz de dicho instituto, ubicadas en la calle Sarabia n\u00famero 19 de la colonia Jos\u00e9 Cardel de Xalapa. De inter\u00e9s, sobre todo para abogados lititantes y personas interesadas en el derecho. @luisromero85<\/p>\n","protected":false},"excerpt":{"rendered":"<p>Luis Alberto Romero Hora Cero El pasado 30 de abril, el Instituto Nacional de Estad\u00edstica, Geograf\u00eda e Inform\u00e1tica, Inegi, dio a conocer los resultados del indicador trimestral de la actividad econ\u00f3mica de las entidades del pa\u00eds, ejercicio correspondiente al \u00faltimo trimestre de 2014. Se trata de una herramienta que sirve para calcular la tendencia del [&hellip;]<\/p>\n","protected":false},"author":2,"featured_media":0,"comment_status":"open","ping_status":"open","sticky":false,"template":"","format":"standard","meta":{"_jetpack_newsletter_access":"","_jetpack_dont_email_post_to_subs":false,"_jetpack_newsletter_tier_id":0,"_jetpack_memberships_contains_paywalled_content":false,"_jetpack_memberships_contains_paid_content":false,"footnotes":""},"categories":[70],"tags":[178,624,198],"class_list":["post-16013","post","type-post","status-publish","format-standard","hentry","category-de-opinion","tag-inegi","tag-producto-interno-bruto","tag-turismo"],"jetpack_featured_media_url":"","jetpack_sharing_enabled":true,"jetpack_shortlink":"https:\/\/wp.me\/p4Qcd3-4ah","_links":{"self":[{"href":"https:\/\/lospoliticosveracruz.com.mx\/index.php?rest_route=\/wp\/v2\/posts\/16013","targetHints":{"allow":["GET"]}}],"collection":[{"href":"https:\/\/lospoliticosveracruz.com.mx\/index.php?rest_route=\/wp\/v2\/posts"}],"about":[{"href":"https:\/\/lospoliticosveracruz.com.mx\/index.php?rest_route=\/wp\/v2\/types\/post"}],"author":[{"embeddable":true,"href":"https:\/\/lospoliticosveracruz.com.mx\/index.php?rest_route=\/wp\/v2\/users\/2"}],"replies":[{"embeddable":true,"href":"https:\/\/lospoliticosveracruz.com.mx\/index.php?rest_route=%2Fwp%2Fv2%2Fcomments&post=16013"}],"version-history":[{"count":1,"href":"https:\/\/lospoliticosveracruz.com.mx\/index.php?rest_route=\/wp\/v2\/posts\/16013\/revisions"}],"predecessor-version":[{"id":16014,"href":"https:\/\/lospoliticosveracruz.com.mx\/index.php?rest_route=\/wp\/v2\/posts\/16013\/revisions\/16014"}],"wp:attachment":[{"href":"https:\/\/lospoliticosveracruz.com.mx\/index.php?rest_route=%2Fwp%2Fv2%2Fmedia&parent=16013"}],"wp:term":[{"taxonomy":"category","embeddable":true,"href":"https:\/\/lospoliticosveracruz.com.mx\/index.php?rest_route=%2Fwp%2Fv2%2Fcategories&post=16013"},{"taxonomy":"post_tag","embeddable":true,"href":"https:\/\/lospoliticosveracruz.com.mx\/index.php?rest_route=%2Fwp%2Fv2%2Ftags&post=16013"}],"curies":[{"name":"wp","href":"https:\/\/api.w.org\/{rel}","templated":true}]}}