{"id":16148,"date":"2015-05-14T08:46:33","date_gmt":"2015-05-14T13:46:33","guid":{"rendered":"http:\/\/www.lospoliticosveracruz.com.mx\/?p=16148"},"modified":"2015-05-14T08:46:33","modified_gmt":"2015-05-14T13:46:33","slug":"enganar-por-siempre","status":"publish","type":"post","link":"https:\/\/lospoliticosveracruz.com.mx\/?p=16148","title":{"rendered":"\u00bfEnga\u00f1ar por siempre?"},"content":{"rendered":"<p><a href=\"http:\/\/www.lospoliticosveracruz.com.mx\/wp-content\/uploads\/2015\/05\/violencia.jpg\"><img loading=\"lazy\" decoding=\"async\" class=\"alignnone size-medium wp-image-16149\" src=\"http:\/\/www.lospoliticosveracruz.com.mx\/wp-content\/uploads\/2015\/05\/violencia-300x268.jpg\" alt=\"violencia\" width=\"300\" height=\"268\" \/><\/a><\/p>\n<p><strong>Jorge Arturo Rodr\u00edguez<\/strong><\/p>\n<p><em>Tierra de Babel<\/em><\/p>\n<p>Creo que ya conocen la letra de la canci\u00f3n de Paquita La del Barrio, que dice \u201ctres veces te enga\u00f1\u00e9, tres veces te enga\u00f1\u00e9\u2026\u201d Bueno, quiz\u00e1s no sean tan graves \u2013toda proporci\u00f3n guardada- como las mentiras y los enga\u00f1os repetidos constantemente por pol\u00edticos y autoridades. Para no referirnos a las campa\u00f1as de los candidatos a diputaci\u00f3n federal que por cierto ya est\u00e1n por terminar. \u00a1Gracias a Dios! Pero no tiene la culpa el indio\u2026<br \/>\nEn el articulo \u201cViolencia: no se puede enga\u00f1ar por siempre\u201d, publicado en julio de 2014, en www.sinembargo.mx, se asienta que \u201cEn M\u00e9xico hay tres realidades sobre la violencia y la inseguridad: Una es la que las autoridades federales, con base en un solo discurso, tratan de difundir con declaraciones en los medios de comunicaci\u00f3n, particularmente en aquellos que les son m\u00e1s afines. Otra es la que ofrecen las cifras puras y duras de esta tragedia social y humanitaria que no parece tener fin y que, puntualmente, realizan instituciones oficiales pero tambi\u00e9n Organizaciones No Gubernamentales (ONGs) y, aunque cada vez menos, los propios medios de comunicaci\u00f3n. Una m\u00e1s es la que los mexicanos de la calle, los que padecen en carne propia los estragos del crimen y de la impunidad que provocan las propias autoridades encargadas de impartir justicia, denuncian todos los d\u00edas y a todas horas. De las tres, por supuesto, la menos cre\u00edble es la del gobierno federal, y no porque de tajo se desestimen los esfuerzos que ha hecho como apafuegos en diversos estados donde los gobiernos locales han sido una nulidad \u2013Michoac\u00e1n y Tamaulipas entre ellos\u2013, sino porque su optimismo de los primeros 19 meses del sexenio no corresponde con el aumento de denuncias de los delitos de homicidio, secuestro, extorsi\u00f3n, violaciones, asaltos, robos a casas-habitaci\u00f3n, oficinas, autos, etc\u00e9tera\u201d.<br \/>\nEsto fue el a\u00f1o pasado, imag\u00ednense ustedes al d\u00eda de hoy. \u00bfO cree que ha mejorado el asunto? El 3 de mayo pasado se celebr\u00f3 el D\u00eda Internacional de la Libertad de Prensa, y nom\u00e1s f\u00edjense: en lo que va del sexenio de Enrique Pe\u00f1a Nieto, suman 10 asesinatos de periodistas, y cada 26.7 horas se agrede a uno de ellos. (Reforma\/03-05-15). Ah\u00ed nomas.<\/p>\n<p><strong>Los d\u00edas y los temas<\/strong><\/p>\n<p>Por cierto, el a\u00f1o pasado la diputada M\u00f3nica Robles Barajas declar\u00f3 que \u201cmientras la situaci\u00f3n econ\u00f3mica del pa\u00eds y de Veracruz no mejore, dif\u00edcilmente se resolver\u00e1n todos los problemas de inseguridad\u201d. (www.alcalorpol\u00edtico.com, 08-07-14) Ojal\u00e1 cambien las cosas, para bien de todos.<\/p>\n<p><strong>De cinismo y anexas<\/strong><\/p>\n<p>Regateo en un mercado espiritual: \u201c\u00bfPor qu\u00e9 no hay un Dios bueno, bonito y barato?\u201d<br \/>\nPor lo pronto ah\u00ed se ven.<\/p>\n","protected":false},"excerpt":{"rendered":"<p>Jorge Arturo Rodr\u00edguez Tierra de Babel Creo que ya conocen la letra de la canci\u00f3n de Paquita La del Barrio, que dice \u201ctres veces te enga\u00f1\u00e9, tres veces te enga\u00f1\u00e9\u2026\u201d Bueno, quiz\u00e1s no sean tan graves \u2013toda proporci\u00f3n guardada- como las mentiras y los enga\u00f1os repetidos constantemente por pol\u00edticos y autoridades. Para no referirnos a [&hellip;]<\/p>\n","protected":false},"author":2,"featured_media":0,"comment_status":"open","ping_status":"open","sticky":false,"template":"","format":"standard","meta":{"_jetpack_newsletter_access":"","_jetpack_dont_email_post_to_subs":false,"_jetpack_newsletter_tier_id":0,"_jetpack_memberships_contains_paywalled_content":false,"_jetpack_memberships_contains_paid_content":false,"footnotes":""},"categories":[70],"tags":[2677],"class_list":["post-16148","post","type-post","status-publish","format-standard","hentry","category-de-opinion","tag-jorge-arturo-rodriguez"],"jetpack_featured_media_url":"","jetpack_sharing_enabled":true,"jetpack_shortlink":"https:\/\/wp.me\/p4Qcd3-4cs","_links":{"self":[{"href":"https:\/\/lospoliticosveracruz.com.mx\/index.php?rest_route=\/wp\/v2\/posts\/16148","targetHints":{"allow":["GET"]}}],"collection":[{"href":"https:\/\/lospoliticosveracruz.com.mx\/index.php?rest_route=\/wp\/v2\/posts"}],"about":[{"href":"https:\/\/lospoliticosveracruz.com.mx\/index.php?rest_route=\/wp\/v2\/types\/post"}],"author":[{"embeddable":true,"href":"https:\/\/lospoliticosveracruz.com.mx\/index.php?rest_route=\/wp\/v2\/users\/2"}],"replies":[{"embeddable":true,"href":"https:\/\/lospoliticosveracruz.com.mx\/index.php?rest_route=%2Fwp%2Fv2%2Fcomments&post=16148"}],"version-history":[{"count":1,"href":"https:\/\/lospoliticosveracruz.com.mx\/index.php?rest_route=\/wp\/v2\/posts\/16148\/revisions"}],"predecessor-version":[{"id":16150,"href":"https:\/\/lospoliticosveracruz.com.mx\/index.php?rest_route=\/wp\/v2\/posts\/16148\/revisions\/16150"}],"wp:attachment":[{"href":"https:\/\/lospoliticosveracruz.com.mx\/index.php?rest_route=%2Fwp%2Fv2%2Fmedia&parent=16148"}],"wp:term":[{"taxonomy":"category","embeddable":true,"href":"https:\/\/lospoliticosveracruz.com.mx\/index.php?rest_route=%2Fwp%2Fv2%2Fcategories&post=16148"},{"taxonomy":"post_tag","embeddable":true,"href":"https:\/\/lospoliticosveracruz.com.mx\/index.php?rest_route=%2Fwp%2Fv2%2Ftags&post=16148"}],"curies":[{"name":"wp","href":"https:\/\/api.w.org\/{rel}","templated":true}]}}