{"id":16249,"date":"2015-05-21T08:43:10","date_gmt":"2015-05-21T13:43:10","guid":{"rendered":"http:\/\/www.lospoliticosveracruz.com.mx\/?p=16249"},"modified":"2015-05-21T08:43:10","modified_gmt":"2015-05-21T13:43:10","slug":"etica-politica","status":"publish","type":"post","link":"https:\/\/lospoliticosveracruz.com.mx\/?p=16249","title":{"rendered":"\u00c9tica pol\u00edtica"},"content":{"rendered":"<p><a href=\"http:\/\/www.lospoliticosveracruz.com.mx\/wp-content\/uploads\/2015\/05\/Yo-soy-Ad\u00e1n.jpg\"><img loading=\"lazy\" decoding=\"async\" class=\"alignnone size-medium wp-image-16250\" src=\"http:\/\/www.lospoliticosveracruz.com.mx\/wp-content\/uploads\/2015\/05\/Yo-soy-Ad\u00e1n-212x300.jpg\" alt=\"Yo soy Ad\u00e1n\" width=\"212\" height=\"300\" \/><\/a><br \/>\n<strong>Jorge Arturo Rodr\u00edguez<\/strong><\/p>\n<p><em>Tierra de Babel<\/em><\/p>\n<p>Podr\u00eda empezar diciendo: \u201cYo confieso que he pecado mucho de pensamiento, palabra, obra y omisi\u00f3n\u201d, pero mejor les confieso que el autor, de al menos esta colaboraci\u00f3n, no es un clon y mucho menos un doble. Quiz\u00e1s, s\u00ed, m\u00e1s cercano al extra\u00f1o caso del Dr. Jekyll y Mr. Hyde. Por m\u00ed que me investiguen. Ya luego volveremos al papel de los dobles, que se da casi en todas partes.<br \/>\nPor lo pronto, les comento que Joseph Fouch\u00e9 (el genio tenebroso, seg\u00fan Stefan Zweig), afirm\u00f3 que todo hombre tiene su precio, lo que hace falta es saber cu\u00e1l es. Asunto que me obliga a pensar en la dichosa (para algunos) corrupci\u00f3n de nuestros d\u00edas.<br \/>\nYa lo dijo el presidente del PEN Club Internacional, John Ralston Saul, que si \u201csi no se avanza contra la corrupci\u00f3n, nada cambiar\u00e1. Si no se realiza una clara demostraci\u00f3n p\u00fablica de que se va a atacar la corrupci\u00f3n, la nefasta trinidad de corrupci\u00f3n, violencia e impunidad no desaparecer\u00e1\u201d. Ello supone \u201cpresentar cargos contra altos funcionarios, y no s\u00f3lo contra uno, sino contra una masa cr\u00edtica, ya sean polic\u00edas, militares, bur\u00f3cratas o pol\u00edticos. Y encarcelarlos. Una vez que la gente empiece a darse cuenta que por ser corruptos van a acabar en la c\u00e1rcel, la atm\u00f3sfera empieza a cambiar\u201d. Ah\u00ed nada, pescadito. Y eso los mexicanos lo sabemos muy bien, pero, carajos, por d\u00f3nde iniciar: de arriba abajo o de abajo arriba, \u201cquiero morir en tu piel, quiero beberme tu vida, quiero llenarte de amor,\u00a0de arriba abajo, de abajo arriba\u2026\u201d Ah, perd\u00f3n, eso es una canci\u00f3n.<br \/>\nY la corrupci\u00f3n es de todos los d\u00edas y en todas partes. Recuerdo que el hijo de un famoso pol\u00edtico le pregunta a su padre el significado de la expresi\u00f3n \u00ab\u00e9tica pol\u00edtica\u00bb. El padre lo escucha y le dice: \u201cBueno, para que sea m\u00e1s simple de entender, te lo voy a explicar con un ejemplo. Imag\u00ednate que est\u00e1s en el Congreso y viene un representante de una multinacional y te ofrece 100.000 d\u00f3lares por un contrato de \u00abprivatizaci\u00f3n\u00bb. Ah\u00ed surge la \u201c\u00e9tica pol\u00edtica\u201d&#8230; El gran dilema&#8230; el desaf\u00edo a tu dignidad y que tendr\u00e1s que resolver en lo m\u00e1s profundo de tu alma: Agarras la plata y te callas la boca o averiguas antes cu\u00e1nto le ofreci\u00f3 a los otros\u201d.\u00a0As\u00ed de f\u00e1cil, \u00bfno?<\/p>\n<p><strong>Los d\u00edas y los temas<\/strong><\/p>\n<p>Este jueves 21 de mayo \u2013vuelta la mula al trigo-, les invito a la presentaci\u00f3n de mi libro Nada, yo soy Ad\u00e1n. Colmos e Iron\u00edas, a las 18:00 horas, en auditorio Sebasti\u00e1n Lerdo de Tejada del Palacio Legislativo.<br \/>\nPor cierto, mi oraci\u00f3n de vida por mi estimado Neftal\u00ed Urbina D\u00edaz. Dios lo bendiga a \u00e9l y su familia en estos momentos de trance de salud. Un abrazo. Y le agradezco el comentario en su columna \u201cComo veo\u2026doy\u201d, el cual espero lean y del cual les comparto algunas l\u00edneas: \u201cArturo Rodr\u00edguez presentar\u00e1 su libro \u201cNada, yo soy Ad\u00e1n\u201d colmos e iron\u00edas, donde demuestra que no s\u00f3lo es un periodista bien informado, sino un consumado autor de prosa literaria en la que, al igual que en su columna, desborda iron\u00eda, risas, llantos, logrando llevar al lector, de la mano, a trav\u00e9s de las diversas historias que contiene su primera publicaci\u00f3n editada por \u201cEdiciones de mi bolsillo\u201d.<br \/>\nPor lo pronto ah\u00ed se ven.<\/p>\n","protected":false},"excerpt":{"rendered":"<p>Jorge Arturo Rodr\u00edguez Tierra de Babel Podr\u00eda empezar diciendo: \u201cYo confieso que he pecado mucho de pensamiento, palabra, obra y omisi\u00f3n\u201d, pero mejor les confieso que el autor, de al menos esta colaboraci\u00f3n, no es un clon y mucho menos un doble. Quiz\u00e1s, s\u00ed, m\u00e1s cercano al extra\u00f1o caso del Dr. Jekyll y Mr. Hyde. [&hellip;]<\/p>\n","protected":false},"author":2,"featured_media":0,"comment_status":"open","ping_status":"open","sticky":false,"template":"","format":"standard","meta":{"_jetpack_newsletter_access":"","_jetpack_dont_email_post_to_subs":false,"_jetpack_newsletter_tier_id":0,"_jetpack_memberships_contains_paywalled_content":false,"_jetpack_memberships_contains_paid_content":false,"footnotes":""},"categories":[70],"tags":[2721,2677,2720,2722,2724],"class_list":["post-16249","post","type-post","status-publish","format-standard","hentry","category-de-opinion","tag-etica-politica","tag-jorge-arturo-rodriguez","tag-joseph-fouche","tag-nada","tag-neftali-urbina-diaz"],"jetpack_featured_media_url":"","jetpack_sharing_enabled":true,"jetpack_shortlink":"https:\/\/wp.me\/p4Qcd3-4e5","_links":{"self":[{"href":"https:\/\/lospoliticosveracruz.com.mx\/index.php?rest_route=\/wp\/v2\/posts\/16249","targetHints":{"allow":["GET"]}}],"collection":[{"href":"https:\/\/lospoliticosveracruz.com.mx\/index.php?rest_route=\/wp\/v2\/posts"}],"about":[{"href":"https:\/\/lospoliticosveracruz.com.mx\/index.php?rest_route=\/wp\/v2\/types\/post"}],"author":[{"embeddable":true,"href":"https:\/\/lospoliticosveracruz.com.mx\/index.php?rest_route=\/wp\/v2\/users\/2"}],"replies":[{"embeddable":true,"href":"https:\/\/lospoliticosveracruz.com.mx\/index.php?rest_route=%2Fwp%2Fv2%2Fcomments&post=16249"}],"version-history":[{"count":1,"href":"https:\/\/lospoliticosveracruz.com.mx\/index.php?rest_route=\/wp\/v2\/posts\/16249\/revisions"}],"predecessor-version":[{"id":16251,"href":"https:\/\/lospoliticosveracruz.com.mx\/index.php?rest_route=\/wp\/v2\/posts\/16249\/revisions\/16251"}],"wp:attachment":[{"href":"https:\/\/lospoliticosveracruz.com.mx\/index.php?rest_route=%2Fwp%2Fv2%2Fmedia&parent=16249"}],"wp:term":[{"taxonomy":"category","embeddable":true,"href":"https:\/\/lospoliticosveracruz.com.mx\/index.php?rest_route=%2Fwp%2Fv2%2Fcategories&post=16249"},{"taxonomy":"post_tag","embeddable":true,"href":"https:\/\/lospoliticosveracruz.com.mx\/index.php?rest_route=%2Fwp%2Fv2%2Ftags&post=16249"}],"curies":[{"name":"wp","href":"https:\/\/api.w.org\/{rel}","templated":true}]}}