{"id":16646,"date":"2015-06-25T10:46:02","date_gmt":"2015-06-25T15:46:02","guid":{"rendered":"http:\/\/www.lospoliticosveracruz.com.mx\/?p=16646"},"modified":"2015-06-25T10:46:02","modified_gmt":"2015-06-25T15:46:02","slug":"hector-incansable","status":"publish","type":"post","link":"https:\/\/lospoliticosveracruz.com.mx\/?p=16646","title":{"rendered":"H\u00e9ctor, incansable"},"content":{"rendered":"<p><a href=\"http:\/\/www.lospoliticosveracruz.com.mx\/wp-content\/uploads\/2015\/04\/H\u00e9ctor-Yunes.jpg\"><img loading=\"lazy\" decoding=\"async\" class=\"alignnone size-medium wp-image-16007\" src=\"http:\/\/www.lospoliticosveracruz.com.mx\/wp-content\/uploads\/2015\/04\/H\u00e9ctor-Yunes-300x200.jpg\" alt=\"H\u00e9ctor Yunes\" width=\"300\" height=\"200\" \/><\/a><\/p>\n<p><strong>M\u00f3nica Camarena Crespo<\/strong><\/p>\n<p><em>Parque Ju\u00e1rez<\/em><br \/>\nH\u00e9ctor Yunes Landa, por el momento, todav\u00eda Senador del PRI, no ha cejado un solo segundo en su aspiraci\u00f3n por ser Gobernador de Veracruz. Inteligente y gran conversador, arranca una sonrisa cuando narra la an\u00e9cdota de c\u00f3mo un Gobernador en funciones le presumi\u00f3 que con 8 de calificaci\u00f3n hab\u00eda llegado a ese cargo y en ese entonces, el joven H\u00e9ctor le contesto \u201c la l\u00f3gica marca, que con el 10 que tengo de promedio, entonces yo ser\u00e9 Presidente de la Republica \u201c.<br \/>\nSin embargo, H\u00e9ctor no la ha tenido f\u00e1cil, astuto, tenaz, trabajador y con gran olfato pol\u00edtico, ha salido, se ha replegado en su momento; ataca cuando se requiere, negocia con arte, dialoga siempre a pesar de quienes lo quieran mostrar como intransigente y muy bronco.<br \/>\nNo esta dispuesto a dar un paso atr\u00e1s, esta convencido que este es su momento y no lo piensa desaprovechar; sus competidores no son cualquier cosa. Sus detractores se mueven entre la maleza m\u00e1s cochina y aunque le sonr\u00edan no le dan tregua.<br \/>\nPero H\u00e9ctor tambi\u00e9n ha hecho durante muchos a\u00f1os grandes alianzas, no solo con funcionarios de sexenio o pol\u00edticos locales, sino con lideres influyentes que lo han escuchado y no le pierden la pista.<br \/>\nLo mismo es amigo de Dante Delgado Rannauro el ex gobernador ahora en las filas de oposici\u00f3n, que de Manlio Fabio Beltrones otro ex gobernador pero de Sonora, que le tiene una gran estima, se dice que como de hermanos.<br \/>\nYunes Landa no se amedrenta de las derrotas, aprende de ellas y hasta saca provecho de las experiencias. Hay que reconocer que no ha parado un solo instante y no lo piensa hacer por decisi\u00f3n propia.<br \/>\nCuenta con una familia que lo respalda, que lo apoya y que le da ese gran animo para continuar a costa de todo.<br \/>\nH\u00e9ctor es uno de los dos Senadores veracruzanos del PRI, el otro, con su mismo apellido aun sin ser familia, es su competidor m\u00e1s cercano dentro de ese partido; sin embargo, hoy en d\u00eda el respaldo de un solo partido o una coalici\u00f3n no es sin\u00f3nimo de triunfo, ya se vio.<br \/>\nH\u00e9ctor sabe que hay que ir m\u00e1s all\u00e1 y por ello, ma\u00f1ana viernes esta confirmado que acudir\u00e1 junto con los integrantes de \u201c Alianza Generacional \u201c el grupo pol\u00edtico del que es fundador, a pedir formalmente el registro como asociaci\u00f3n pol\u00edtica en el estado.<br \/>\nCon ello, H\u00e9ctor Yunes esta asegurando una candidatura, que salvo contadas excepciones, todos sab\u00edan que era inminente, aunque no fuera por el PRI.<br \/>\nDe esta forma, el incansable H\u00e9ctor Yunes da un paso adelante para afianzar su m\u00e1s grande prop\u00f3sito como pol\u00edtico, ser candidato a Gobernador por el estado de Veracruz.<br \/>\n\u00c1gora<br \/>\nLlama la atenci\u00f3n que el grupo de la dirigencia estatal del PRD rojo, decida a m\u00e1s de 15 d\u00edas de las elecciones federales realizar manifestaciones en el centro de Xalapa y la toma de las instalaciones del INE en la capital del estado, en protesta por presunto fraude en distritos como Tantoyuca y Coatepec.<br \/>\nSe supone que si tienen pruebas de dichos fraudes, entonces tendr\u00edan sustento pero ante los \u00f3rganos encargados de analizar dichos casos.<br \/>\nSera el Tribunal Electoral en su momento el que determine si proceden las inconformidades; para que armar esc\u00e1ndalos que solo dificultan la viabilidad del ya de por s\u00ed, dif\u00edcil transito en la capital del estado.<br \/>\n@monicamarena<\/p>\n","protected":false},"excerpt":{"rendered":"<p>M\u00f3nica Camarena Crespo Parque Ju\u00e1rez H\u00e9ctor Yunes Landa, por el momento, todav\u00eda Senador del PRI, no ha cejado un solo segundo en su aspiraci\u00f3n por ser Gobernador de Veracruz. Inteligente y gran conversador, arranca una sonrisa cuando narra la an\u00e9cdota de c\u00f3mo un Gobernador en funciones le presumi\u00f3 que con 8 de calificaci\u00f3n hab\u00eda llegado [&hellip;]<\/p>\n","protected":false},"author":2,"featured_media":0,"comment_status":"open","ping_status":"open","sticky":false,"template":"","format":"standard","meta":{"_jetpack_newsletter_access":"","_jetpack_dont_email_post_to_subs":false,"_jetpack_newsletter_tier_id":0,"_jetpack_memberships_contains_paywalled_content":false,"_jetpack_memberships_contains_paid_content":false,"footnotes":""},"categories":[70],"tags":[348,2679],"class_list":["post-16646","post","type-post","status-publish","format-standard","hentry","category-de-opinion","tag-hector-yunes-landa","tag-monica-camarena-crespo"],"jetpack_featured_media_url":"","jetpack_sharing_enabled":true,"jetpack_shortlink":"https:\/\/wp.me\/p4Qcd3-4ku","_links":{"self":[{"href":"https:\/\/lospoliticosveracruz.com.mx\/index.php?rest_route=\/wp\/v2\/posts\/16646","targetHints":{"allow":["GET"]}}],"collection":[{"href":"https:\/\/lospoliticosveracruz.com.mx\/index.php?rest_route=\/wp\/v2\/posts"}],"about":[{"href":"https:\/\/lospoliticosveracruz.com.mx\/index.php?rest_route=\/wp\/v2\/types\/post"}],"author":[{"embeddable":true,"href":"https:\/\/lospoliticosveracruz.com.mx\/index.php?rest_route=\/wp\/v2\/users\/2"}],"replies":[{"embeddable":true,"href":"https:\/\/lospoliticosveracruz.com.mx\/index.php?rest_route=%2Fwp%2Fv2%2Fcomments&post=16646"}],"version-history":[{"count":1,"href":"https:\/\/lospoliticosveracruz.com.mx\/index.php?rest_route=\/wp\/v2\/posts\/16646\/revisions"}],"predecessor-version":[{"id":16647,"href":"https:\/\/lospoliticosveracruz.com.mx\/index.php?rest_route=\/wp\/v2\/posts\/16646\/revisions\/16647"}],"wp:attachment":[{"href":"https:\/\/lospoliticosveracruz.com.mx\/index.php?rest_route=%2Fwp%2Fv2%2Fmedia&parent=16646"}],"wp:term":[{"taxonomy":"category","embeddable":true,"href":"https:\/\/lospoliticosveracruz.com.mx\/index.php?rest_route=%2Fwp%2Fv2%2Fcategories&post=16646"},{"taxonomy":"post_tag","embeddable":true,"href":"https:\/\/lospoliticosveracruz.com.mx\/index.php?rest_route=%2Fwp%2Fv2%2Ftags&post=16646"}],"curies":[{"name":"wp","href":"https:\/\/api.w.org\/{rel}","templated":true}]}}