{"id":16782,"date":"2015-07-07T09:52:31","date_gmt":"2015-07-07T14:52:31","guid":{"rendered":"http:\/\/www.lospoliticosveracruz.com.mx\/?p=16782"},"modified":"2015-07-07T09:52:31","modified_gmt":"2015-07-07T14:52:31","slug":"prestamos-deudas-paralisis","status":"publish","type":"post","link":"https:\/\/lospoliticosveracruz.com.mx\/?p=16782","title":{"rendered":"Prestamos, deudas, par\u00e1lisis"},"content":{"rendered":"<p><a href=\"http:\/\/www.lospoliticosveracruz.com.mx\/wp-content\/uploads\/2015\/04\/dinero-deuda.jpg\"><img loading=\"lazy\" decoding=\"async\" class=\"alignnone size-medium wp-image-15645\" src=\"http:\/\/www.lospoliticosveracruz.com.mx\/wp-content\/uploads\/2015\/04\/dinero-deuda-300x156.jpg\" alt=\"dinero deuda\" width=\"300\" height=\"156\" \/><\/a><\/p>\n<p><strong>M\u00f3nica Camarena Crespo<\/strong><\/p>\n<p><em>Parque Ju\u00e1rez<\/em><br \/>\nLos reportes del estado de Veracruz en materia de finanzas p\u00fablicas no son nada alentadores, m\u00e1s bien, son muy malas noticias para el presente y el futuro inmediato.<br \/>\nY es que gracias a la cada vez m\u00e1s afortunada transparencia en materia de informaci\u00f3n, se supo de un nuevo cr\u00e9dito contratado en febrero pasado por el gobierno del estado, con un monto superior a los mil 300 millones de pesos.<br \/>\nDicha cantidad, vendr\u00eda a ser parte de la abultada deuda con la que ya carga Veracruz; la Secretaria de Hacienda y Cr\u00e9dito P\u00fablico (SHCP) reporto pasivos de la entidad de alrededor de 40 mil millones de pesos, lo que se anexa para entorpecer cualquier intento de crecimiento econ\u00f3mico y social.<br \/>\nEl panorama en general es alarmante, si se toma en cuenta, que la deuda de las Entidades federativas del Pa\u00eds ascendi\u00f3 a 489 mil 643 millones de pesos durante el 2014.<br \/>\nLos casos que m\u00e1s preocupan a las autoridades federales hacendarias son: DF (61 mil 403 millones), NL (58 mil 444), Chihuahua (41 mil 603), Veracruz (40 mil 767), Edomex (39 mil 124) y Jalisco (26 mil 458 mdp).<br \/>\nLa situaci\u00f3n econ\u00f3mica en estados y municipios es de grave impacto para el sector productivo en general, la par\u00e1lisis en varios rubros y una abultada deuda con proveedores.<br \/>\nPor ejemplo, desde 2014, la Canacintra dio a conocer que Las Entidades y los Municipios adeudan alrededor de 100 mil millones de pesos a sus proveedores; las deudas de los Gobiernos locales con los prestadores de servicios fueron contra\u00eddas desde hace 5 a\u00f1os, lo cual significa que en varios casos hay pasivos correspondientes a administraciones pasadas.<br \/>\nY es que, los 100 mmdp que adeudan los Gobiernos subnacionales a los distintos proveedores equivalen casi a una 5\u00aa parte de los compromisos financieros que hoy se registran ante la SHCP.<br \/>\nVarios especialistas coinciden, que el principal riesgo para el crecimiento, es la vulnerabilidad de las finanzas p\u00fablicas de algunos municipios y estados y su efecto sobre la construcci\u00f3n de obras p\u00fablicas.<br \/>\nLo cierto, es que a ras de calle, la gente resiente cada vez mas la par\u00e1lisis econ\u00f3mica en general; las cifras alegres que dan algunos funcionarios donde hablan de un crecimiento empresarial parecieran un sue\u00f1o de Disney, porque del otro lado, los de la iniciativa privada no dejan de quejarse de cierres y despidos por falta de pagos y liquidez.<br \/>\nLa situaci\u00f3n financiera del estado de Veracruz, obliga a los partidos pol\u00edticos y a los independientes interesados, en seleccionar bien sus cuadros de frente al relevo en el gobierno, si de algo tienen que saber, es de c\u00f3mo arreglar las finanzas, renegociar deudas y reencauzar el rumbo.<\/p>\n<p><strong>\u00c1gora<\/strong><br \/>\nAl parecer si era cierto que Tomas Ruiz Gonz\u00e1lez, actual titular de la Secretaria de Infraestructura en Veracruz levant\u00f3 la mano en la carrera acelerada por la pr\u00f3xima gubernatura en la entidad.<br \/>\nSe trata de un hombre, inteligente, preparado, trabajador y con grandes alianzas a nivel nacional sin duda, pero se ve dif\u00edcil que los porcentajes de acercamiento con la sociedad puedan superar a los que traen un trabajo en el mismo sentido desde hace mucho, pero mucho tiempo.<br \/>\n@monicamarena<\/p>\n","protected":false},"excerpt":{"rendered":"<p>M\u00f3nica Camarena Crespo Parque Ju\u00e1rez Los reportes del estado de Veracruz en materia de finanzas p\u00fablicas no son nada alentadores, m\u00e1s bien, son muy malas noticias para el presente y el futuro inmediato. Y es que gracias a la cada vez m\u00e1s afortunada transparencia en materia de informaci\u00f3n, se supo de un nuevo cr\u00e9dito contratado [&hellip;]<\/p>\n","protected":false},"author":2,"featured_media":0,"comment_status":"open","ping_status":"open","sticky":false,"template":"","format":"standard","meta":{"_jetpack_newsletter_access":"","_jetpack_dont_email_post_to_subs":false,"_jetpack_newsletter_tier_id":0,"_jetpack_memberships_contains_paywalled_content":false,"_jetpack_memberships_contains_paid_content":false,"footnotes":""},"categories":[70],"tags":[238,2679,195],"class_list":["post-16782","post","type-post","status-publish","format-standard","hentry","category-de-opinion","tag-hacienda","tag-monica-camarena-crespo","tag-veracruz"],"jetpack_featured_media_url":"","jetpack_sharing_enabled":true,"jetpack_shortlink":"https:\/\/wp.me\/p4Qcd3-4mG","_links":{"self":[{"href":"https:\/\/lospoliticosveracruz.com.mx\/index.php?rest_route=\/wp\/v2\/posts\/16782","targetHints":{"allow":["GET"]}}],"collection":[{"href":"https:\/\/lospoliticosveracruz.com.mx\/index.php?rest_route=\/wp\/v2\/posts"}],"about":[{"href":"https:\/\/lospoliticosveracruz.com.mx\/index.php?rest_route=\/wp\/v2\/types\/post"}],"author":[{"embeddable":true,"href":"https:\/\/lospoliticosveracruz.com.mx\/index.php?rest_route=\/wp\/v2\/users\/2"}],"replies":[{"embeddable":true,"href":"https:\/\/lospoliticosveracruz.com.mx\/index.php?rest_route=%2Fwp%2Fv2%2Fcomments&post=16782"}],"version-history":[{"count":1,"href":"https:\/\/lospoliticosveracruz.com.mx\/index.php?rest_route=\/wp\/v2\/posts\/16782\/revisions"}],"predecessor-version":[{"id":16783,"href":"https:\/\/lospoliticosveracruz.com.mx\/index.php?rest_route=\/wp\/v2\/posts\/16782\/revisions\/16783"}],"wp:attachment":[{"href":"https:\/\/lospoliticosveracruz.com.mx\/index.php?rest_route=%2Fwp%2Fv2%2Fmedia&parent=16782"}],"wp:term":[{"taxonomy":"category","embeddable":true,"href":"https:\/\/lospoliticosveracruz.com.mx\/index.php?rest_route=%2Fwp%2Fv2%2Fcategories&post=16782"},{"taxonomy":"post_tag","embeddable":true,"href":"https:\/\/lospoliticosveracruz.com.mx\/index.php?rest_route=%2Fwp%2Fv2%2Ftags&post=16782"}],"curies":[{"name":"wp","href":"https:\/\/api.w.org\/{rel}","templated":true}]}}