{"id":16804,"date":"2015-07-08T21:48:28","date_gmt":"2015-07-09T02:48:28","guid":{"rendered":"http:\/\/www.lospoliticosveracruz.com.mx\/?p=16804"},"modified":"2015-07-08T21:48:28","modified_gmt":"2015-07-09T02:48:28","slug":"inseguridad-percepcion-y-desconfianza","status":"publish","type":"post","link":"https:\/\/lospoliticosveracruz.com.mx\/?p=16804","title":{"rendered":"Inseguridad, percepci\u00f3n y desconfianza"},"content":{"rendered":"<p><a href=\"http:\/\/www.lospoliticosveracruz.com.mx\/wp-content\/uploads\/2014\/10\/Inseguridad.png\"><img loading=\"lazy\" decoding=\"async\" class=\"alignnone size-medium wp-image-12987\" src=\"http:\/\/www.lospoliticosveracruz.com.mx\/wp-content\/uploads\/2014\/10\/Inseguridad-300x155.png\" alt=\"Inseguridad\" width=\"300\" height=\"155\" \/><\/a><\/p>\n<p><strong>Luis Alberto Romero<\/strong><\/p>\n<p><em>Hora Cero<\/em><\/p>\n<p>El pasado 7 de julio, el Instituto Nacional de Estad\u00edstica, Geograf\u00eda e Inform\u00e1tica (Inegi) difundi\u00f3 los resultados de su encuesta sobre seguridad p\u00fablica urbana; destaca que casi el 70 por ciento de la poblaci\u00f3n de nuestro pa\u00eds considera que vivir en su ciudad es inseguro.<br \/>\nEl 20 por ciento de los encuestados, todos mayores de 18 a\u00f1os, apunt\u00f3 que el tema de la inseguridad no cambiar\u00e1 en el pr\u00f3ximo a\u00f1o; el 15 por ciento considera que el combate a la delincuencia mejorar\u00e1; 37 por ciento se\u00f1ala que seguir\u00e1 igual; y 26 por ciento manifiesta que el problema podr\u00eda empeorar en los siguientes 12 meses. Ello oblig\u00f3 a que 62 por ciento afirme que ha tenido la necesidad de modificar sus conductas; por ejemplo, evitar llevar cosas de valor como joyas, dinero o tarjetas de cr\u00e9dito en la v\u00eda p\u00fablica.<br \/>\nEs un asunto relacionado con la percepci\u00f3n social; los mexicanos no se sienten seguros ni protegidos por el Estado. En Veracruz, a pesar de que oficialmente se maneja una reducci\u00f3n en los \u00edndices de los delitos del fuero com\u00fan, se observa la misma tendencia, que se relaciona con la desconfianza del ciudadano en los cuerpos policiacos y la idea generalizada de que vivimos en una entidad insegura.<br \/>\nVeracruz es uno de los estados m\u00e1s complejos en t\u00e9rminos del trabajo policiaco: el censo realizado por el Inegi en 2010, hace ya cinco a\u00f1os, arroj\u00f3 una poblaci\u00f3n de 7 millones 643 mil habitantes. Es el tercer estado con m\u00e1s municipios, 212, s\u00f3lo atr\u00e1s de Oaxaca y Puebla; el de mayor n\u00famero de localidades en el pa\u00eds, 22 mil 32; y tiene una extensi\u00f3n territorial de casi 71 mil 700 kil\u00f3metros cuadrados; 8 zonas metropolitanas. Todo ello complica la presencia y el desempe\u00f1o de las corporaciones enfocadas a la vigilancia y seguridad p\u00fablica.<br \/>\nEn asuntos de percepci\u00f3n, por ejemplo, la polic\u00eda puede tener muchos aciertos y operativos exitosos; sin embargo, ello de poco sirve si se registra un asesinato con violencia que acapara la atenci\u00f3n de los medios informativos.<br \/>\nEl pasado 1 de julio, el gobierno estatal desapareci\u00f3 a la Polic\u00eda Intermunicipal Poza Rica-Tihuatl\u00e1n-Coatzintla, una corporaci\u00f3n corrupta que s\u00f3lo simulaba el combate a la delincuencia y toleraba las actividades il\u00edcitas que han dado fama a ese lugar. La Fuerza Civil, la Secretar\u00eda de Seguridad P\u00fablica y el Ej\u00e9rcito tomaron el control y pr\u00e1cticamente de inmediato hubo resultados: una semana despu\u00e9s fueron desarticuladas dos bandas que se dedicaban en ese lugar al robo de veh\u00edculos y autopartes. La bomba informativa, sin embargo, explot\u00f3 en otra zona, la de Ciudad Mendoza, en el centro del Estado, donde dos elementos de la polic\u00eda municipal fueron asesinados.<br \/>\nEl 7 de julio, el subsecretario de Seguridad P\u00fablica, Federico Rivas Vald\u00e9s, anunciaba que 15 comandantes de corporaciones municipales ser\u00edan dados de baja por no haber aprobado los ex\u00e1menes de confiabilidad, al igual que 150 elementos.<br \/>\nHubiera sido un d\u00eda m\u00e1s o menos tranquilo para la dependencia que encabeza Arturo Berm\u00fadez si no fuera por el percance ocurrido en el centro de Xalapa a las nueve de la noche: una patrulla de la Fuerza Civil, marcada con el n\u00famero FC558, impact\u00f3 a un taxi y despu\u00e9s se dio a la fuga, lo que provoc\u00f3 que quienes se encontraban en ese lugar protestaran y bloquearan la vialidad, en demanda de castigo para los polic\u00edas involucrados, no tanto por su responsabilidad en el choque, sino por el hecho de huir y buscar evadir la acci\u00f3n de la justicia\u2026 y eso que se trata de un cuerpo que en teor\u00eda es de \u00e9lite, de los m\u00e1s preparados de Veracruz; polic\u00edas, finalmente, que ante un error, como lo puede cometer cualquiera, pensaron como delincuentes y no como guardianes del orden.<br \/>\nA ese tipo de situaciones, y no a los resultados del trabajo policial y a las estad\u00edsticas, se debe que la gente no perciba a los elementos policiacos como confiables y cercanos, sino como abusivos y prepotentes, a pesar del esfuerzo de la SSP para que la poblaci\u00f3n deje de verlos como si fueran massiosares.<\/p>\n<p><strong>Descansa Xalapa; se fueron las huestes de C\u00e9sar del \u00c1ngel<\/strong><br \/>\nPara descanso de muchos que se escandalizaron del espect\u00e1culo que brindaron los 400 Pueblos durante estos \u00faltimos d\u00edas en Xalapa, el Secretario de Gobierno, Gerardo Buganza Salmer\u00f3n, dio nuevamente muestra de pericia pol\u00edtica al resolver las demandas de estos veracruzanos que llegaron al grado de la desnudez completa como forma de protesta.<br \/>\nEl Secretario se aplic\u00f3 porque ese es su trabajo y el inter\u00e9s del gobernador Javier Duarte de atender las demandas de todos los ciudadanos, pero no hay que olvidar el fondo, el origen, la g\u00e9nesis de este conflicto que fue heredado por la irresponsabilidad de un funcionario estatal que no atendi\u00f3 a tiempo este encargo cuando se desempe\u00f1\u00f3 como Secretario de Desarrollo Social y hoy veranea con una diputaci\u00f3n a cuestas que gan\u00f3 por all\u00e1 en la zona de Los Tuxtlas.<br \/>\nBuganza se fue al origen, analiz\u00f3 todo lo relativo a la situaci\u00f3n de los locatarios del mercado Antonio M. Quirasco de Misantla y de las bodegas de Tabamex, ubicadas en el municipio de \u00c1lamo, que le fueron entregadas a esta agrupaci\u00f3n.<br \/>\nTodo ello, porque as\u00ed qued\u00f3 establecido en acuerdos emitidos por el Congreso del Estado y publicados en la Gaceta Oficial del 13 de diciembre de 2013, y ratificado en la Gaceta Oficial del 15 de enero de 2014.<br \/>\nAl final, se trataba de salvaguardar los derechos adquiridos por los locatarios que consideran lesionados sus derechos.<br \/>\nEl Secretario actu\u00f3 bien, con rapidez, a pesar de los enredos legales del tema y devolvi\u00f3 la tranquilidad a la capital. @luisromero85<\/p>\n","protected":false},"excerpt":{"rendered":"<p>Luis Alberto Romero Hora Cero El pasado 7 de julio, el Instituto Nacional de Estad\u00edstica, Geograf\u00eda e Inform\u00e1tica (Inegi) difundi\u00f3 los resultados de su encuesta sobre seguridad p\u00fablica urbana; destaca que casi el 70 por ciento de la poblaci\u00f3n de nuestro pa\u00eds considera que vivir en su ciudad es inseguro. El 20 por ciento de [&hellip;]<\/p>\n","protected":false},"author":2,"featured_media":0,"comment_status":"open","ping_status":"open","sticky":false,"template":"","format":"standard","meta":{"_jetpack_newsletter_access":"","_jetpack_dont_email_post_to_subs":false,"_jetpack_newsletter_tier_id":0,"_jetpack_memberships_contains_paywalled_content":false,"_jetpack_memberships_contains_paid_content":false,"footnotes":""},"categories":[70],"tags":[1961,854,178,196,543],"class_list":["post-16804","post","type-post","status-publish","format-standard","hentry","category-de-opinion","tag-desconfianza","tag-gerardo-buganza-salmeron","tag-inegi","tag-inseguridad","tag-percepcion"],"jetpack_featured_media_url":"","jetpack_sharing_enabled":true,"jetpack_shortlink":"https:\/\/wp.me\/p4Qcd3-4n2","_links":{"self":[{"href":"https:\/\/lospoliticosveracruz.com.mx\/index.php?rest_route=\/wp\/v2\/posts\/16804","targetHints":{"allow":["GET"]}}],"collection":[{"href":"https:\/\/lospoliticosveracruz.com.mx\/index.php?rest_route=\/wp\/v2\/posts"}],"about":[{"href":"https:\/\/lospoliticosveracruz.com.mx\/index.php?rest_route=\/wp\/v2\/types\/post"}],"author":[{"embeddable":true,"href":"https:\/\/lospoliticosveracruz.com.mx\/index.php?rest_route=\/wp\/v2\/users\/2"}],"replies":[{"embeddable":true,"href":"https:\/\/lospoliticosveracruz.com.mx\/index.php?rest_route=%2Fwp%2Fv2%2Fcomments&post=16804"}],"version-history":[{"count":1,"href":"https:\/\/lospoliticosveracruz.com.mx\/index.php?rest_route=\/wp\/v2\/posts\/16804\/revisions"}],"predecessor-version":[{"id":16805,"href":"https:\/\/lospoliticosveracruz.com.mx\/index.php?rest_route=\/wp\/v2\/posts\/16804\/revisions\/16805"}],"wp:attachment":[{"href":"https:\/\/lospoliticosveracruz.com.mx\/index.php?rest_route=%2Fwp%2Fv2%2Fmedia&parent=16804"}],"wp:term":[{"taxonomy":"category","embeddable":true,"href":"https:\/\/lospoliticosveracruz.com.mx\/index.php?rest_route=%2Fwp%2Fv2%2Fcategories&post=16804"},{"taxonomy":"post_tag","embeddable":true,"href":"https:\/\/lospoliticosveracruz.com.mx\/index.php?rest_route=%2Fwp%2Fv2%2Ftags&post=16804"}],"curies":[{"name":"wp","href":"https:\/\/api.w.org\/{rel}","templated":true}]}}