{"id":16866,"date":"2015-07-14T09:39:11","date_gmt":"2015-07-14T14:39:11","guid":{"rendered":"http:\/\/www.lospoliticosveracruz.com.mx\/?p=16866"},"modified":"2015-07-14T09:39:11","modified_gmt":"2015-07-14T14:39:11","slug":"despues-de-la-segunda-fuga-del-chapo","status":"publish","type":"post","link":"https:\/\/lospoliticosveracruz.com.mx\/?p=16866","title":{"rendered":"Despu\u00e9s de la segunda fuga del Chapo"},"content":{"rendered":"<p><a href=\"http:\/\/www.lospoliticosveracruz.com.mx\/wp-content\/uploads\/2011\/11\/Chapo.jpeg\"><img loading=\"lazy\" decoding=\"async\" class=\"alignnone size-medium wp-image-11132\" src=\"http:\/\/www.lospoliticosveracruz.com.mx\/wp-content\/uploads\/2011\/11\/Chapo-300x233.jpeg\" alt=\"Chapo\" width=\"300\" height=\"233\" \/><\/a><\/p>\n<p><strong>M\u00f3nica Camarena Crespo<\/strong><\/p>\n<p><em>Parque Ju\u00e1rez<\/em><\/p>\n<p>Despu\u00e9s de la segunda fuga del \u201c Chapo \u201c Joaqu\u00edn Guzm\u00e1n Loera, el considerado narcotraficante m\u00e1s buscado del mundo, nada puede volver a ser como antes; el gobierno federal estar\u00eda obligado ( no necesariamente lo har\u00e1n ) a recomponer su estrategia y dejar de cobijar a los amigos cercanos a Pe\u00f1a, en \u00e1reas altamente sensibles, que por mucho no se est\u00e1n manejando debidamente.<\/p>\n<p>Despu\u00e9s de la segunda fuga del \u201c Chapo \u201c hoy en d\u00eda el personaje m\u00e1s popular a nivel mundial, por su arrojo, demostraci\u00f3n vergonzante de poder y de mucho dinero, las cosas deber\u00edan tomar otro rumbo.<\/p>\n<p>Desde los Estados Unidos hab\u00edan advertido hace m\u00e1s de un a\u00f1o, de la intenci\u00f3n de fuga del narcotraficante; al parecer nadie tomo en cuenta la alerta. Nadie decidi\u00f3 reforzar la seguridad para no dejarlo escapar, en un operativo de pel\u00edcula de Hollywood.<\/p>\n<p>La fuga deja en la lona al de por si endeble sistema penitenciario en M\u00e9xico; exhibe la fragilidad de las instituciones encargadas de la presunta inteligencia en el \u00e1mbito de seguridad. Expone de nuevo a la sociedad ante un inminente reacomodo de grupos delincuenciales ya con el \u201c Chapo \u201c libre.<\/p>\n<p>Despu\u00e9s de la segunda fuga del \u201c Chapo \u201c tanto los gobiernos del PAN y PRI, quedan maniatados para presumir de un control b\u00e1sico de los narcotraficantes peligrosos; quedan en el rid\u00edculo para retener a los malos de ese nivel, porque malos e incapaces se mostraron los que cayeron en la m\u00e1s alta corrupci\u00f3n que se recuerde.<\/p>\n<p>Los trancazos de dinero del \u201c Chapo \u201c ablandaron almas, penetraron a los funcionarios de primera, segunda y tercera ( por aquello de los sueldos ) hasta lograr una nueva y espectacular fuga, que golpea fuertemente al gobierno de Enrique Pe\u00f1a.<\/p>\n<p>Si nada se mueve despu\u00e9s de este hecho, que deja en rid\u00edculo a todo un gobierno federal, entonces seremos testigos de una inmovilidad lacerante que provoque otros hechos de este nivel en el segundo tramo del sexenio.<\/p>\n<p>La sacudida tendr\u00eda que ser contundente, sin rastros de compadrazgos y complicidades; gobernar despu\u00e9s de esta debacle con los mejores y m\u00e1s capacitados. Con experiencia probada y sin conflictos de intereses al menos en el pasado reciente.<\/p>\n<p>Todo ello, parece tan lejano, igual que si lograsen recapturar a el \u201c Chapo \u201c en las pr\u00f3ximas horas.<\/p>\n<p><strong>\u00c1gora<\/strong><\/p>\n<p>La Secretaria de Gobernaci\u00f3n, por fuerza estar\u00eda entre las dependencias en donde tendr\u00eda que haber cambios; de pasadita podr\u00edan recomponer la endeble Secretaria de Educaci\u00f3n y decidir despu\u00e9s de varios meses, quien represente a M\u00e9xico en los Estados Unidos.<\/p>\n<p><strong>\u00c1gora II<\/strong><\/p>\n<p>La situaci\u00f3n en el norte del estado de Veracruz es tensa en materia de seguridad; lo que los habitantes se preguntan \u00bf Tanto sobrevuelo de potentes helic\u00f3pteros ha dado los resultados deseados a pie de calle? Las noticias que llegan de all\u00e1 son preocupantes sobre todo ahora que en Tuxpan al parecer la situaci\u00f3n se sali\u00f3 de control.<\/p>\n<p>No hay que olvidar que a pesar de los millones de turistas que anuncian en otras zonas de la entidad, la llegada de visitantes se hab\u00eda incrementado al 100 por ciento en Tuxpan, gracias a la autopista.<\/p>\n<p>Por ello urge que aprieten el paso los que se vanaglorian de enviar refuerzos y echar a andar mandos.<\/p>\n<p>@monicamarena<\/p>\n","protected":false},"excerpt":{"rendered":"<p>M\u00f3nica Camarena Crespo Parque Ju\u00e1rez Despu\u00e9s de la segunda fuga del \u201c Chapo \u201c Joaqu\u00edn Guzm\u00e1n Loera, el considerado narcotraficante m\u00e1s buscado del mundo, nada puede volver a ser como antes; el gobierno federal estar\u00eda obligado ( no necesariamente lo har\u00e1n ) a recomponer su estrategia y dejar de cobijar a los amigos cercanos a [&hellip;]<\/p>\n","protected":false},"author":2,"featured_media":0,"comment_status":"open","ping_status":"open","sticky":false,"template":"","format":"standard","meta":{"_jetpack_newsletter_access":"","_jetpack_dont_email_post_to_subs":false,"_jetpack_newsletter_tier_id":0,"_jetpack_memberships_contains_paywalled_content":false,"_jetpack_memberships_contains_paid_content":false,"footnotes":""},"categories":[70],"tags":[3018,3019,2679,3020],"class_list":["post-16866","post","type-post","status-publish","format-standard","hentry","category-de-opinion","tag-chapo","tag-joaquin-guzman-loera","tag-monica-camarena-crespo","tag-secretaria-de-gobernacion"],"jetpack_featured_media_url":"","jetpack_sharing_enabled":true,"jetpack_shortlink":"https:\/\/wp.me\/p4Qcd3-4o2","_links":{"self":[{"href":"https:\/\/lospoliticosveracruz.com.mx\/index.php?rest_route=\/wp\/v2\/posts\/16866","targetHints":{"allow":["GET"]}}],"collection":[{"href":"https:\/\/lospoliticosveracruz.com.mx\/index.php?rest_route=\/wp\/v2\/posts"}],"about":[{"href":"https:\/\/lospoliticosveracruz.com.mx\/index.php?rest_route=\/wp\/v2\/types\/post"}],"author":[{"embeddable":true,"href":"https:\/\/lospoliticosveracruz.com.mx\/index.php?rest_route=\/wp\/v2\/users\/2"}],"replies":[{"embeddable":true,"href":"https:\/\/lospoliticosveracruz.com.mx\/index.php?rest_route=%2Fwp%2Fv2%2Fcomments&post=16866"}],"version-history":[{"count":1,"href":"https:\/\/lospoliticosveracruz.com.mx\/index.php?rest_route=\/wp\/v2\/posts\/16866\/revisions"}],"predecessor-version":[{"id":16867,"href":"https:\/\/lospoliticosveracruz.com.mx\/index.php?rest_route=\/wp\/v2\/posts\/16866\/revisions\/16867"}],"wp:attachment":[{"href":"https:\/\/lospoliticosveracruz.com.mx\/index.php?rest_route=%2Fwp%2Fv2%2Fmedia&parent=16866"}],"wp:term":[{"taxonomy":"category","embeddable":true,"href":"https:\/\/lospoliticosveracruz.com.mx\/index.php?rest_route=%2Fwp%2Fv2%2Fcategories&post=16866"},{"taxonomy":"post_tag","embeddable":true,"href":"https:\/\/lospoliticosveracruz.com.mx\/index.php?rest_route=%2Fwp%2Fv2%2Ftags&post=16866"}],"curies":[{"name":"wp","href":"https:\/\/api.w.org\/{rel}","templated":true}]}}