{"id":16868,"date":"2015-07-14T16:41:22","date_gmt":"2015-07-14T21:41:22","guid":{"rendered":"http:\/\/www.lospoliticosveracruz.com.mx\/?p=16868"},"modified":"2015-07-14T16:41:22","modified_gmt":"2015-07-14T21:41:22","slug":"el-chapo-y-los-hidalguenses-que-recomendaron-a-ampudia","status":"publish","type":"post","link":"https:\/\/lospoliticosveracruz.com.mx\/?p=16868","title":{"rendered":"El Chapo y los hidalguenses que recomendaron a Ampudia"},"content":{"rendered":"<p><a href=\"http:\/\/www.lospoliticosveracruz.com.mx\/wp-content\/uploads\/2015\/07\/Ampudia.jpg\"><img loading=\"lazy\" decoding=\"async\" class=\"alignnone size-medium wp-image-16869\" src=\"http:\/\/www.lospoliticosveracruz.com.mx\/wp-content\/uploads\/2015\/07\/Ampudia-300x200.jpg\" alt=\"Ampudia\" width=\"300\" height=\"200\" \/><\/a><br \/>\n<strong>Pablo Jair Ortega<\/strong><\/p>\n<p><em>Columna sin nombre<\/em><\/p>\n<p>Al principio del sexenio del presidente Enrique Pe\u00f1a Nieto, analistas pol\u00edticos daban cuenta de que los principales cargos en el \u00e1rea de seguridad y justicia estaban siendo ocupados por un mismo grupo originario del estado de Hidalgo, amigos del mandatario. A saber: Jes\u00fas Murillo Karam, entonces nombrado procurador general de la rep\u00fablica; Miguel \u00c1ngel Osorio Chong, secretario de Gobernaci\u00f3n; y Eugenio Imaz, director del Centro de inteligencia y Seguridad Nacional (CISEN).<\/p>\n<p>Tres personajes muy cercanos entre s\u00ed y que ya hab\u00edan trabajado juntos en tiempos anteriores en el gobierno estatal hidalguense.<\/p>\n<p>De igual manera, se advert\u00eda que dicha cercan\u00eda de estos hidalguenses con el presidente podr\u00eda ser contraproducente pues un s\u00f3lo grupo controlar\u00eda la informaci\u00f3n de inteligencia mexicana, algunos incluso sin experiencia, como el caso de Imaz, que ser\u00eda el director de la \u201cCIA mexicana\u201d.<\/p>\n<p>Ahora con la reciente fuga del narcotraficante Joaqu\u00edn Guzm\u00e1n Loera (a) \u201cEl Chapo\u201d, en el fondo podemos decir que son \u00e9stos tres los responsables de su fuga. Por ejemplo, el entonces procurador Jes\u00fas Murillo Karam, el mismo d\u00eda que fue presentado ante los medios el reci\u00e9n capturado capo originario de Badiraguato el 22 de febrero de 2014, de manera soberbia rechaz\u00f3 tajantemente la extradici\u00f3n a Estados Unidos alegando que no era necesario.<\/p>\n<p>Por su parte, Osorio Chong fall\u00f3 en la tarea de vigilancia diaria que le hab\u00eda instruido el presidente Enrique Pe\u00f1a Nieto, como as\u00ed lo dio a conocer el mismo titular del Ejecutivo en entrevista con el periodista Leon Krauze para Univisi\u00f3n. Al mismo secretario de Gobernaci\u00f3n se le ha criticado que estuviera en la comitiva de mexicanos en Francia junto a Pe\u00f1a Nieto, dejando sin responsable al frente del pa\u00eds: un error grav\u00edsimo y de novatos.<\/p>\n<p>Y Eugenio Imaz, quien ni siquiera parece haber tenido indicios ni alertas de una probable fuga, siendo el responsable de manejar la inteligencia en este pa\u00eds\u2026 \u00bfPero qu\u00e9 se puede esperar de alguien que deja que su hija sea golpeada por el nieto de Jes\u00fas Murillo Karam? \u00bfQu\u00e9 se puede esperar de alguien que ni siquiera monitoreaba el Twitter de los hijos de Guzm\u00e1n Loera o mucho menos hizo caso de las advertencias de la DEA que se dieron el a\u00f1o pasado?<\/p>\n<p>Y fue esta suerte de polic\u00eda china de alto nivel en el gobierno federal la que envi\u00f3 a Enrique Ampudia Mello como recomendado al Gobierno de Veracruz, siendo hoy secretario particular del gobernador Javier Duarte de Ochoa, pese a que durante a\u00f1os estuvo ligado al grupo cercano de Miguel \u00c1ngel Yunes Linares, otrora enemigo pol\u00edtico del actual r\u00e9gimen y del ex gobernador Fidel Herrera Beltr\u00e1n.<\/p>\n<p>En circunstancias que sorprendieron a la clase pol\u00edtica veracruzana, Ampudia Mello lleg\u00f3 al Gobierno de Veracruz el 17 de julio de 2012, entonces como subsecretario de Gobierno, supuestamente bajo las \u00f3rdenes de Gerardo Buganza Salmer\u00f3n, pero de inmediato se supo que comenz\u00f3 a presionar para pedir recursos financieros para crear una mini Secretar\u00eda de Gobierno sin responder a su jefe inmediato.<\/p>\n<p>Curiosamente, tanto Buganza como Ampudia salieron de la Secretar\u00eda de Gobierno en la reestructuraci\u00f3n que hizo el gobernador Javier Duarte el 12 de agosto de 2013, quedando frente de la SEGOB, Erick Lagos Hern\u00e1ndez, hoy diputado federal electo; y Marlon Ram\u00edrez Mar\u00edn, como subsecretario. Buganza Salmer\u00f3n se fue como titular de la extinta Secretar\u00eda de Comunicaciones y Ampudia se fue a la \u201cRenata\u201d (Reserva Nacional de Talentos).<\/p>\n<p>Pero a principios de enero de 2015, nuevos cambios en el gabinete estatal devolvieron a Buganza a la titularidad de la Secretar\u00eda de Gobierno y a Enrique Ampudia como secretario particular del gobernador. Este cargo, seg\u00fan los viejos lobos de mar de la pol\u00edtica, si bien en apariencia es fuerte, en realidad debilita mucho al personaje que lo ocupa, pues la estrecha cercan\u00eda con el gobernador pr\u00e1cticamente limita cualquier maniobra sin consentimiento del mandatario.<\/p>\n<p>Como dato interesante: en las recientes elecciones se sabe que Marlon Ram\u00edrez Mar\u00edn fue designado como el responsable pol\u00edtico del distrito de Veracruz, representado por la abanderada Ana Guadalupe Ingram Vallines; mientras que Enrique Ampudia Mello fue el encargado de Boca de R\u00edo, con la candidata Carolina Gudi\u00f1o. No obstante, y luego de los resultados adversos, Marlon tuvo que renunciar a su cargo y curiosamente Ampudia permanece en el mismo, como si nada, siendo Boca del R\u00edo la derrota m\u00e1s estrepitosa.<\/p>\n<p>\u00bfPero ahora el secretario particular del gobernador podr\u00e1 seguir teniendo la misma fortaleza ahora que el grupo de los hidalguenses en el poder que lo recomendaron han perdido poder? \u00bfAhora que han demostrado que no tienen ni siquiera la capacidad para vigilar al preso m\u00e1s peligroso, hoy fugado? \u00bfSer\u00e1 que los hidalguenses puedan seguir sosteni\u00e9ndose por ser amigos del presidente? \u00bfAmpudia tiene asegurado su futuro en el Gobierno de Veracruz? Porque se le ve muy tranquilo, como si nada.<\/p>\n<p>Un caso, sin duda, para Sherlock Holmes.<\/p>\n<p>EP\u00cdLOGO<\/p>\n<p>A tomar en cuenta: a Felipe Calder\u00f3n le cambi\u00f3 todo el rumbo de su gobierno al perder a su amigo y hombre fuerte Juan Camilo Mouri\u00f1o, su secretario de Gobernaci\u00f3n\u2026 Luego entonces \u00bfqui\u00e9n se fortalece con la probable ca\u00edda de Osorio Chong del gobierno? \u00bfPodr\u00eda ser Videgaray? \u00bfManlio Fabio? \u00bfSalinas? \u00bflas tres opciones anteriores? \u00bfGru, el de \u201cMi Villano Favorito\u201d? Como dir\u00eda Platanito: \u201c\u00a1Aaay, weeeeey!\u201d<\/p>\n","protected":false},"excerpt":{"rendered":"<p>Pablo Jair Ortega Columna sin nombre Al principio del sexenio del presidente Enrique Pe\u00f1a Nieto, analistas pol\u00edticos daban cuenta de que los principales cargos en el \u00e1rea de seguridad y justicia estaban siendo ocupados por un mismo grupo originario del estado de Hidalgo, amigos del mandatario. A saber: Jes\u00fas Murillo Karam, entonces nombrado procurador general [&hellip;]<\/p>\n","protected":false},"author":2,"featured_media":0,"comment_status":"open","ping_status":"open","sticky":false,"template":"","format":"standard","meta":{"_jetpack_newsletter_access":"","_jetpack_dont_email_post_to_subs":false,"_jetpack_newsletter_tier_id":0,"_jetpack_memberships_contains_paywalled_content":false,"_jetpack_memberships_contains_paid_content":false,"footnotes":""},"categories":[70],"tags":[1412,281,887,3019,445],"class_list":["post-16868","post","type-post","status-publish","format-standard","hentry","category-de-opinion","tag-enrique-ampudia-mello","tag-enrique-pena-nieto","tag-jesus-murillo-karam","tag-joaquin-guzman-loera","tag-miguel-angel-osorio-chong"],"jetpack_featured_media_url":"","jetpack_sharing_enabled":true,"jetpack_shortlink":"https:\/\/wp.me\/p4Qcd3-4o4","_links":{"self":[{"href":"https:\/\/lospoliticosveracruz.com.mx\/index.php?rest_route=\/wp\/v2\/posts\/16868","targetHints":{"allow":["GET"]}}],"collection":[{"href":"https:\/\/lospoliticosveracruz.com.mx\/index.php?rest_route=\/wp\/v2\/posts"}],"about":[{"href":"https:\/\/lospoliticosveracruz.com.mx\/index.php?rest_route=\/wp\/v2\/types\/post"}],"author":[{"embeddable":true,"href":"https:\/\/lospoliticosveracruz.com.mx\/index.php?rest_route=\/wp\/v2\/users\/2"}],"replies":[{"embeddable":true,"href":"https:\/\/lospoliticosveracruz.com.mx\/index.php?rest_route=%2Fwp%2Fv2%2Fcomments&post=16868"}],"version-history":[{"count":1,"href":"https:\/\/lospoliticosveracruz.com.mx\/index.php?rest_route=\/wp\/v2\/posts\/16868\/revisions"}],"predecessor-version":[{"id":16870,"href":"https:\/\/lospoliticosveracruz.com.mx\/index.php?rest_route=\/wp\/v2\/posts\/16868\/revisions\/16870"}],"wp:attachment":[{"href":"https:\/\/lospoliticosveracruz.com.mx\/index.php?rest_route=%2Fwp%2Fv2%2Fmedia&parent=16868"}],"wp:term":[{"taxonomy":"category","embeddable":true,"href":"https:\/\/lospoliticosveracruz.com.mx\/index.php?rest_route=%2Fwp%2Fv2%2Fcategories&post=16868"},{"taxonomy":"post_tag","embeddable":true,"href":"https:\/\/lospoliticosveracruz.com.mx\/index.php?rest_route=%2Fwp%2Fv2%2Ftags&post=16868"}],"curies":[{"name":"wp","href":"https:\/\/api.w.org\/{rel}","templated":true}]}}