{"id":16884,"date":"2015-07-15T20:40:43","date_gmt":"2015-07-16T01:40:43","guid":{"rendered":"http:\/\/www.lospoliticosveracruz.com.mx\/?p=16884"},"modified":"2015-07-15T20:40:43","modified_gmt":"2015-07-16T01:40:43","slug":"suave-patria","status":"publish","type":"post","link":"https:\/\/lospoliticosveracruz.com.mx\/?p=16884","title":{"rendered":"\u00bfSuave Patria?"},"content":{"rendered":"<p><a href=\"http:\/\/www.lospoliticosveracruz.com.mx\/wp-content\/uploads\/2015\/06\/Agente-de-Tr\u00e1nsito.jpg\"><img loading=\"lazy\" decoding=\"async\" class=\"alignnone size-medium wp-image-16695\" src=\"http:\/\/www.lospoliticosveracruz.com.mx\/wp-content\/uploads\/2015\/06\/Agente-de-Tr\u00e1nsito-300x200.jpg\" alt=\"Agente de Tr\u00e1nsito\" width=\"300\" height=\"200\" \/><\/a><\/p>\n<p><strong>Jorge Arturo Rodr\u00edguez<\/strong><\/p>\n<p><em>Tierra de Babel<\/em><\/p>\n<p>Mientras esperamos el \u201cfinal feliz\u201d de la historia de M\u00e9xico, con sus reformas, cambios estructurales y venta al por mayor de las propiedades de la Naci\u00f3n a un pu\u00f1ado de generosos empresarios y pol\u00edticos, no tenemos por qu\u00e9 preocuparnos por el delito de bailar chachach\u00e1, mucho menos por otros de menor densidad establecidos en el Reglamento de Tr\u00e1nsito del Estado. Ah\u00ed veremos qu\u00e9 pasar\u00e1 con la propuesta del Gobernador para evitar el suministro y consumo de alcohol a menores de edad. \u00bfTambi\u00e9n habr\u00e1 protestas? \u00bfO simplemente nos pasaremos las leyes por el arco del triunfo, con ma\u00f1as y mordidas? A ver qu\u00e9 pinche guey se deja atrapar, porque, dicen, las leyes son pa\u2019 los jodidos. \u00bfA poco?<br \/>\nDijo el legislador Jason Chaffetz, presidente del Comit\u00e9 de Supervisi\u00f3n de la C\u00e1mara de Representantes de Estados Unidos, que nuestro pa\u00eds es el lugar \u201cm\u00e1s violento, brutal y sin ley que existe en este momento en el mundo\u201d. \u00bfM\u00e9xico sin ley? \u00bfLes recuerda algo? A mi recuerda quedarme siempre detr\u00e1s del hombre que dispara y delante del hombre que est\u00e1 cagando. As\u00ed estar\u00e9 a salvo de las balas y de la mierda, parafraseando a Ernest Hemingway.<br \/>\nJason Chaffetz a\u00f1adi\u00f3 que desde que la guerra del narcotr\u00e1fico en M\u00e9xico comenz\u00f3 a escalar en 2006, \u201cm\u00e1s de 100 mil residentes mexicanos han sido asesinados o han desaparecido (\u2026). El secuestro, la trata de personas, el desmembramiento brutal y la visualizaci\u00f3n de las v\u00edctimas de asesinato es demasiado com\u00fan. Estos incidentes est\u00e1n ocurriendo literalmente al otro lado del r\u00edo de las principales ciudades de Estados Unidos\u201d. (sinembargo.mx, 23-07-15). \u00a1Gulp!<br \/>\nPamplinas, en nuestra Suave Patria no pasa nada. Estamos acostumbrados a la rechingada mala vida\u2026 \u00bfHasta cu\u00e1ndo?<br \/>\nDe acuerdo estoy con Jonathan Swift: \u201cPodemos observar en la rep\u00fablica de los perros que todo el Estado disfruta de la paz m\u00e1s absoluta despu\u00e9s de una comida abundante, y que surgen entre ellos contiendas civiles tan pronto como un hueso grande viene a caer en poder de alg\u00fan perro principal, el cual lo reparte con unos pocos, estableciendo una oligarqu\u00eda, o lo conserva para s\u00ed, estableciendo una tiran\u00eda\u201d. \u00bfLes recuerda algo?<\/p>\n<p><strong>Los d\u00edas y los temas<\/strong><\/p>\n<p>De alguna manera hay que sensibilizar y concientizar \u2013\u00bfes lo mismo?- sobre la igualdad entre hombres y mujeres. \u00bfCaminar codo a codo? La titular del Centro de Estudios para la Igualdad de G\u00e9nero y los Derechos Humanos del Congreso de Veracruz, Martha Mendoza Parissi, lo viene haciendo bien. En d\u00edas pasados particip\u00f3 en la pl\u00e1tica \u201cLos roles en la familia para la construcci\u00f3n de la igualdad y su impacto en las ni\u00f1as\u201d, organizado por el DIF Estatal, en coordinaci\u00f3n con el Instituto Veracruzano de las Mujeres (IVM) y la LXIII Legislatura Local.<br \/>\nAh\u00ed Patricia D\u00edaz Veyan, titular del Consejo Estatal de Asistencia para la Ni\u00f1ez y la Adolescencia (Cedas), expres\u00f3 que \u201ctodos los servidores p\u00fablicos que tenemos responsabilidad con la infancia y, en particular quienes trabajan con las ni\u00f1as, debemos prepararnos para formar una sociedad m\u00e1s igualitaria desde la infancia\u201d. Desde luego que s\u00ed, pero tambi\u00e9n con los ni\u00f1os, seamos parejos, \u00bfno? Y en todos los \u00e1mbitos. Porque donde quiera se cuecen habas.<br \/>\nPor cierto, afuerita de su oficina, en el m\u00f3dulo de atenci\u00f3n, Martha Mendoza Parissi tiene mensajes pa\u2019 los que pasamos por ah\u00ed y leemos con atenci\u00f3n. Dato interesante: \u201cLas mujeres tambi\u00e9n violentan a sus parejas, esta violencia, condenable e injustificada, no llega a un 4%, mientras que el 70% de las mujeres que mueren en el mundo lo hacen en manos de sus parejas, ex parejas u hombres de su c\u00edrculo familiar\u201d. (Desconozco la fuente).<br \/>\nPor lo pronto, ah\u00ed se ven.<\/p>\n","protected":false},"excerpt":{"rendered":"<p>Jorge Arturo Rodr\u00edguez Tierra de Babel Mientras esperamos el \u201cfinal feliz\u201d de la historia de M\u00e9xico, con sus reformas, cambios estructurales y venta al por mayor de las propiedades de la Naci\u00f3n a un pu\u00f1ado de generosos empresarios y pol\u00edticos, no tenemos por qu\u00e9 preocuparnos por el delito de bailar chachach\u00e1, mucho menos por otros [&hellip;]<\/p>\n","protected":false},"author":2,"featured_media":0,"comment_status":"open","ping_status":"open","sticky":false,"template":"","format":"standard","meta":{"_jetpack_newsletter_access":"","_jetpack_dont_email_post_to_subs":false,"_jetpack_newsletter_tier_id":0,"_jetpack_memberships_contains_paywalled_content":false,"_jetpack_memberships_contains_paid_content":false,"footnotes":""},"categories":[70],"tags":[1470],"class_list":["post-16884","post","type-post","status-publish","format-standard","hentry","category-de-opinion","tag-reglamento-de-transito"],"jetpack_featured_media_url":"","jetpack_sharing_enabled":true,"jetpack_shortlink":"https:\/\/wp.me\/p4Qcd3-4ok","_links":{"self":[{"href":"https:\/\/lospoliticosveracruz.com.mx\/index.php?rest_route=\/wp\/v2\/posts\/16884","targetHints":{"allow":["GET"]}}],"collection":[{"href":"https:\/\/lospoliticosveracruz.com.mx\/index.php?rest_route=\/wp\/v2\/posts"}],"about":[{"href":"https:\/\/lospoliticosveracruz.com.mx\/index.php?rest_route=\/wp\/v2\/types\/post"}],"author":[{"embeddable":true,"href":"https:\/\/lospoliticosveracruz.com.mx\/index.php?rest_route=\/wp\/v2\/users\/2"}],"replies":[{"embeddable":true,"href":"https:\/\/lospoliticosveracruz.com.mx\/index.php?rest_route=%2Fwp%2Fv2%2Fcomments&post=16884"}],"version-history":[{"count":1,"href":"https:\/\/lospoliticosveracruz.com.mx\/index.php?rest_route=\/wp\/v2\/posts\/16884\/revisions"}],"predecessor-version":[{"id":16885,"href":"https:\/\/lospoliticosveracruz.com.mx\/index.php?rest_route=\/wp\/v2\/posts\/16884\/revisions\/16885"}],"wp:attachment":[{"href":"https:\/\/lospoliticosveracruz.com.mx\/index.php?rest_route=%2Fwp%2Fv2%2Fmedia&parent=16884"}],"wp:term":[{"taxonomy":"category","embeddable":true,"href":"https:\/\/lospoliticosveracruz.com.mx\/index.php?rest_route=%2Fwp%2Fv2%2Fcategories&post=16884"},{"taxonomy":"post_tag","embeddable":true,"href":"https:\/\/lospoliticosveracruz.com.mx\/index.php?rest_route=%2Fwp%2Fv2%2Ftags&post=16884"}],"curies":[{"name":"wp","href":"https:\/\/api.w.org\/{rel}","templated":true}]}}