{"id":17007,"date":"2015-07-23T21:45:09","date_gmt":"2015-07-24T02:45:09","guid":{"rendered":"http:\/\/www.lospoliticosveracruz.com.mx\/?p=17007"},"modified":"2015-07-23T21:45:09","modified_gmt":"2015-07-24T02:45:09","slug":"creamos-leyes-para-reforzar-la-seguridad-en-veracruz-hector","status":"publish","type":"post","link":"https:\/\/lospoliticosveracruz.com.mx\/?p=17007","title":{"rendered":"Creamos leyes para reforzar la seguridad en Veracruz: H\u00e9ctor"},"content":{"rendered":"<blockquote><p><a href=\"http:\/\/www.lospoliticosveracruz.com.mx\/wp-content\/uploads\/2015\/07\/H\u00e9ctor-Yunes-Landa.jpeg\"><img loading=\"lazy\" decoding=\"async\" class=\"alignnone size-medium wp-image-17008\" src=\"http:\/\/www.lospoliticosveracruz.com.mx\/wp-content\/uploads\/2015\/07\/H\u00e9ctor-Yunes-Landa-300x211.jpeg\" alt=\"H\u00e9ctor Yunes Landa\" width=\"300\" height=\"211\" \/><\/a><\/p>\n<p>A los veracruzanos le sigue preocupando la inseguridad<\/p>\n<p>La Ley debe aplicarse sin distingos partidistas ni ideol\u00f3gicos<\/p><\/blockquote>\n<p>Veracruz.- Un tema que preocupa a los veracruzanos es el de la inseguridad, pero hemos sido testigos de los esfuerzos puntuales que han hecho las autoridades locales y federales para garantizar a la poblaci\u00f3n que vivan con tranquilidad, asegur\u00f3 el senador H\u00e9ctor Yunes Landa.<\/p>\n<p>En entrevista manifest\u00f3 que a pesar que en el estado se cre\u00f3 la Fuerza Civil, y a nivel nacional la Gendarmer\u00eda Nacional, los senadores secundamos con leyes que prevengan los delitos y garanticen una justicia pronta.<\/p>\n<p>Detall\u00f3 que han legislado en materia de justicia para adolescentes: para que cuando se cometa una falta se juzgue bajo un mismo procedimiento a cualquier adolescente en cualquier parte del pa\u00eds, siempre por medio de juicios orales, o utilizando el di\u00e1logo y la mediaci\u00f3n.<\/p>\n<p>Refiri\u00f3 que un tema que nos ha impactado no s\u00f3lo en Veracruz, sino en todo M\u00e9xico, ha sido la desaparici\u00f3n forzada de personas, tortura, o tratos degradantes que atenten contra la libertad, por ello, aprobamos una reforma constitucional para que en M\u00e9xico se pueda legislar en la materia.<\/p>\n<p>Precis\u00f3 que reforzaron tambi\u00e9n la ley General de V\u00edctimas definiendo qui\u00e9nes son, sus derechos, y apoyos que pueden recibir. La seguridad es un derecho. No podemos vivir con miedos, con temor, ni a expensas, ni en funci\u00f3n de los delincuentes.<\/p>\n<p>El senador H\u00e9ctor Yunes Landa, puntualiz\u00f3 que \u201cvamos a seguir dando la batalla para garantizar tranquilidad a todos los hogares veracruzanos.\u201d<\/p>\n<p><strong>CASO JUANELO<\/strong><\/p>\n<p>La ley debe aplicarse sin distingos de partidos ni ideolog\u00edas, afirmo el senador H\u00e9ctor Yunes Landa, quien adem\u00e1s conf\u00edo plenamente en que la fiscal\u00eda har\u00e1 lo correcto y hallar\u00e1 al culpable o culpables del asesinato del tesorero de Coatepec, Guillermo Pozos Rivera.<\/p>\n<p>Destac\u00f3 que estamos hartos de la violencia y de la impunidad, se debe castigar a los delincuentes con todo el peso de la ley que es lo que demanda la sociedad.<\/p>\n<p>\u00abNo m\u00e1s delitos sin castigo, no m\u00e1s delincuentes por las calles deambulando libremente\u00bb, sentencio el senador Yunes Landa.<\/p>\n","protected":false},"excerpt":{"rendered":"<p>A los veracruzanos le sigue preocupando la inseguridad La Ley debe aplicarse sin distingos partidistas ni ideol\u00f3gicos Veracruz.- Un tema que preocupa a los veracruzanos es el de la inseguridad, pero hemos sido testigos de los esfuerzos puntuales que han hecho las autoridades locales y federales para garantizar a la poblaci\u00f3n que vivan con tranquilidad, [&hellip;]<\/p>\n","protected":false},"author":2,"featured_media":0,"comment_status":"open","ping_status":"open","sticky":false,"template":"","format":"standard","meta":{"_jetpack_newsletter_access":"","_jetpack_dont_email_post_to_subs":false,"_jetpack_newsletter_tier_id":0,"_jetpack_memberships_contains_paywalled_content":false,"_jetpack_memberships_contains_paid_content":false,"footnotes":""},"categories":[73],"tags":[348,196,195],"class_list":["post-17007","post","type-post","status-publish","format-standard","hentry","category-de-boleto","tag-hector-yunes-landa","tag-inseguridad","tag-veracruz"],"jetpack_featured_media_url":"","jetpack_sharing_enabled":true,"jetpack_shortlink":"https:\/\/wp.me\/p4Qcd3-4qj","_links":{"self":[{"href":"https:\/\/lospoliticosveracruz.com.mx\/index.php?rest_route=\/wp\/v2\/posts\/17007","targetHints":{"allow":["GET"]}}],"collection":[{"href":"https:\/\/lospoliticosveracruz.com.mx\/index.php?rest_route=\/wp\/v2\/posts"}],"about":[{"href":"https:\/\/lospoliticosveracruz.com.mx\/index.php?rest_route=\/wp\/v2\/types\/post"}],"author":[{"embeddable":true,"href":"https:\/\/lospoliticosveracruz.com.mx\/index.php?rest_route=\/wp\/v2\/users\/2"}],"replies":[{"embeddable":true,"href":"https:\/\/lospoliticosveracruz.com.mx\/index.php?rest_route=%2Fwp%2Fv2%2Fcomments&post=17007"}],"version-history":[{"count":1,"href":"https:\/\/lospoliticosveracruz.com.mx\/index.php?rest_route=\/wp\/v2\/posts\/17007\/revisions"}],"predecessor-version":[{"id":17009,"href":"https:\/\/lospoliticosveracruz.com.mx\/index.php?rest_route=\/wp\/v2\/posts\/17007\/revisions\/17009"}],"wp:attachment":[{"href":"https:\/\/lospoliticosveracruz.com.mx\/index.php?rest_route=%2Fwp%2Fv2%2Fmedia&parent=17007"}],"wp:term":[{"taxonomy":"category","embeddable":true,"href":"https:\/\/lospoliticosveracruz.com.mx\/index.php?rest_route=%2Fwp%2Fv2%2Fcategories&post=17007"},{"taxonomy":"post_tag","embeddable":true,"href":"https:\/\/lospoliticosveracruz.com.mx\/index.php?rest_route=%2Fwp%2Fv2%2Ftags&post=17007"}],"curies":[{"name":"wp","href":"https:\/\/api.w.org\/{rel}","templated":true}]}}