{"id":17097,"date":"2015-07-31T08:47:10","date_gmt":"2015-07-31T13:47:10","guid":{"rendered":"http:\/\/www.lospoliticosveracruz.com.mx\/?p=17097"},"modified":"2015-07-31T08:47:10","modified_gmt":"2015-07-31T13:47:10","slug":"debilidades-desde-la-capital","status":"publish","type":"post","link":"https:\/\/lospoliticosveracruz.com.mx\/?p=17097","title":{"rendered":"Debilidades desde la Capital"},"content":{"rendered":"<p><a href=\"http:\/\/www.lospoliticosveracruz.com.mx\/wp-content\/uploads\/2015\/07\/Pablo-Jair-Ortega.jpg\"><img loading=\"lazy\" decoding=\"async\" class=\"alignnone size-medium wp-image-17098\" src=\"http:\/\/www.lospoliticosveracruz.com.mx\/wp-content\/uploads\/2015\/07\/Pablo-Jair-Ortega-300x225.jpg\" alt=\"Pablo Jair Ortega\" width=\"300\" height=\"225\" \/><\/a><\/p>\n<p><strong>Pablo Jair Ortega<\/strong><\/p>\n<p><em>Columna sin nombre<\/em><\/p>\n<p>Hay quienes dicen que van a cambiar muchos los escenarios pol\u00edticos de aqu\u00ed a pocas semanas. Que el actual panorama en Veracruz, ser\u00e1 muy distinto al que se ve ahorita.<\/p>\n<p>Que ya se ver\u00e1n la realidad de las lealtades y del que se sacar\u00e1 el cobre. La realidad de qui\u00e9n manda y quien dispone.<\/p>\n<p>Viejos pol\u00edticos han sugerido en que se debe tener paciencia, porque la pol\u00edtica es muy cambiante.<\/p>\n<p>Lo que s\u00ed, es que no se ha visto un golpe de tim\u00f3n desde el Altiplano, donde muchos depositan su confianza para el cambio que requiere Veracruz. Otras versiones indican que este vendr\u00eda muy sutil, con el apriete de los recursos federales que se otorgan a municipios.<\/p>\n<p>Lo que pasa es que desde all\u00e1 no se ve fortaleza ni autoridad moral ante el pobre escenario nacional que, en verdad, pinta t\u00e9trico: la fuga del delincuente m\u00e1s peligroso, el peso que va volando para 17 pesos, los fracasos de las licitaciones p\u00fablicas en materia energ\u00e9tica, etc.<\/p>\n<p>Lo que s\u00ed, es que la nueva generaci\u00f3n que pugna por quedarse con el control del estado, est\u00e1 presionando v\u00eda la nalgacracia, los ca\u00f1onazos, el uso de periodistas para filtrar rumores o chismes o incluso los mensajes cruzados, para hacer presente que no van soltar su empoderamiento.<\/p>\n<p>Que a lo mejor los que est\u00e1n esperando que regresen los tiempos de anta\u00f1o, deber\u00edan mejor pensar en adaptarse a lo que viene.<\/p>\n","protected":false},"excerpt":{"rendered":"<p>Pablo Jair Ortega Columna sin nombre Hay quienes dicen que van a cambiar muchos los escenarios pol\u00edticos de aqu\u00ed a pocas semanas. Que el actual panorama en Veracruz, ser\u00e1 muy distinto al que se ve ahorita. Que ya se ver\u00e1n la realidad de las lealtades y del que se sacar\u00e1 el cobre. La realidad de [&hellip;]<\/p>\n","protected":false},"author":2,"featured_media":0,"comment_status":"open","ping_status":"open","sticky":false,"template":"","format":"standard","meta":{"_jetpack_newsletter_access":"","_jetpack_dont_email_post_to_subs":false,"_jetpack_newsletter_tier_id":0,"_jetpack_memberships_contains_paywalled_content":false,"_jetpack_memberships_contains_paid_content":false,"footnotes":""},"categories":[70],"tags":[195],"class_list":["post-17097","post","type-post","status-publish","format-standard","hentry","category-de-opinion","tag-veracruz"],"jetpack_featured_media_url":"","jetpack_sharing_enabled":true,"jetpack_shortlink":"https:\/\/wp.me\/p4Qcd3-4rL","_links":{"self":[{"href":"https:\/\/lospoliticosveracruz.com.mx\/index.php?rest_route=\/wp\/v2\/posts\/17097","targetHints":{"allow":["GET"]}}],"collection":[{"href":"https:\/\/lospoliticosveracruz.com.mx\/index.php?rest_route=\/wp\/v2\/posts"}],"about":[{"href":"https:\/\/lospoliticosveracruz.com.mx\/index.php?rest_route=\/wp\/v2\/types\/post"}],"author":[{"embeddable":true,"href":"https:\/\/lospoliticosveracruz.com.mx\/index.php?rest_route=\/wp\/v2\/users\/2"}],"replies":[{"embeddable":true,"href":"https:\/\/lospoliticosveracruz.com.mx\/index.php?rest_route=%2Fwp%2Fv2%2Fcomments&post=17097"}],"version-history":[{"count":1,"href":"https:\/\/lospoliticosveracruz.com.mx\/index.php?rest_route=\/wp\/v2\/posts\/17097\/revisions"}],"predecessor-version":[{"id":17099,"href":"https:\/\/lospoliticosveracruz.com.mx\/index.php?rest_route=\/wp\/v2\/posts\/17097\/revisions\/17099"}],"wp:attachment":[{"href":"https:\/\/lospoliticosveracruz.com.mx\/index.php?rest_route=%2Fwp%2Fv2%2Fmedia&parent=17097"}],"wp:term":[{"taxonomy":"category","embeddable":true,"href":"https:\/\/lospoliticosveracruz.com.mx\/index.php?rest_route=%2Fwp%2Fv2%2Fcategories&post=17097"},{"taxonomy":"post_tag","embeddable":true,"href":"https:\/\/lospoliticosveracruz.com.mx\/index.php?rest_route=%2Fwp%2Fv2%2Ftags&post=17097"}],"curies":[{"name":"wp","href":"https:\/\/api.w.org\/{rel}","templated":true}]}}