{"id":17100,"date":"2015-07-31T12:39:16","date_gmt":"2015-07-31T17:39:16","guid":{"rendered":"http:\/\/www.lospoliticosveracruz.com.mx\/?p=17100"},"modified":"2015-07-31T12:39:16","modified_gmt":"2015-07-31T17:39:16","slug":"la-cedula-profesional-de-xochil","status":"publish","type":"post","link":"https:\/\/lospoliticosveracruz.com.mx\/?p=17100","title":{"rendered":"La c\u00e9dula profesional de Xochil"},"content":{"rendered":"<blockquote><p>\u00a0<a href=\"http:\/\/www.lospoliticosveracruz.com.mx\/wp-content\/uploads\/2015\/07\/X\u00f3chitl-Osorio1.jpg\"><img loading=\"lazy\" decoding=\"async\" class=\"alignnone size-medium wp-image-17102\" src=\"http:\/\/www.lospoliticosveracruz.com.mx\/wp-content\/uploads\/2015\/07\/X\u00f3chitl-Osorio1-300x218.jpg\" alt=\"X\u00f3chitl Osorio\" width=\"300\" height=\"218\" \/><\/a><br \/>\nOtros funcionarios SEV sin el documento<\/p><\/blockquote>\n<p><strong>Marco Antonio Aguirre Rodr\u00edguez<\/strong><\/p>\n<p><em>M\u00edsticos y Terrenales<\/em><\/p>\n<p>Ahora resulta que la titular de la Secretar\u00eda de Educaci\u00f3n de Veracruz, X\u00f3chitl Adela Osorio Mart\u00ednez, si tiene c\u00e9dula profesional, pero el documento presenta la peque\u00f1a caracter\u00edstica de que est\u00e1 a nombre de \u201cXochil\u201d, que no \u201cX\u00f3chitl\u201d.<br \/>\nLa inconsistencia, que algunos pueden considerar menor, tiene el inconveniente de los efectos jur\u00eddicos por la no coincidencia del nombre, lo cual puede hacer presumir que se trata de personas distintas.<br \/>\nDe hecho, la Secretar\u00eda de Hacienda y Cr\u00e9dito P\u00fablico cuando encuentra estas diferencias se queda con el nombre que viene en el acta de nacimiento y desecha cualquier otra versi\u00f3n.<br \/>\nLa presentaci\u00f3n de la c\u00e9dula se hizo adem\u00e1s de una forma no oficial.<br \/>\nX\u00f3chitl Adela, es el nombre de la secretaria de Educaci\u00f3n, seg\u00fan los documentos oficiales de la SEP, como el Plan Veracruzano de Educaci\u00f3n 2011-2016; la c\u00e9dula est\u00e1 a nombre de \u00abXochil\u00bb.<br \/>\n\u00bfQu\u00e9 dice su acta de nacimiento?<\/p>\n<p>Si existe un error con el nombre de la funcionaria y el documento, que lo reclamen en la SEP \u00f3 en el Registro Civil, donde proceda.<br \/>\nLa c\u00e9dula tiene adem\u00e1s la caracter\u00edstica de que fue emitida el 28 de octubre de 1998, en la v\u00edspera de que le dieran el nombramiento de subsecretaria, como prebenda de la Secci\u00f3n 32.<br \/>\n\u00bfCasualidad?.<br \/>\nPor cierto, \u00bfalgui\u00e9n conoce el acta de nacimiento de Adela Osorio (dejemos de lado el primer nombre, mientras define si es X\u00f3chitl o Xochil) para verificar cu\u00e1l es el real y verdadero nombre? (una disculpa por la reiterancia subrrayante tomada del habla coloquial)<br \/>\nPues bien Xochil Adela a\u00fan cuando filtra una c\u00e9dula como \u201cProf. de Educ. Primaria\u201d, no ense\u00f1a ninguna que acredite el rango de \u201cMaestra\u201d con el que se presenta de manera oficial la titular de la SEV.<br \/>\nUna muestra de que X\u00f3chitl (que no Xochil) se presenta con este grado acad\u00e9mico es, la p\u00e1gina del \u201cComit\u00e9 Editorial\u201d de la SEV para una fantasmag\u00f3rica publicaci\u00f3n a la que denominan \u201cGaceta Informativa Normalista Digital versi\u00f3n interactiva\u201d.<br \/>\nAs\u00ed pues Xochil no es X\u00f3chitl.<br \/>\nQue la secretaria de Educci\u00f3n corrija el error donde quiera que se encuentre.<br \/>\nY que le pida a Acela Medina Servin que le ayude con el tramite para obtener la c\u00e9dula de Maestra, al igual que la Coordinadora de Profesiones tramite la suya, porque igualmente se presenta con ese grado acad\u00e9mico sin tener la c\u00e9dula correspondiente.<br \/>\nPero adem\u00e1s en la SEV hay otros funcionarios que tampoco muestran c\u00e9dula profesional, como Vicente Ben\u00edtez, el Oficial Mayor, o Pedro Montalvo, el titular de Espacios Educativos, o Rosendo Pelayo, el nuevo subsecretario de Educaci\u00f3n B\u00e1sica, quien supuestamente inici\u00f3 como profesor hace 20 a\u00f1os.<br \/>\n\u00bfAcaso tambi\u00e9n hay un error en sus documentos?.<\/p>\n<p><img loading=\"lazy\" decoding=\"async\" class=\"alignnone size-medium wp-image-17101\" src=\"http:\/\/www.lospoliticosveracruz.com.mx\/wp-content\/uploads\/2015\/07\/X\u00f3chitl-Osorio-300x234.png\" alt=\"X\u00f3chitl Osorio\" width=\"300\" height=\"234\" \/><\/p>\n<p>Adem\u00e1s de la la imagen de la c\u00e9dula de \u201cXochil\u201d, se incluye la captura de la no existencia de c\u00e9dula para X\u00f3chitl Adela y la p\u00e1gina del Comit\u00e9 Editorial donde X\u00f3chitl Adela aparece como Mtra., grado acad\u00e9mico para el que tampoco tiene c\u00e9dula.<br \/>\nLa composici\u00f3n de la imagen de la c\u00e9dula de Xochil es de Salvador Mu\u00f1oz.<\/p>\n","protected":false},"excerpt":{"rendered":"<p>\u00a0 Otros funcionarios SEV sin el documento Marco Antonio Aguirre Rodr\u00edguez M\u00edsticos y Terrenales Ahora resulta que la titular de la Secretar\u00eda de Educaci\u00f3n de Veracruz, X\u00f3chitl Adela Osorio Mart\u00ednez, si tiene c\u00e9dula profesional, pero el documento presenta la peque\u00f1a caracter\u00edstica de que est\u00e1 a nombre de \u201cXochil\u201d, que no \u201cX\u00f3chitl\u201d. La inconsistencia, que algunos [&hellip;]<\/p>\n","protected":false},"author":2,"featured_media":0,"comment_status":"open","ping_status":"open","sticky":false,"template":"","format":"standard","meta":{"_jetpack_newsletter_access":"","_jetpack_dont_email_post_to_subs":false,"_jetpack_newsletter_tier_id":0,"_jetpack_memberships_contains_paywalled_content":false,"_jetpack_memberships_contains_paid_content":false,"footnotes":""},"categories":[70],"tags":[2916,1752],"class_list":["post-17100","post","type-post","status-publish","format-standard","hentry","category-de-opinion","tag-marco-antonio-aguirre-rodriguez","tag-secretaria-de-educacion"],"jetpack_featured_media_url":"","jetpack_sharing_enabled":true,"jetpack_shortlink":"https:\/\/wp.me\/p4Qcd3-4rO","_links":{"self":[{"href":"https:\/\/lospoliticosveracruz.com.mx\/index.php?rest_route=\/wp\/v2\/posts\/17100","targetHints":{"allow":["GET"]}}],"collection":[{"href":"https:\/\/lospoliticosveracruz.com.mx\/index.php?rest_route=\/wp\/v2\/posts"}],"about":[{"href":"https:\/\/lospoliticosveracruz.com.mx\/index.php?rest_route=\/wp\/v2\/types\/post"}],"author":[{"embeddable":true,"href":"https:\/\/lospoliticosveracruz.com.mx\/index.php?rest_route=\/wp\/v2\/users\/2"}],"replies":[{"embeddable":true,"href":"https:\/\/lospoliticosveracruz.com.mx\/index.php?rest_route=%2Fwp%2Fv2%2Fcomments&post=17100"}],"version-history":[{"count":1,"href":"https:\/\/lospoliticosveracruz.com.mx\/index.php?rest_route=\/wp\/v2\/posts\/17100\/revisions"}],"predecessor-version":[{"id":17103,"href":"https:\/\/lospoliticosveracruz.com.mx\/index.php?rest_route=\/wp\/v2\/posts\/17100\/revisions\/17103"}],"wp:attachment":[{"href":"https:\/\/lospoliticosveracruz.com.mx\/index.php?rest_route=%2Fwp%2Fv2%2Fmedia&parent=17100"}],"wp:term":[{"taxonomy":"category","embeddable":true,"href":"https:\/\/lospoliticosveracruz.com.mx\/index.php?rest_route=%2Fwp%2Fv2%2Fcategories&post=17100"},{"taxonomy":"post_tag","embeddable":true,"href":"https:\/\/lospoliticosveracruz.com.mx\/index.php?rest_route=%2Fwp%2Fv2%2Ftags&post=17100"}],"curies":[{"name":"wp","href":"https:\/\/api.w.org\/{rel}","templated":true}]}}