{"id":17109,"date":"2015-08-01T09:33:19","date_gmt":"2015-08-01T14:33:19","guid":{"rendered":"http:\/\/www.lospoliticosveracruz.com.mx\/?p=17109"},"modified":"2015-08-01T09:33:19","modified_gmt":"2015-08-01T14:33:19","slug":"predial-a-6-meses-sin-intereses","status":"publish","type":"post","link":"https:\/\/lospoliticosveracruz.com.mx\/?p=17109","title":{"rendered":"Predial, \u00a1a 6 meses sin intereses!"},"content":{"rendered":"<blockquote><p><a href=\"http:\/\/www.lospoliticosveracruz.com.mx\/wp-content\/uploads\/2015\/08\/Ernesto-Garc\u00eda-Barrientos.jpg\"><img loading=\"lazy\" decoding=\"async\" class=\"alignnone size-medium wp-image-17110\" src=\"http:\/\/www.lospoliticosveracruz.com.mx\/wp-content\/uploads\/2015\/08\/Ernesto-Garc\u00eda-Barrientos-300x201.jpg\" alt=\"Ernesto Garc\u00eda Barrientos\" width=\"300\" height=\"201\" \/><\/a><\/p>\n<p>A partir del 3 de agosto, quienes deseen pagar el segundo periodo del a\u00f1o o ponerse al corriente en adeudos, lo podr\u00e1n hacer con tarjeta bancaria en esa modalidad, inform\u00f3 el Director de Ingresos, Ernesto Garc\u00eda Barrientos<\/p><\/blockquote>\n<p>A partir del lunes 3 de agosto, los contribuyentes del predial que deseen pagar el segundo periodo del a\u00f1o o ponerse al corriente en adeudos, lo podr\u00e1n hacer con tarjeta bancaria a seis meses sin intereses, as\u00ed lo inform\u00f3 el Director de Ingresos, Ernesto Garc\u00eda Barrientos.<\/p>\n<p>El funcionario municipal dijo que la administraci\u00f3n municipal pact\u00f3 con instituciones bancarias ofrecer esta modalidad, para brindar mayores facilidades a los contribuyentes, permitiendo que se pongan al corriente o que cubran el segundo semestre del a\u00f1o de una manera m\u00e1s holgada.<\/p>\n<p>\u201cEste programa iniciar\u00e1 a partir del pr\u00f3ximo 3 de agosto y permanecer\u00e1 vigente en lo que resta del a\u00f1o. Los contribuyentes pueden venir y pagar con tarjetas bancarias Visa o Master Card, excepto American Express, y contribuir con el mejoramiento de la ciudad\u201d.<\/p>\n<p>Dijo que esta forma de pago tiene la ventaja de los seis meses sin intereses y adem\u00e1s permite al contribuyente evitar recargos y hacer convenios. \u201cEsta es una buena opci\u00f3n para quienes solamente cubrieron la primera mitad del a\u00f1o en el pago del impuesto predial e incluso para quienes adeudan a\u00f1os anteriores\u201d.<\/p>\n<p>Garc\u00eda Barrientos a\u00f1adi\u00f3 que durante este 2015 disminuy\u00f3 significativamente el rezago en el pago del predial, ya que la gran mayor\u00eda ha cumplido con esta obligaci\u00f3n fiscal; \u201ctenemos un 13 por ciento de incremento de recaudaci\u00f3n en comparaci\u00f3n al a\u00f1o anterior\u201d, dijo.<\/p>\n<p>Por \u00faltimo, refiri\u00f3 que de los 140 mil propietarios incluidos en el padr\u00f3n, alrededor de 127 mil se encuentran al corriente en el pago del impuesto predial.<\/p>\n","protected":false},"excerpt":{"rendered":"<p>A partir del 3 de agosto, quienes deseen pagar el segundo periodo del a\u00f1o o ponerse al corriente en adeudos, lo podr\u00e1n hacer con tarjeta bancaria en esa modalidad, inform\u00f3 el Director de Ingresos, Ernesto Garc\u00eda Barrientos A partir del lunes 3 de agosto, los contribuyentes del predial que deseen pagar el segundo periodo del [&hellip;]<\/p>\n","protected":false},"author":2,"featured_media":0,"comment_status":"open","ping_status":"open","sticky":false,"template":"","format":"standard","meta":{"_jetpack_newsletter_access":"","_jetpack_dont_email_post_to_subs":false,"_jetpack_newsletter_tier_id":0,"_jetpack_memberships_contains_paywalled_content":false,"_jetpack_memberships_contains_paid_content":false,"footnotes":""},"categories":[73],"tags":[3087,3088,1469,1181,96],"class_list":["post-17109","post","type-post","status-publish","format-standard","hentry","category-de-boleto","tag-director-de-ingresos","tag-ernesto-garcia-barrientos","tag-impuesto-predial","tag-tarjeta-bancaria","tag-xalapa"],"jetpack_featured_media_url":"","jetpack_sharing_enabled":true,"jetpack_shortlink":"https:\/\/wp.me\/p4Qcd3-4rX","_links":{"self":[{"href":"https:\/\/lospoliticosveracruz.com.mx\/index.php?rest_route=\/wp\/v2\/posts\/17109","targetHints":{"allow":["GET"]}}],"collection":[{"href":"https:\/\/lospoliticosveracruz.com.mx\/index.php?rest_route=\/wp\/v2\/posts"}],"about":[{"href":"https:\/\/lospoliticosveracruz.com.mx\/index.php?rest_route=\/wp\/v2\/types\/post"}],"author":[{"embeddable":true,"href":"https:\/\/lospoliticosveracruz.com.mx\/index.php?rest_route=\/wp\/v2\/users\/2"}],"replies":[{"embeddable":true,"href":"https:\/\/lospoliticosveracruz.com.mx\/index.php?rest_route=%2Fwp%2Fv2%2Fcomments&post=17109"}],"version-history":[{"count":1,"href":"https:\/\/lospoliticosveracruz.com.mx\/index.php?rest_route=\/wp\/v2\/posts\/17109\/revisions"}],"predecessor-version":[{"id":17111,"href":"https:\/\/lospoliticosveracruz.com.mx\/index.php?rest_route=\/wp\/v2\/posts\/17109\/revisions\/17111"}],"wp:attachment":[{"href":"https:\/\/lospoliticosveracruz.com.mx\/index.php?rest_route=%2Fwp%2Fv2%2Fmedia&parent=17109"}],"wp:term":[{"taxonomy":"category","embeddable":true,"href":"https:\/\/lospoliticosveracruz.com.mx\/index.php?rest_route=%2Fwp%2Fv2%2Fcategories&post=17109"},{"taxonomy":"post_tag","embeddable":true,"href":"https:\/\/lospoliticosveracruz.com.mx\/index.php?rest_route=%2Fwp%2Fv2%2Ftags&post=17109"}],"curies":[{"name":"wp","href":"https:\/\/api.w.org\/{rel}","templated":true}]}}