{"id":17124,"date":"2015-08-02T22:01:50","date_gmt":"2015-08-03T03:01:50","guid":{"rendered":"http:\/\/www.lospoliticosveracruz.com.mx\/?p=17124"},"modified":"2015-08-02T22:01:50","modified_gmt":"2015-08-03T03:01:50","slug":"multas-y-circulacion","status":"publish","type":"post","link":"https:\/\/lospoliticosveracruz.com.mx\/?p=17124","title":{"rendered":"Multas y circulaci\u00f3n"},"content":{"rendered":"<p><a href=\"http:\/\/www.lospoliticosveracruz.com.mx\/wp-content\/uploads\/2015\/08\/Multa.jpg\"><img loading=\"lazy\" decoding=\"async\" class=\"alignnone size-medium wp-image-17125\" src=\"http:\/\/www.lospoliticosveracruz.com.mx\/wp-content\/uploads\/2015\/08\/Multa-300x200.jpg\" alt=\"Multa\" width=\"300\" height=\"200\" \/><\/a><\/p>\n<p><strong>Brenda Caballero<\/strong><br \/>\n<em>N\u00fameros Rojos<\/em><\/p>\n<p>\u00bfCu\u00e1ndo entra en vigencia el Nuevo Reglamento de Tr\u00e1nsito? es una de las dudas que escucho frecuentemente en la poblaci\u00f3n. Y mi respuesta es que ya entr\u00f3 en vigencia, seg\u00fan el art\u00edculo segundo transitorio de la Gaceta Oficial N\u00famero 238 del d\u00eda 16 de junio de 2015 que dice: \u201cEl presente Reglamento de la Ley de Tr\u00e1nsito y Seguridad Vial para el Estado de Veracruz de Ignacio de la Llave entrar\u00e1 en vigor al d\u00eda siguiente de su publicaci\u00f3n\u201d. Aunque realmente existe una confusi\u00f3n entre la entrada en vigor y la aplicaci\u00f3n del Reglamento.<br \/>\nY hablando de aplicaci\u00f3n, seg\u00fan las palabras del Director de Tr\u00e1nsito, Edmundo Mart\u00ednez Zaleta, \u00e9ste empezar\u00e1 a aplicarse a partir del pr\u00f3ximo 20 de agosto, pues es necesario que la poblaci\u00f3n conozca el Reglamento y haga conciencia de \u00e9l.<br \/>\nPero \u00bfrealmente no se est\u00e1 aplicando?<br \/>\nLa semana pasada, un amigo me llam\u00f3 para comentarme que lo hab\u00edan infraccionado. Seg\u00fan sus palabras, me contaba que la infracci\u00f3n dec\u00eda que su veh\u00edculo (un taxi) no cumpl\u00eda con los requisitos t\u00e9cnicos necesarios para ejercer el servicio adem\u00e1s de que ten\u00eda la p\u00f3liza vencida.<br \/>\nDesde luego que el agente a\u00fan no ten\u00eda m\u00e1quina de cobro por lo que lo mand\u00f3 a una Oficina de Hacienda a pagar. Al preguntar sobre la cantidad y el descuento del 75 por ciento (la fecha de infracci\u00f3n no rebasaba los cinco d\u00edas), le comentaron que a\u00fan no ten\u00edan actualizado el sistema con el Nuevo Reglamento. Luego entonces, \u00bfest\u00e1n infraccionando con el actual reglamento y cobrando con las multas y descuentos del Reglamento Anterior?<\/p>\n<p>II<br \/>\nEn este tiempo que a\u00fan no se aplica el Reglamento de Tr\u00e1nsito se ha notado el cambio de l\u00edmites de velocidad, sobre todo en la Avenida L\u00e1zaro C\u00e1rdenas de la capital Xalapa, pues de 50 y 60 km\/h ha pasado a 70 km\/h. No as\u00ed en el puerto de Veracruz, pues en el bulevar Manuel \u00c1vila Camacho a\u00fan sigue conservando 60 km\/h y un solo detector de Velocidad que alcanc\u00e9 a ver.<br \/>\nY bueno, en lo particular lo celebro, pues realmente es complicado manejar a 60 km\/h cuando vas a trabajar.<br \/>\nS\u00f3lo espero que al igual que con los l\u00edmites de velocidad, las autoridades se pongan las pilas e infraccionen a aquellos automovilistas que tapan sus placas con una mica caf\u00e9 o que traen pel\u00edcula antirrobo o cristales polarizados, no de agencia, en los cuales no se aprecia el interior del veh\u00edculo. Y no s\u00e9 usted, pero en lo personal, s\u00ed da mala espina ese tipo de conductas.<\/p>\n<p>III<br \/>\nEn algunas calles de la capital del estado ya se est\u00e1n dando cambios en la circulaci\u00f3n, de Acuerdo al Plan de Movilidad Urbana, y tal parece que las que se est\u00e1n cambiando de sentido le funcionan al alcalde Am\u00e9rico Z\u00fa\u00f1iga Mart\u00ednez; l\u00e1stima que frente al Palacio de Justicia, saliendo del Puente Bicentenario (por arriba y por abajo), frente a la Plaza Cristal, se hagan cuellos de botella en ambos lados.<br \/>\nTal vez la soluci\u00f3n ser\u00eda cambiar las paradas unos metros m\u00e1s lejos de los entronques ya que al pararse tres o cuatro autobuses, \u00e9stos impiden que la circulaci\u00f3n fluya y se agilice el tr\u00e1fico vehicular.<\/p>\n<p>IV<br \/>\nCon tristeza me entero del asesinato del foto-reportero Rub\u00e9n Espinosa Becerril en un departamento en la delegaci\u00f3n Benito Ju\u00e1rez (una de las m\u00e1s seguras y con el \u00edndice m\u00e1s alto de desarrollo humano en el DF). Realmente es una gran p\u00e9rdida para el medio, aunque por favor, no olvidemos a las mujeres que tambi\u00e9n fueron ultimadas y que representan un gran dolor para sus familias y amigos. Descansen en paz y esperemos pronto se esclarezca este asesinato de cinco seres humanos.<\/p>\n<p>Email:caballero_brenda@hotmail.com<\/p>\n","protected":false},"excerpt":{"rendered":"<p>Brenda Caballero N\u00fameros Rojos \u00bfCu\u00e1ndo entra en vigencia el Nuevo Reglamento de Tr\u00e1nsito? es una de las dudas que escucho frecuentemente en la poblaci\u00f3n. Y mi respuesta es que ya entr\u00f3 en vigencia, seg\u00fan el art\u00edculo segundo transitorio de la Gaceta Oficial N\u00famero 238 del d\u00eda 16 de junio de 2015 que dice: \u201cEl presente [&hellip;]<\/p>\n","protected":false},"author":2,"featured_media":0,"comment_status":"open","ping_status":"open","sticky":false,"template":"","format":"standard","meta":{"_jetpack_newsletter_access":"","_jetpack_dont_email_post_to_subs":false,"_jetpack_newsletter_tier_id":0,"_jetpack_memberships_contains_paywalled_content":false,"_jetpack_memberships_contains_paid_content":false,"footnotes":""},"categories":[70],"tags":[2215,238,1470],"class_list":["post-17124","post","type-post","status-publish","format-standard","hentry","category-de-opinion","tag-edmundo-martinez-zaleta","tag-hacienda","tag-reglamento-de-transito"],"jetpack_featured_media_url":"","jetpack_sharing_enabled":true,"jetpack_shortlink":"https:\/\/wp.me\/p4Qcd3-4sc","_links":{"self":[{"href":"https:\/\/lospoliticosveracruz.com.mx\/index.php?rest_route=\/wp\/v2\/posts\/17124","targetHints":{"allow":["GET"]}}],"collection":[{"href":"https:\/\/lospoliticosveracruz.com.mx\/index.php?rest_route=\/wp\/v2\/posts"}],"about":[{"href":"https:\/\/lospoliticosveracruz.com.mx\/index.php?rest_route=\/wp\/v2\/types\/post"}],"author":[{"embeddable":true,"href":"https:\/\/lospoliticosveracruz.com.mx\/index.php?rest_route=\/wp\/v2\/users\/2"}],"replies":[{"embeddable":true,"href":"https:\/\/lospoliticosveracruz.com.mx\/index.php?rest_route=%2Fwp%2Fv2%2Fcomments&post=17124"}],"version-history":[{"count":1,"href":"https:\/\/lospoliticosveracruz.com.mx\/index.php?rest_route=\/wp\/v2\/posts\/17124\/revisions"}],"predecessor-version":[{"id":17126,"href":"https:\/\/lospoliticosveracruz.com.mx\/index.php?rest_route=\/wp\/v2\/posts\/17124\/revisions\/17126"}],"wp:attachment":[{"href":"https:\/\/lospoliticosveracruz.com.mx\/index.php?rest_route=%2Fwp%2Fv2%2Fmedia&parent=17124"}],"wp:term":[{"taxonomy":"category","embeddable":true,"href":"https:\/\/lospoliticosveracruz.com.mx\/index.php?rest_route=%2Fwp%2Fv2%2Fcategories&post=17124"},{"taxonomy":"post_tag","embeddable":true,"href":"https:\/\/lospoliticosveracruz.com.mx\/index.php?rest_route=%2Fwp%2Fv2%2Ftags&post=17124"}],"curies":[{"name":"wp","href":"https:\/\/api.w.org\/{rel}","templated":true}]}}