{"id":17707,"date":"2015-09-07T19:56:13","date_gmt":"2015-09-08T00:56:13","guid":{"rendered":"http:\/\/www.lospoliticosveracruz.com.mx\/?p=17707"},"modified":"2015-09-07T19:56:13","modified_gmt":"2015-09-08T00:56:13","slug":"semana-crucial-para-el-pan","status":"publish","type":"post","link":"https:\/\/lospoliticosveracruz.com.mx\/?p=17707","title":{"rendered":"Semana crucial para el PAN"},"content":{"rendered":"<p><a href=\"http:\/\/www.lospoliticosveracruz.com.mx\/wp-content\/uploads\/2015\/06\/PAN.jpg\"><img loading=\"lazy\" decoding=\"async\" class=\"alignnone size-medium wp-image-16703\" src=\"http:\/\/www.lospoliticosveracruz.com.mx\/wp-content\/uploads\/2015\/06\/PAN-300x300.jpg\" alt=\"PAN\" width=\"300\" height=\"300\" \/><\/a><\/p>\n<p><strong>Luis Alberto Romero<\/strong><\/p>\n<p><em>Hora Cero<\/em><\/p>\n<p>Esta semana ser\u00e1 decisiva para el Partido Acci\u00f3n Nacional y su estructura directiva.<br \/>\nLa confrontaci\u00f3n interna ha llegado a niveles desmesurados, desproporcionados. La disputa por las posiciones y, sobre todo, por el control interno tiene a un nuevo protagonista en el grupo Boca del R\u00edo, que encabeza el diputado federal Miguel \u00c1ngel Yunes Linares, quien todav\u00eda no rinde protesta en San L\u00e1zaro pero ya est\u00e1 a punto de lograr el control del Comit\u00e9 Directivo Estatal y de la Comisi\u00f3n Permanente.<br \/>\nEl Consejo es parcela de V\u00edctor Serralde y de Enrique Cambranis, hoy aliados en esta coyuntura, porque ambos reclaman las posiciones y el cumplimiento de los acuerdos en la negociaci\u00f3n para la integraci\u00f3n del Comit\u00e9 Estatal, gracias a la cual un tercero, que no figuraba en la escena blanquiazul, lleg\u00f3 al m\u00e1ximo cargo directivo, a pesar y tambi\u00e9n debido a que ni uno de los grupos le ve\u00eda brillo, estatura y, por consiguiente, peligro.<br \/>\nEl nuevo episodio de esta tragicomedia panista ocurri\u00f3 el pasado 4 de septiembre, cuando 35 empleados del Comit\u00e9 Directivo Estatal fueron echados por \u00f3rdenes del dirigente de dicho \u00f3rgano, Jos\u00e9 de Jes\u00fas Mancha Alarc\u00f3n.<br \/>\nPr\u00e1cticamente una tercera parte de la base trabajadora del Comit\u00e9 fue despedida; todos ellos colaboraban en las secretar\u00edas que tienen los panistas identificados con tres grupos internos, los que encabezan Enrique Cambranis Torres, V\u00edctor Serralde Mart\u00ednez y Juan Bueno Torio.<br \/>\nCurioso y contradictorio, porque se trata de un partido que establece, en sus Principios de Doctrina, el respeto a la dignidad humana; sin embargo, a sus empleados les ofreci\u00f3 un cese fulminante e indigno, ni explicaciones ni liquidaci\u00f3n les ofrecieron.<\/p>\n<p><strong>Una lucha por presupuesto y posiciones<\/strong><br \/>\nEn realidad, la lucha interna del PAN veracruzano tiene dos escenarios: el control del comit\u00e9 estatal del partido, que representa un presupuesto de 75 millones de pesos anuales \u2013m\u00e1s del doble de lo que ejerce, por ejemplo, el ayuntamiento de Banderilla\u2013, y la disputa por las posiciones y candidaturas, de cara a las elecciones locales de 2016. En este \u00faltimo punto se ubica el reparto de las postulaciones por la v\u00eda plurinominal en la pr\u00f3xima Legislatura del Estado.<br \/>\nHace una semana, debido a la falta de cu\u00f3rum, fueron suspendidas las sesiones del Comit\u00e9 y de la Comisi\u00f3n Permanente. Para este martes 8 se llevar\u00eda a efecto tambi\u00e9n la sesi\u00f3n del Consejo Estatal, pero desde el altiplano lleg\u00f3 la contraorden: nadie se mueva.<br \/>\nEl Comit\u00e9 Ejecutivo Nacional ya determin\u00f3 intervenir en el caso Veracruz, porque sabe perfectamente que esa divisi\u00f3n interna podr\u00eda llevar al derrumbe al partido en las elecciones del pr\u00f3ximo a\u00f1o.<br \/>\nDebido a que el problema ya rebas\u00f3 a la dirigencia estatal, desde la oficina de Ricardo Anaya Cort\u00e9s comenzaron a contactar a las partes en conflicto, a fin de sostener una reuni\u00f3n esta misma semana, en el Distrito Federal; la idea es resolver las diferencias.<br \/>\nLa dirigencia nacional del albiazul sabe perfectamente que un escenario de divisi\u00f3n interna sepultar\u00eda al partido en una entidad, Veracruz, que tiene el tercer padr\u00f3n electoral m\u00e1s importante del pa\u00eds.<\/p>\n<p><strong>San L\u00e1zaro, el reparto de las comisiones<\/strong><br \/>\nEsta semana quedar\u00e1 definido el tema de las comisiones en San L\u00e1zaro.<br \/>\nSiendo 56 las comisiones ordinarias en la c\u00e1mara baja, la l\u00f3gica nos dice que uno de cada diez diputados federales llegar\u00e1 a esos espacios; los dem\u00e1s, casi 450 legisladores, quedar\u00e1n condenados a la mediocridad, sin el presupuesto ni la posibilidad de contar con s\u00e9quito a cuenta del erario.<br \/>\nLos coordinadores de las bancadas de PAN y PRD, Marko Cort\u00e9s Mendoza y Francisco Mart\u00ednez Neri, respectivamente, han declarado que en dicha negociaci\u00f3n buscar\u00e1n mantener el mismo n\u00famero de comisiones; esto es, 13 y 11. Sin embargo, el reparto podr\u00eda desfavorecer al Sol Azteca, en virtud de que el n\u00famero de los legisladores que integran esa bancada pas\u00f3 de 100 a 61.<br \/>\nDurante la pasada Legislatura, la 62, el PRI se qued\u00f3 con 24 comisiones ordinarias; el PAN, con 13; el PRD tuvo 11; el Verde, tres; Movimiento Ciudadano, dos; mientras que PT, Nueva Alianza y Morena encabezaban una. En esta nueva c\u00e1mara el reparto ser\u00e1 diferente porque Morena, Movimiento Ciudadano y el Verde reclamar\u00e1n m\u00e1s espacios.<br \/>\nEste a\u00f1o, el PRD buscar\u00e1 mantener dos comisiones en San L\u00e1zaro: la de Puntos Constitucionales y la de Vigilancia de la Auditor\u00eda Superior de la Federaci\u00f3n. Entre los espacios m\u00e1s importantes, el PRI pugnar\u00e1 por las comisiones del Trabajo, Gobernaci\u00f3n, Presupuesto y Energ\u00eda; en tanto que Acci\u00f3n Nacional se podr\u00eda aferrar a las de Seguridad P\u00fablica, Hacienda y Desarrollo Rural.<br \/>\nEsta semana, si no es que en la misma sesi\u00f3n de martes, quedar\u00e1n definidas las comisiones ordinarias y especiales; veremos entonces el punch que llevan los 30 diputados federales veracruzanos, 21 por mayor\u00eda relativa y 9 por representaci\u00f3n proporcional. @luisromero85<\/p>\n","protected":false},"excerpt":{"rendered":"<p>Luis Alberto Romero Hora Cero Esta semana ser\u00e1 decisiva para el Partido Acci\u00f3n Nacional y su estructura directiva. La confrontaci\u00f3n interna ha llegado a niveles desmesurados, desproporcionados. La disputa por las posiciones y, sobre todo, por el control interno tiene a un nuevo protagonista en el grupo Boca del R\u00edo, que encabeza el diputado federal [&hellip;]<\/p>\n","protected":false},"author":2,"featured_media":0,"comment_status":"open","ping_status":"open","sticky":false,"template":"","format":"standard","meta":{"_jetpack_newsletter_access":"","_jetpack_dont_email_post_to_subs":false,"_jetpack_newsletter_tier_id":0,"_jetpack_memberships_contains_paywalled_content":false,"_jetpack_memberships_contains_paid_content":false,"footnotes":""},"categories":[70],"tags":[2226,1305],"class_list":["post-17707","post","type-post","status-publish","format-standard","hentry","category-de-opinion","tag-enrique-cambranis","tag-juan-bueno-torio"],"jetpack_featured_media_url":"","jetpack_sharing_enabled":true,"jetpack_shortlink":"https:\/\/wp.me\/p4Qcd3-4BB","_links":{"self":[{"href":"https:\/\/lospoliticosveracruz.com.mx\/index.php?rest_route=\/wp\/v2\/posts\/17707","targetHints":{"allow":["GET"]}}],"collection":[{"href":"https:\/\/lospoliticosveracruz.com.mx\/index.php?rest_route=\/wp\/v2\/posts"}],"about":[{"href":"https:\/\/lospoliticosveracruz.com.mx\/index.php?rest_route=\/wp\/v2\/types\/post"}],"author":[{"embeddable":true,"href":"https:\/\/lospoliticosveracruz.com.mx\/index.php?rest_route=\/wp\/v2\/users\/2"}],"replies":[{"embeddable":true,"href":"https:\/\/lospoliticosveracruz.com.mx\/index.php?rest_route=%2Fwp%2Fv2%2Fcomments&post=17707"}],"version-history":[{"count":1,"href":"https:\/\/lospoliticosveracruz.com.mx\/index.php?rest_route=\/wp\/v2\/posts\/17707\/revisions"}],"predecessor-version":[{"id":17708,"href":"https:\/\/lospoliticosveracruz.com.mx\/index.php?rest_route=\/wp\/v2\/posts\/17707\/revisions\/17708"}],"wp:attachment":[{"href":"https:\/\/lospoliticosveracruz.com.mx\/index.php?rest_route=%2Fwp%2Fv2%2Fmedia&parent=17707"}],"wp:term":[{"taxonomy":"category","embeddable":true,"href":"https:\/\/lospoliticosveracruz.com.mx\/index.php?rest_route=%2Fwp%2Fv2%2Fcategories&post=17707"},{"taxonomy":"post_tag","embeddable":true,"href":"https:\/\/lospoliticosveracruz.com.mx\/index.php?rest_route=%2Fwp%2Fv2%2Ftags&post=17707"}],"curies":[{"name":"wp","href":"https:\/\/api.w.org\/{rel}","templated":true}]}}