{"id":17785,"date":"2015-09-11T21:53:35","date_gmt":"2015-09-12T02:53:35","guid":{"rendered":"http:\/\/www.lospoliticosveracruz.com.mx\/?p=17785"},"modified":"2015-09-11T21:53:35","modified_gmt":"2015-09-12T02:53:35","slug":"le-zumban-los-oidos-a-grappa","status":"publish","type":"post","link":"https:\/\/lospoliticosveracruz.com.mx\/?p=17785","title":{"rendered":"Le zumban los o\u00eddos a Grappa"},"content":{"rendered":"<p><a href=\"http:\/\/www.lospoliticosveracruz.com.mx\/wp-content\/uploads\/2015\/09\/Pepe-Yunes.jpg\"><img loading=\"lazy\" decoding=\"async\" class=\"alignnone size-medium wp-image-17786\" src=\"http:\/\/www.lospoliticosveracruz.com.mx\/wp-content\/uploads\/2015\/09\/Pepe-Yunes-300x169.jpg\" alt=\"Pepe Yunes\" width=\"300\" height=\"169\" \/><\/a><br \/>\n<strong>Salvador Mu\u00f1oz<\/strong><\/p>\n<p><em>Los Pol\u00edticos<\/em><\/p>\n<p>Entre la chorcha que me echaba con Ingrid Mora Forsbach y Elsbeth Lenz (las hermanas del mal, se autonombran) y despu\u00e9s por la cantidad de gente que entr\u00f3 con Jos\u00e9 Yunes Zorrilla al sal\u00f3n donde se celebraba el Primer Foro de Cultura, Turismo y Cinematograf\u00eda, organizado por Ernesto Aguilar Yarmuch, \u00a1maldita la cosa! \u00a1me perd\u00ed de varias ponencias que si estuvieron como el resto que escuch\u00e9, maldigo otra vez!<br \/>\nEvento celebrado en el Hotel Bello. Por principio, no hubo espacio en el Sal\u00f3n cuando lleg\u00f3 el Senador Pepe Yunes Zorrilla, pero una vez que se saci\u00f3 el morbo de la mayor\u00eda de los reporteros, tuvimos hasta una silla para escuchar los puntos de vista de tres temas que de un modo u otro, se pueden combinar: Cultura, Turismo y Cinematograf\u00eda.<br \/>\nInsisto\u2026 me perd\u00ed el tema de la Cultura pero alcanc\u00e9 el de Turismo, con \u00c1ngel \u00c1lvaro Pe\u00f1a, ex secretario del ramo, que ante lo que creo, estuvieron duras las \u201cpedradas\u201d, ofreci\u00f3 disculpas por lo que no pudo hacer como titular en su momento de dicha \u00e1rea.<br \/>\nSin embargo, no dej\u00f3 de poner el dedo en la llaga cuando reconoci\u00f3 que cuando fue funcionario estatal, el Gobierno estatal deb\u00eda 14 millones de pesos por concepto del 2 por ciento al Hospedaje y hoy, la deuda asciende \u00a1a 70 millones!<br \/>\n(Aunque Fernando Ortiz, presidente de Hoteles y Moteles de Veracruz-Boca del R\u00edo, dijo que son 90)<br \/>\nAl final, el tuxpe\u00f1o, compadre de Joaqu\u00edn L\u00f3pez D\u00f3riga, pidi\u00f3 un alto a la retenci\u00f3n de estos recursos.<br \/>\nPor cierto, ya citando al porte\u00f1o, Fernando \u201cEl Chato\u201d Ortiz, al hablar de los 14 mil millones de pesos que cit\u00f3 recientemente el Gobernador Javier Duarte de Ochoa por concepto de turismo, cit\u00f3 que el 30% de estos ingresos se dan directamente en los Hoteles, los cuales a su vez, generan el 5% de empleo; de este porcentaje, el 68 por ciento son mujeres y a ello, hay que agregar que el 95 por ciento de los hoteleros, sus propietarios son veracruzanos.<br \/>\nSi bien esto suena halagador, no todo es miel sobre hojuelas pues se quiera o no, la cancelaci\u00f3n de fiestas y festivales, como el de Luz y Sonido en el Taj\u00edn, el Hay Festival, y el de Salsa, permean una falta de recursos que repercute en el flujo de turismo.<br \/>\nA ello se suma la Ley que citaba \u00c1ngel \u00c1lvaro Pe\u00f1a, la del 2% al Hospedaje, a la que le adeudan 90 mdp que deber\u00edan ser usados para promoci\u00f3n tur\u00edstica y que desde hace 18 meses no se ven y de las que el Gobierno estatal no da cuenta, aunque eso s\u00ed, les piden a los hoteleros que certifiquen que se entregaron tales tributos.<br \/>\nY si de desalentar se trata, dice Fernando Ortiz, all\u00ed est\u00e1n las multas de Tr\u00e1nsito que desmotivan al turismo as\u00ed como la Ley que les ordena cerrar sus establecimientos a las dos de la ma\u00f1ana.<br \/>\nEn el ramo de Turismo, en dos sexenios, ha habido siete titulares y es claro que en muchos, no hay vocaci\u00f3n de servicio.<br \/>\nLos Hoteleros pretenden varios cambios, entre los que destacan que la estancia del turista supere los dos d\u00edas de promedio y que haya una verdadera promoci\u00f3n de Veracruz.<br \/>\nPor su parte, Memo Bouchez G\u00f3mez, titular de la Canirac, fue concreto con dos puntos:<br \/>\na.- Capacitaci\u00f3n a restauranteros, en especial a las fondas, torter\u00edas, cocinas, que de un modo u otro, generan mucho empleo.<br \/>\nb.- V\u00edas de comunicaci\u00f3n en buenas condiciones, pues sin ellas, es dif\u00edcil que llegue la cultura, la educaci\u00f3n y la salud, entre otras.<br \/>\nUn Museo Itinerante llamado \u201cVeracruz, mi tierra por orgullo\u201d, es el proyecto de Francisco P\u00e9rez Sosa para llevar a todos lados, en un espacio de 600 metros cuadrados, desde Toponimia, Flora, Fauna, Arte, Historia, Acuario, Voladores de Papantla, Ciencia y Tecnolog\u00eda y m\u00e1s, en aras de despertar las sensaciones, no tan s\u00f3lo de los veracruzanos, sino de los turistas que tuvieran la oportunidad de toparse con este museo.<br \/>\nEn el asunto de Cinematograf\u00eda, Fabrizio Prada (su padre me jalaba de la oreja para llevarme a clases), quien ley\u00f3 su ponencia desde su m\u00f3vil (excelente vista), concentra su propuesta en hacer pel\u00edculas jarochas, sean de ficci\u00f3n o documentales, pero que sean hechas en Veracruz bajo un lema sencillo: los promocionales son ef\u00edmeros; las pel\u00edculas son eternas.<br \/>\nLos presentes piden que Hugo Stiglitz se ponga de pie para rendirle un homenaje con aplausos. De flashback, Robinson Crusoe, Tintorera, Los Sobrevivientes de los Andes, El Llanto de la Tortuga, y una entrevista que le hice en Nanciyaga, fue lo que vino a mi mente al ver al gal\u00e1n de los 70, quien pide que la Cinematograf\u00eda sea tomada como una real industria que tiene la particularidad de, en una pel\u00edcula, recrear todas las artes\u2026 \u00bfy por qu\u00e9 Hugo Stiglitz en este foro siendo defe\u00f1o? \u00a1Ah! nada m\u00e1s porque en su larga filmograf\u00eda, al menos una decena de pel\u00edculas ha hecho en Veracruz.<br \/>\nLuz Montero, joven de 25 a\u00f1os, pero con una gran experiencia en el ramo de cortometrajes, reconoci\u00f3 que hay apoyo para el cine aunque lament\u00f3 que \u00e9ste, as\u00ed como las facilidades, se den para empresas extranjeras y no a los locales. Evidenci\u00f3 que para las autoridades, el cine no es una prioridad y los directores y artistas independientes, adem\u00e1s de tener que trabajar en otras \u00e1reas ajenas a su espectro, son vistos como algo banal. Si ellos, los artistas, los directores, los actores, hacen algo, la mayor parte es con amigos y esfuerzo propio.<br \/>\nPara concluir, el alcalde de Naolinco, Francisco Guevara, pidi\u00f3 el apoyo de los all\u00ed reunidos para que lo aconsejen\u2026 en breve ha de construir un Museo Comunitario al lado de las cascadas y en El Espinal, el pueblo m\u00e1s grande de los 21 que conforman este municipio, ha de abrir una Casa de Cultura\u2026 \u00bfqu\u00e9 hacer y qu\u00e9 llevar a ellos?<br \/>\nLas palabras del Senador Jos\u00e9 Yunes Zorrilla se pueden concretar as\u00ed: \u201cEl drama que pasa en turismo es el mismo que pasa pr\u00e1cticamente en todas las expresiones de car\u00e1cter p\u00fablico del estado. Recursos insuficientes, de por s\u00ed en origen y en dise\u00f1o, y que se agravan al no reportarlos como las leyes lo determinan, ante una inercia de gasto corriente que se come los recursos de cultura, de turismo, de educaci\u00f3n y de los que se dejen\u201d.<br \/>\nMientras, se espera que en breve, Ernesto Aguilar Yarmuch anuncie el pr\u00f3ximo foro de Cultura, Turismo y Cinematograf\u00eda donde haya m\u00e1s proyectos posibles de cristalizar\u2026 esperemos que para ese entonces, le hayan dejado de zumbar los o\u00eddos a Harry Grappa\u2026<\/p>\n<p><strong>\u00a1As\u00ed va la Liga!<\/strong><br \/>\nMientras en las instalaciones de la Confederaci\u00f3n Regional Campesina de Veracruz instalaron la Comisi\u00f3n de Procesos Internos para la Renovaci\u00f3n de la Presidencia de la Liga de Comunidades Agrarias y Sindicatos Campesinos en el estado de Veracruz, \u201cChilo\u201d Pulido Reyes refrend\u00f3 su apoyo total al proyecto de Juan Carlos Molina Palacios, reconociendo que con su iniciativa, experiencia y capacidad podr\u00e1 rescatar al sector campesino de la dif\u00edcil situaci\u00f3n que enfrenta actualmente. La Guardia Agrarista de la CNC se une a la intenci\u00f3n del l\u00edder ca\u00f1ero de consolidar una candidatura de unidad.<\/p>\n","protected":false},"excerpt":{"rendered":"<p>Salvador Mu\u00f1oz Los Pol\u00edticos Entre la chorcha que me echaba con Ingrid Mora Forsbach y Elsbeth Lenz (las hermanas del mal, se autonombran) y despu\u00e9s por la cantidad de gente que entr\u00f3 con Jos\u00e9 Yunes Zorrilla al sal\u00f3n donde se celebraba el Primer Foro de Cultura, Turismo y Cinematograf\u00eda, organizado por Ernesto Aguilar Yarmuch, \u00a1maldita [&hellip;]<\/p>\n","protected":false},"author":2,"featured_media":0,"comment_status":"open","ping_status":"open","sticky":false,"template":"","format":"standard","meta":{"_jetpack_newsletter_access":"","_jetpack_dont_email_post_to_subs":false,"_jetpack_newsletter_tier_id":0,"_jetpack_memberships_contains_paywalled_content":false,"_jetpack_memberships_contains_paid_content":false,"footnotes":""},"categories":[70],"tags":[3386,3387,3394,3389,3391,3392,3393,3390,246,3382],"class_list":["post-17785","post","type-post","status-publish","format-standard","hentry","category-de-opinion","tag-cultura","tag-ernesto-aguilar-yarmuch","tag-fabrizio-prada","tag-fernando-ortiz","tag-francisco-perez-sosa","tag-hugo-stiglitz","tag-luz-montero","tag-memo-bouchez-gomez","tag-pepe-yunes-zorrilla","tag-turismo-y-cinematografia"],"jetpack_featured_media_url":"","jetpack_sharing_enabled":true,"jetpack_shortlink":"https:\/\/wp.me\/p4Qcd3-4CR","_links":{"self":[{"href":"https:\/\/lospoliticosveracruz.com.mx\/index.php?rest_route=\/wp\/v2\/posts\/17785","targetHints":{"allow":["GET"]}}],"collection":[{"href":"https:\/\/lospoliticosveracruz.com.mx\/index.php?rest_route=\/wp\/v2\/posts"}],"about":[{"href":"https:\/\/lospoliticosveracruz.com.mx\/index.php?rest_route=\/wp\/v2\/types\/post"}],"author":[{"embeddable":true,"href":"https:\/\/lospoliticosveracruz.com.mx\/index.php?rest_route=\/wp\/v2\/users\/2"}],"replies":[{"embeddable":true,"href":"https:\/\/lospoliticosveracruz.com.mx\/index.php?rest_route=%2Fwp%2Fv2%2Fcomments&post=17785"}],"version-history":[{"count":1,"href":"https:\/\/lospoliticosveracruz.com.mx\/index.php?rest_route=\/wp\/v2\/posts\/17785\/revisions"}],"predecessor-version":[{"id":17787,"href":"https:\/\/lospoliticosveracruz.com.mx\/index.php?rest_route=\/wp\/v2\/posts\/17785\/revisions\/17787"}],"wp:attachment":[{"href":"https:\/\/lospoliticosveracruz.com.mx\/index.php?rest_route=%2Fwp%2Fv2%2Fmedia&parent=17785"}],"wp:term":[{"taxonomy":"category","embeddable":true,"href":"https:\/\/lospoliticosveracruz.com.mx\/index.php?rest_route=%2Fwp%2Fv2%2Fcategories&post=17785"},{"taxonomy":"post_tag","embeddable":true,"href":"https:\/\/lospoliticosveracruz.com.mx\/index.php?rest_route=%2Fwp%2Fv2%2Ftags&post=17785"}],"curies":[{"name":"wp","href":"https:\/\/api.w.org\/{rel}","templated":true}]}}