{"id":18172,"date":"2015-10-06T22:43:58","date_gmt":"2015-10-07T03:43:58","guid":{"rendered":"http:\/\/www.lospoliticosveracruz.com.mx\/?p=18172"},"modified":"2015-10-06T22:43:58","modified_gmt":"2015-10-07T03:43:58","slug":"fiscalia-pervertida","status":"publish","type":"post","link":"https:\/\/lospoliticosveracruz.com.mx\/?p=18172","title":{"rendered":"Fiscal\u00eda, pervertida"},"content":{"rendered":"<p><a href=\"http:\/\/www.lospoliticosveracruz.com.mx\/wp-content\/uploads\/2015\/01\/Luis-Angel-Bravo.jpg\"><img loading=\"lazy\" decoding=\"async\" class=\"alignnone size-medium wp-image-14631\" src=\"http:\/\/www.lospoliticosveracruz.com.mx\/wp-content\/uploads\/2015\/01\/Luis-Angel-Bravo-300x168.jpg\" alt=\"Luis Angel Bravo\" width=\"300\" height=\"168\" \/><\/a><\/p>\n<p><strong>Gabriel Arellano L\u00f3pez<\/strong><\/p>\n<p><em>Escenario<\/em><\/p>\n<p>En tanto que la Fiscal\u00eda del Estado muestra una sobrada eficiencia en el caso de la denuncia de diputados priistas contra el alcalde panista de Boca del R\u00edo, Miguel Angel Yunes M\u00e1rquez, otros veracruzanos, simples mortales, piden y esperan infructuosamente que esa misma Fiscal\u00eda atienda y resuelva casos como, por ejemplo, el de las muchas, cientos o miles, de personas desaparecidas.<br \/>\nAl respecto, ayer, el Colectivo por la Paz, denunci\u00f3 que de 30 asuntos s\u00f3lo 2 han sido resueltos, pero a lo largo y ancho de Veracruz subsisten pendientes desde hace a\u00f1os, infinidad de problemas m\u00e1s que incluyen tambi\u00e9n, verbigracia, los feminicidios, tan dif\u00edciles de encontrar justicia.<br \/>\nLa prioridad para la Fiscal\u00eda es evidente: ayer mismo ten\u00eda citados Luis Angel Bravo Contreras a los miembros del Colectivo para hablar sobre los desaparecidos, pero al presentarse el alcalde Yunes M\u00e1rquez fueron relegados para atender al edil.<br \/>\nEse es el tono de la justicia en Veracruz, coloreteada y politizada, por m\u00e1s que el mismo Bravo Contreras jure y perjure que no es as\u00ed. \u00bfPensar\u00e1 que la gente es tonta para creerle?<br \/>\nY qu\u00e9 decir de los alcaldes se\u00f1alados por homicidio. Tanto el de Medell\u00edn como el de Coatepec contaron con todas las facilidades y escaparon, frente a las narices y la benevolencia de la autoridad.<br \/>\nY del otro, el de Fort\u00edn, acusado de golpear a una mujer. Es la hora, despu\u00e9s de meses, que la Fiscal\u00eda del Estado no acaba de corregir el nombre del municipio en el expediente para remitirlo nuevamente al Congreso, mientras que el se\u00f1alado hasta recibe en su municipio a Arturo Berm\u00fadez, el jefe de la polic\u00eda (que qui\u00e9n sabe por qu\u00e9, pero tambi\u00e9n quiere fuero) y platican tranquilos porque en Veracruz no pasa nada.<br \/>\nY as\u00ed se la lleva el fiscal Bravo Contreras, en puras fintas y mentiras, como las de los ex funcionarios involucrados en las tranzas de la obra p\u00fablica. Ya hace un a\u00f1o que ofreci\u00f3 tenerlos en la c\u00e1rcel antes de Todos Santos y nada, puro choro.<br \/>\n\u00bfC\u00f3mo creer as\u00ed que la justicia y las instituciones que deben procurarla no est\u00e1n pervertidas por el poder pol\u00edtico? Las pruebas est\u00e1n a la vista de todos.<br \/>\n<strong>DESARROLLO CON JUSTICIA: TOMAS RUIZ<\/strong><br \/>\n\u201cLos universitarios son y deben ser actores de primer orden en la promoci\u00f3n de mejores condiciones de vida de la poblaci\u00f3n, en aportar sus ideas, el conocimiento adquirido y su reconocido compromiso social, en la transformaci\u00f3n del Estado en temas precisos de este territorio\u201d, dijo ayer Tom\u00e1s Ruiz, titular de la SIOP al suscribir un convenio de colaboraci\u00f3n con Sara Ladr\u00f3n de Guevara, rectora de la Universidad Veracruzana.<br \/>\nEste acuerdo permitir\u00e1 sentar las bases para una serie de tareas que incidan en la promoci\u00f3n del desarrollo regional, por medio de diversas actividades acad\u00e9micas, cient\u00edficas y tecnol\u00f3gicas. El secretario de Infraestructura y Obras P\u00fablicas recalc\u00f3 especialmente la contribuci\u00f3n que habr\u00e1n de hacer los alumnos y pasantes de las carreras de ingenier\u00eda y arquitectura, que podr\u00e1n prestar su servicio social en la dependencia y apoyar en la formulaci\u00f3n de los proyectos ejecutivos de diversas obras que se realizar\u00e1n.<br \/>\nEnfatiz\u00f3 que \u201cs\u00f3lo con la participaci\u00f3n de la juventud estudiosa, de acad\u00e9micos e investigadores comprometidos con la construcci\u00f3n de un Veracruz con mayor desarrollo, democracia, paz, justicia y libertades, podremos concretar la aspiraci\u00f3n com\u00fan por recuperar la senda del crecimiento y el desarrollo con justicia y equidad que requiere la Entidad\u201d, destacando que el aporte de la UV es indispensable para lograrlo.<br \/>\nEn la Sala de Juntas de la Rector\u00eda, Ruiz Gonz\u00e1lez expres\u00f3 que para el Gobierno de Veracruz es motivo de gran satisfacci\u00f3n compartir con una instituci\u00f3n de tanto prestigio, como la UV, el trabajo para contribuir al desarrollo y progreso de la poblaci\u00f3n, lo que sin duda acredita el compromiso y raigambre social de esta instituci\u00f3n reconocida nacional e internacionalmente.<br \/>\nPor su parte, la rectora Ladr\u00f3n de Guevara Gonz\u00e1lez manifest\u00f3 que este acuerdo tendr\u00e1 un impacto en los distintos quehaceres y \u00e1mbitos del saber, ya que permitir\u00e1 el progreso conjunto de estrategias y l\u00edneas de investigaci\u00f3n tendientes a promover un desarrollo urbano sustentable, tomando en cuenta temas como la conectividad en zonas urbanas y rurales, respeto a la cultura y dise\u00f1o de barrios y colonias, transporte inteligente, manejo organizado y con sentido sustentable de los residuos y el dise\u00f1o de \u00e1reas verdes multifuncionales.<br \/>\n<strong>REFORMA HACENDARIA, LOGROS<\/strong><br \/>\nContrariamente a algunos prominentes priistas que acaso en un rato de irreflexi\u00f3n se han atrevido a criticarla, el senador Pepe Yunes defendi\u00f3 ayer la Reforma Hacendaria y afirm\u00f3 que \u00e9sta ha logrado que la econom\u00eda y las finanzas p\u00fablicas dependan cada vez menos de los ingresos petroleros. Antes de 2012, explic\u00f3, de cada peso que gastaba el Gobierno de la Rep\u00fablica, 40 centavos ten\u00edan como fuente de financiamiento los ingresos petroleros. Despu\u00e9s de la Reforma Hacendaria es s\u00f3lo el 17 por ciento.<\/p>\n<p>\u201cTambi\u00e9n se ha dicho que la Reforma Hacendaria inhibe la inversi\u00f3n. Pero en el primer semestre de 2015, el indicador de la inversi\u00f3n fija bruta del pa\u00eds creci\u00f3 como no ven\u00eda haci\u00e9ndolo los \u00faltimos seis o siete a\u00f1os, lo que demuestra que no obstante estas reglas fiscales, el pa\u00eds sigue siendo destino para los capitales generadores de empleo y de dinamismo econ\u00f3mico. Yo diferenciar\u00eda lo que es un posicionamiento pol\u00edtico-partidario, de lo que con cifras se puede sostener\u201d.<\/p>\n<p>El veracruzano presidente de la Comisi\u00f3n de Hacienda y Cr\u00e9dito P\u00fablico del Senado, sintetiz\u00f3 que \u201cel pa\u00eds va caminando en la direcci\u00f3n correcta no obstante lo vol\u00e1til y complicado del entorno internacional\u2026M\u00e9xico ha permanecido creciendo de manera constante; prueba de ello es que en el primer semestre de este a\u00f1o el crecimiento fue de alrededor de 2.5 por ciento del Producto Interno Bruto, lo que demuestra vigor en variables que representan mucho para la calidad de vida de los mexicanos\u201d.<\/p>\n<p>Abund\u00f3 a\u00fan m\u00e1s y puso como ejemplo el hecho de que ha decrecido la inflaci\u00f3n, ha aumentado la ocupaci\u00f3n formal y se han abatido las tasas de desempleo, lo que permite que haya una consistencia relevante en el mercado laboral. \u201cY en ese sentido hay, uno por uno, indicadores que muestran que la econom\u00eda va por el camino correcto y que va a generar en el mediano plazo las condiciones y los resultados que estamos esperando en el pa\u00eds\u201d, subray\u00f3 el cuasi candidato a gobernador de Veracruz que hoy recibir\u00e1 en el Senado a su amigo Luis Videgaray, secretario de Hacienda y Cr\u00e9dito P\u00fablico.<\/p>\n","protected":false},"excerpt":{"rendered":"<p>Gabriel Arellano L\u00f3pez Escenario En tanto que la Fiscal\u00eda del Estado muestra una sobrada eficiencia en el caso de la denuncia de diputados priistas contra el alcalde panista de Boca del R\u00edo, Miguel Angel Yunes M\u00e1rquez, otros veracruzanos, simples mortales, piden y esperan infructuosamente que esa misma Fiscal\u00eda atienda y resuelva casos como, por ejemplo, [&hellip;]<\/p>\n","protected":false},"author":2,"featured_media":0,"comment_status":"open","ping_status":"open","sticky":false,"template":"","format":"standard","meta":{"_jetpack_newsletter_access":"","_jetpack_dont_email_post_to_subs":false,"_jetpack_newsletter_tier_id":0,"_jetpack_memberships_contains_paywalled_content":false,"_jetpack_memberships_contains_paid_content":false,"footnotes":""},"categories":[70],"tags":[601,2436,3586,496,536],"class_list":["post-18172","post","type-post","status-publish","format-standard","hentry","category-de-opinion","tag-boca-del-rio","tag-colectivo-por-la-paz","tag-fiscalia-del-estado","tag-luis-angel-bravo-contreras","tag-miguel-angel-yunes-marquez"],"jetpack_featured_media_url":"","jetpack_sharing_enabled":true,"jetpack_shortlink":"https:\/\/wp.me\/p4Qcd3-4J6","_links":{"self":[{"href":"https:\/\/lospoliticosveracruz.com.mx\/index.php?rest_route=\/wp\/v2\/posts\/18172","targetHints":{"allow":["GET"]}}],"collection":[{"href":"https:\/\/lospoliticosveracruz.com.mx\/index.php?rest_route=\/wp\/v2\/posts"}],"about":[{"href":"https:\/\/lospoliticosveracruz.com.mx\/index.php?rest_route=\/wp\/v2\/types\/post"}],"author":[{"embeddable":true,"href":"https:\/\/lospoliticosveracruz.com.mx\/index.php?rest_route=\/wp\/v2\/users\/2"}],"replies":[{"embeddable":true,"href":"https:\/\/lospoliticosveracruz.com.mx\/index.php?rest_route=%2Fwp%2Fv2%2Fcomments&post=18172"}],"version-history":[{"count":1,"href":"https:\/\/lospoliticosveracruz.com.mx\/index.php?rest_route=\/wp\/v2\/posts\/18172\/revisions"}],"predecessor-version":[{"id":18173,"href":"https:\/\/lospoliticosveracruz.com.mx\/index.php?rest_route=\/wp\/v2\/posts\/18172\/revisions\/18173"}],"wp:attachment":[{"href":"https:\/\/lospoliticosveracruz.com.mx\/index.php?rest_route=%2Fwp%2Fv2%2Fmedia&parent=18172"}],"wp:term":[{"taxonomy":"category","embeddable":true,"href":"https:\/\/lospoliticosveracruz.com.mx\/index.php?rest_route=%2Fwp%2Fv2%2Fcategories&post=18172"},{"taxonomy":"post_tag","embeddable":true,"href":"https:\/\/lospoliticosveracruz.com.mx\/index.php?rest_route=%2Fwp%2Fv2%2Ftags&post=18172"}],"curies":[{"name":"wp","href":"https:\/\/api.w.org\/{rel}","templated":true}]}}