{"id":18202,"date":"2015-10-07T19:25:10","date_gmt":"2015-10-08T00:25:10","guid":{"rendered":"http:\/\/www.lospoliticosveracruz.com.mx\/?p=18202"},"modified":"2015-10-07T19:25:10","modified_gmt":"2015-10-08T00:25:10","slug":"se-politiza-la-justicia-o-se-judicializa-la-politica","status":"publish","type":"post","link":"https:\/\/lospoliticosveracruz.com.mx\/?p=18202","title":{"rendered":"\u00bfSe politiza la justicia o se judicializa la pol\u00edtica?"},"content":{"rendered":"<p><a href=\"http:\/\/www.lospoliticosveracruz.com.mx\/wp-content\/uploads\/2014\/10\/Luis-Angel-Bravo-Contreras.jpg\"><img loading=\"lazy\" decoding=\"async\" class=\"alignnone size-medium wp-image-12914\" src=\"http:\/\/www.lospoliticosveracruz.com.mx\/wp-content\/uploads\/2014\/10\/Luis-Angel-Bravo-Contreras-300x144.jpg\" alt=\"Luis Angel Bravo Contreras\" width=\"300\" height=\"144\" \/><\/a><br \/>\n<strong>\u00c1lvaro Belin Andrade<\/strong><\/p>\n<p><em>Hora Libre<\/em><\/p>\n<p>Veracruz est\u00e1 viviendo un periodo marcado por la judicializaci\u00f3n de la pol\u00edtica, aunque el Fiscal General del Estado, Luis \u00c1ngel Bravo Contreras, se queje de que sus detractores est\u00e9n politizando asuntos de \u00edndole judicial.<br \/>\nLos casos abiertos contra pol\u00edticos en activo, todos ellos enemigos del r\u00e9gimen, se han dado en racimo. El hormiguero pol\u00edtico provocado por los expedientes abiertos en la Fiscal\u00eda ya empieza a generar un grave impacto en la endeble estabilidad de un estado en que el inminente proceso preelectoral para definir candidaturas al gobierno estatal est\u00e1 poniendo a todos de punta.<br \/>\nA la r\u00e1pida respuesta para investigar un posible enriquecimiento il\u00edcito del alcalde boque\u00f1o Miguel \u00c1ngel Yunes M\u00e1rquez, cuyo acoso comenz\u00f3 con la semana y sigui\u00f3 con su comparecencia ante el agente ministerial Guillermo Altamirano Bencomo el martes (derivado de la denuncia presentada por diputados locales del PRI que distan de ser blancas palomas), se ha sumado de inmediato el inicio del juicio de procedencia para desaforar al diputado local Renato Tronco G\u00f3mez, se\u00f1alado como autor intelectual del homicidio en junio de 2006 de Alfredo P\u00e9rez Ju\u00e1rez, regidor de Las Choapas durante su mandato como alcalde.<br \/>\nLas reacciones del alcalde panista, cuya persecuci\u00f3n judicial obedecer\u00eda al deseo de provocar una descalificaci\u00f3n de su padre en su intento por pelear la candidatura blanquiazul a la gubernatura en 2016, y del folcl\u00f3rico diputado local por Coatzacoalcos II, quien se ha apuntado para contender como candidato independiente al mismo puesto, han mantenido a la entidad en el mapa pol\u00edtico nacional.<br \/>\nEl primero ya ha dicho que pelear\u00e1 ante la justicia federal un amparo que impida su detenci\u00f3n, porque las condiciones est\u00e1n puestas para que el Congreso local d\u00e9 curso a su desafuero, mientras que Renato Tronco ha reaccionado de manera inmediata con el bloqueo de carreteras en el sur, particularmente la que une a Veracruz con Chiapas.<br \/>\nSi a ello unimos otros asuntos que han puesto en el torbellino pol\u00edtico al gobierno de Javier Duarte de Ochoa, como la inminente aprobaci\u00f3n del incremento en 50 por ciento al impuesto a la n\u00f3mina, que este jueves ser\u00eda aprobado para pasar del 2 al 3 por ciento, y la confrontaci\u00f3n abierta con el senador H\u00e9ctor Yunes Landa (quien este mi\u00e9rcoles se ha sumado al rechazo al incremento fiscal), en los pr\u00f3ximos d\u00edas tendremos que ver la capacidad jur\u00eddica y pol\u00edtica del gobierno estatal para ganar en tantos frentes de batalla como los que ha abierto.<\/p>\n<p><strong>El oportunismo pol\u00edtico de las denuncias<\/strong><\/p>\n<p>No quiero decir con esto que los casos de solicitud de desafuero contra un alcalde panista y un diputado local \u2018independiente\u2019 carezcan de raz\u00f3n jur\u00eddica.<br \/>\nEs posible que, en efecto, los famosos Yunes del estero deban explicar el origen l\u00edcito de sus fortunas, a la vista de las cuantiosas inversiones hechas en sus bienes inmuebles, o que Renato Tronco deba responder ante la justicia por la acusaci\u00f3n de autor\u00eda intelectual del asesinato de quien fuera regidor en su mandato municipal en 2006.<br \/>\nLo extra\u00f1o es que ambos procesos se hayan abierto en los meses previos a la selecci\u00f3n de candidatos a la minigubernatura y al proceso que podr\u00eda abrir la puerta a la alternancia pol\u00edtica en una entidad que no la ha conocido en ocho d\u00e9cadas.<br \/>\nDe 2006 a la fecha, Renato Tronco G\u00f3mez ha impuesto su ansiado cacicazgo en Las Choapas y otros municipios sure\u00f1os, no solo con el consentimiento sino incluso con la complacencia y el respaldo pol\u00edtico y financiero de los gobiernos estatales priistas, marcadamente el del exgobernador Fidel Herrera Beltr\u00e1n quien logr\u00f3 atraerlo a sus filas y es se\u00f1alado de apadrinar los fervores electorales del peculiar dirigente social.<br \/>\nEl 5 de junio de 2006, en pleno inicio del gobierno fidelista, fue asesinado Alfredo P\u00e9rez Ju\u00e1rez; los dos asesinos materiales, que purgan una condena de prisi\u00f3n de 25 a\u00f1os, habr\u00edan se\u00f1alado en sus declaraciones ministeriales al entonces alcalde choapense Renato Tronco G\u00f3mez como el autor intelectual.<br \/>\nEn pleno idilio pol\u00edtico con Fidel, el ahora aspirante a la candidatura independiente por la gubernatura no fue tocado ni con el p\u00e9talo de la sospecha y, hasta donde sabemos, no se le sigui\u00f3 investigaci\u00f3n ministerial alguna por su posible involucramiento en ese hecho sangriento.<br \/>\nEn los largos nueve a\u00f1os que median con el hecho criminal, Tronco G\u00f3mez ha sido alcalde por segunda ocasi\u00f3n y diputado local por el PVEM, partido del que se desafili\u00f3 en la C\u00e1mara de Diputados para actuar por la libre; ha buscado su \u2018doble\u2019 para que le ayude en su trabajo pol\u00edtico y disfrutar del don de la ubicuidad, ha repartido dinero y dones por varios rumbos del estado, particularmente en zonas rurales y serranas, y ya se ha lanzado a la b\u00fasqueda de ser candidato independiente el pr\u00f3ximo a\u00f1o, respaldado por Tronco Marca L\u00edder y Grupo Suma Choapense.<br \/>\n\u00bfPor qu\u00e9 nueve a\u00f1os despu\u00e9s, a ra\u00edz de la renacida denuncia de la viuda del regidor, la Fiscal\u00eda veracruzana ha retomado el caso y ha solicitado al Congreso local se le inicie juicio de procedencia para lograr su desafuero y llevarlo a juicio? \u00bfNo era su posible candidatura independiente una f\u00f3rmula fidelista para reducir votos a los candidatos de izquierda en 2016, como se se\u00f1ala que la de Gerardo Buganza es un ardid para restarle votos al panismo?<br \/>\nLa airada reacci\u00f3n de Tronco G\u00f3mez ha despertado un sinn\u00famero de suspicacias. Este mi\u00e9rcoles, unos 100 de sus simpatizantes bloquearon parcialmente la carretera federal Las Choapas-Ocozocuautla en apariencia por el incumplimiento del gobierno estatal de promesas de obras y apoyos, afectando gravemente a miles de automovilistas y transportistas. El m\u00f3vil del grave bloqueo que ayer cortaba la circulaci\u00f3n entre el centro y el sureste del pa\u00eds, no cabe duda, ha sido en respuesta al anuncio de la Fiscal\u00eda de que ha iniciado el proceso para desaforar a su dirigente.<br \/>\nTronco G\u00f3mez, con ello, en lugar de amilanarse, hall\u00f3 un efectivo mecanismo para hacerse propaganda con vistas a su proyecto de participar en el proceso sucesorio.<\/p>\n<p><strong>Fidel Herrera, \u00bfel mejoral para el PRI de Veracruz?<\/strong><\/p>\n<p>En medio de tanto barullo pol\u00edtico y judicial, este mi\u00e9rcoles ha trascendido que el exgobernador Fidel Herrera habr\u00eda sido llamado por el dirigente nacional priista, Manlio Fabio Beltrones, para que opere como delegado del CEN en el mism\u00edsimo estado que dej\u00f3 hundido en su mayor desgracia financiera.<br \/>\nEn un despacho informativo firmado por un tal V\u00edctor Hugo Arteaga, adem\u00e1s de dar por hecho el nombramiento de Beltrones, se atribuye al cuenque\u00f1o el triunfo priista en los comicios federales del a\u00f1o pasado en Oaxaca, al haber logrado cerca de 300 mil de votos, con lo que venci\u00f3 al PRD y se adjudic\u00f3 nueve de las 17 diputaciones federales.<br \/>\nCalificada como una vacilada, como un calambre tanto a priistas que le habr\u00edan despojado de la fidelidad jurada (incluido el gobernador Javier Duarte de Ochoa) como a los panistas, a quienes les pondr\u00edan enfrente al mayor enemigo de Miguel \u00c1ngel Yunes Linares, la versi\u00f3n gener\u00f3 inquietud en varios y una sonora carcajada en los que hace tiempo cavan la tumba para enterrar al cad\u00e1ver pol\u00edtico del de Nopaltepec. Pero, \u00bfde verdad est\u00e1 muerto pol\u00edticamente? Que Dios nos agarre confesados.<\/p>\n","protected":false},"excerpt":{"rendered":"<p>\u00c1lvaro Belin Andrade Hora Libre Veracruz est\u00e1 viviendo un periodo marcado por la judicializaci\u00f3n de la pol\u00edtica, aunque el Fiscal General del Estado, Luis \u00c1ngel Bravo Contreras, se queje de que sus detractores est\u00e9n politizando asuntos de \u00edndole judicial. Los casos abiertos contra pol\u00edticos en activo, todos ellos enemigos del r\u00e9gimen, se han dado en [&hellip;]<\/p>\n","protected":false},"author":2,"featured_media":0,"comment_status":"open","ping_status":"open","sticky":false,"template":"","format":"standard","meta":{"_jetpack_newsletter_access":"","_jetpack_dont_email_post_to_subs":false,"_jetpack_newsletter_tier_id":0,"_jetpack_memberships_contains_paywalled_content":false,"_jetpack_memberships_contains_paid_content":false,"footnotes":""},"categories":[70],"tags":[348,260,496,536,1855],"class_list":["post-18202","post","type-post","status-publish","format-standard","hentry","category-de-opinion","tag-hector-yunes-landa","tag-javier-duarte-de-ochoa","tag-luis-angel-bravo-contreras","tag-miguel-angel-yunes-marquez","tag-renato-tronco-gomez"],"jetpack_featured_media_url":"","jetpack_sharing_enabled":true,"jetpack_shortlink":"https:\/\/wp.me\/p4Qcd3-4JA","_links":{"self":[{"href":"https:\/\/lospoliticosveracruz.com.mx\/index.php?rest_route=\/wp\/v2\/posts\/18202","targetHints":{"allow":["GET"]}}],"collection":[{"href":"https:\/\/lospoliticosveracruz.com.mx\/index.php?rest_route=\/wp\/v2\/posts"}],"about":[{"href":"https:\/\/lospoliticosveracruz.com.mx\/index.php?rest_route=\/wp\/v2\/types\/post"}],"author":[{"embeddable":true,"href":"https:\/\/lospoliticosveracruz.com.mx\/index.php?rest_route=\/wp\/v2\/users\/2"}],"replies":[{"embeddable":true,"href":"https:\/\/lospoliticosveracruz.com.mx\/index.php?rest_route=%2Fwp%2Fv2%2Fcomments&post=18202"}],"version-history":[{"count":1,"href":"https:\/\/lospoliticosveracruz.com.mx\/index.php?rest_route=\/wp\/v2\/posts\/18202\/revisions"}],"predecessor-version":[{"id":18203,"href":"https:\/\/lospoliticosveracruz.com.mx\/index.php?rest_route=\/wp\/v2\/posts\/18202\/revisions\/18203"}],"wp:attachment":[{"href":"https:\/\/lospoliticosveracruz.com.mx\/index.php?rest_route=%2Fwp%2Fv2%2Fmedia&parent=18202"}],"wp:term":[{"taxonomy":"category","embeddable":true,"href":"https:\/\/lospoliticosveracruz.com.mx\/index.php?rest_route=%2Fwp%2Fv2%2Fcategories&post=18202"},{"taxonomy":"post_tag","embeddable":true,"href":"https:\/\/lospoliticosveracruz.com.mx\/index.php?rest_route=%2Fwp%2Fv2%2Ftags&post=18202"}],"curies":[{"name":"wp","href":"https:\/\/api.w.org\/{rel}","templated":true}]}}