{"id":18235,"date":"2015-10-08T21:05:21","date_gmt":"2015-10-09T02:05:21","guid":{"rendered":"http:\/\/www.lospoliticosveracruz.com.mx\/?p=18235"},"modified":"2015-10-08T21:05:21","modified_gmt":"2015-10-09T02:05:21","slug":"inseguridad-en-la-huasteca","status":"publish","type":"post","link":"https:\/\/lospoliticosveracruz.com.mx\/?p=18235","title":{"rendered":"Inseguridad en la Huasteca"},"content":{"rendered":"<p><a href=\"http:\/\/www.lospoliticosveracruz.com.mx\/wp-content\/uploads\/2015\/10\/Tempoal.jpeg\"><img loading=\"lazy\" decoding=\"async\" class=\"alignnone size-medium wp-image-18236\" src=\"http:\/\/www.lospoliticosveracruz.com.mx\/wp-content\/uploads\/2015\/10\/Tempoal-300x200.jpeg\" alt=\"Tempoal\" width=\"300\" height=\"200\" \/><\/a><\/p>\n<p><strong>Luis Alberto Romero<\/strong><\/p>\n<p><em>Hora Cero<\/em><\/p>\n<p>La cancelaci\u00f3n de la visita del secretario de Gobernaci\u00f3n, Miguel \u00c1ngel Osorio Chong, al municipio de Tempoal, en la Huasteca de Veracruz, cay\u00f3 como balde de agua fr\u00eda a los empresarios de esa regi\u00f3n, que comprende cuatro entidades del pa\u00eds, en virtud de que ese foro ser\u00eda aprovechado para exponer los problemas de inseguridad a los representantes de esa y otras tres instancias del gobierno federal, Marina, Defensa Nacional y Procuradur\u00eda General de la Rep\u00fablica.<br \/>\nEn el marco de la visita del titular de la Segob a ese lugar, no s\u00f3lo se llevar\u00eda a efecto la inauguraci\u00f3n del Campo Militar de la Huasteca \u2013donado por el gobierno del Estado\u2013, sino, lo m\u00e1s importante, la reuni\u00f3n del Gabinete Nacional de Seguridad, a la que asistir\u00edan cuatro gobernadores: Edigio Torre Cant\u00fa, de Tamaulipas; Jos\u00e9 Francisco Olvera, de Hidalgo; Juan Manuel Carreras, de San Luis Potos\u00ed; y Javier Duarte de Ochoa, de Veracruz; adem\u00e1s de los titulares de la Comisi\u00f3n Nacional de Seguridad, Monte Alejandro Rubido; y de la Polic\u00eda Federal, Enrique Francisco Galindo.<br \/>\nPor sus dimensiones, no se trata de un problema estatal que \u00fanicamente corresponda a Veracruz, sino un tema de car\u00e1cter regional que involucra a cuatro estados que comparten l\u00edmites territoriales; su atenci\u00f3n es urgente debido a la enorme presi\u00f3n social.<br \/>\nPodr\u00edamos decir que la inseguridad en la Huasteca es un problema que amenaza con desbordarse.<br \/>\nNo es un tema nuevo; de hecho, desde hace al menos una d\u00e9cada el asunto ha comenzado a salir de control; sin embargo, en los \u00faltimos meses ha crecido de forma exponencial la percepci\u00f3n de que esa regi\u00f3n es tierra de nadie.<\/p>\n<p><strong>Desesperaci\u00f3n empresarial<\/strong><br \/>\nLa carta que enviaron los empresarios tamaulipecos al presidente Enrique Pe\u00f1a Nieto revela una mezcla de hartazgo, indignaci\u00f3n y exigencia de orden y justicia, que haga prevalecer el estado de derecho en un punto del pa\u00eds en que parece que la \u00fanica ley vigente es la de la selva. En el documento, las c\u00e1maras empresariales sostienen que los niveles de inseguridad en la Huasteca son inaceptables; que los \u00edndices de secuestro y asesinato en la zona est\u00e1n 10 veces por encima de la media nacional; que la coordinaci\u00f3n que existe entre las autoridades no es suficiente; y que es imprescindible la intervenci\u00f3n del gobierno federal.<br \/>\nHace casi dos semanas, en el municipio de Pueblo Viejo fueron hallados los cuerpos de los empresarios Juan Manuel G\u00f3mez Fern\u00e1ndez y Juan Manuel G\u00f3mez Monteverde, originarios de Tamaulipas que fueron plagiados hace un mes, el 4 de septiembre; la familia pag\u00f3 el rescate pero a pesar de ello fueron ultimados en territorio veracruzano.<br \/>\nSi bien esa fue la gota que derram\u00f3 el vaso y provoc\u00f3 la reacci\u00f3n de las organizaciones patronales, comerciales y empresariales de Tampico, Ciudad Madero y Matamoros, no es el \u00fanico crimen que ocurre en las semanas recientes y que afecta a gente de Tamaulipas, Hidalgo, San Luis Potos\u00ed y Veracruz.<br \/>\nEn la entidad gobernada por Juan Manuel Carreras, la desesperaci\u00f3n gubernamental y la necesidad de reacci\u00f3n ante los altos niveles de inseguridad en esos l\u00edmites territoriales obligaron a la administraci\u00f3n estatal pr\u00e1cticamente a militarizar las tareas de vigilancia y prevenci\u00f3n del delito; con el nombramiento de Arturo Guti\u00e9rrez Garc\u00eda en la Secretar\u00eda de Seguridad P\u00fablica, lleg\u00f3 un grupo de mandos militares, 85 en total, que partieron de Nuevo Le\u00f3n, Distrito Federal, Estado de M\u00e9xico y Coahuila para hacer frente a este problema en San Luis Potos\u00ed.<\/p>\n<p><strong>El norte veracruzano<\/strong><br \/>\nSi las quejas por el problema de inseguridad aumentan cada d\u00eda y suben de tono en cuanto a la exigencia de atenci\u00f3n gubernamental por parte de los empresarios de Tamaulipas y San Luis Potos\u00ed, en el norte de Veracruz la situaci\u00f3n tambi\u00e9n comienza a complicarse.<br \/>\nLugares como Pueblo Viejo, Chiconamel, Tempoal, Plat\u00f3n S\u00e1nchez, El Higo, Tantoyuca, Ozuluama y, sobre todo, P\u00e1nuco, se han convertido en focos rojos en materia de inseguridad. El caso m\u00e1s extremo, probablemente, ocurre en la comunidad de El Moralillo, donde se ubica el puente que comunica a Veracruz con Tamaulipas; ah\u00ed, desde hace a\u00f1os hay quejas en el sentido de que el cruce entre ambas entidades es controlado por la delincuencia organizada, que cobrar\u00eda cuotas por permitir el libre paso de particulares.<br \/>\nEl caso de esa comunidad del norte veracruzano es tan grave que los transportistas prefieren evitar el paso por ese lugar, como lo declar\u00f3 Jes\u00fas L\u00f3pez Sandoval, presidente de la Confederaci\u00f3n Nacional de Autotransportes Mexicanos, quien asegur\u00f3 que todos los d\u00edas hay reportes de robo en El Moralillo.<br \/>\nEvidentemente, los convenios de colaboraci\u00f3n que sign\u00f3 el gobierno de Veracruz con sus pares de Tamaulipas e Hidalgo, as\u00ed como el reforzamiento de la seguridad han sido insuficientes para frenar ese problema, que amenaza con desbordarse.<br \/>\nPor ello resulta importante, urgente, la intervenci\u00f3n del gobierno federal en la regi\u00f3n Huasteca; y por ello el lamento de los empresarios ante la cancelaci\u00f3n de la reuni\u00f3n del Gabinete Nacional de Seguridad, que encabezar\u00eda el secretario Miguel \u00c1ngel Osorio Chong en Tempoal. @luisromero85<\/p>\n","protected":false},"excerpt":{"rendered":"<p>Luis Alberto Romero Hora Cero La cancelaci\u00f3n de la visita del secretario de Gobernaci\u00f3n, Miguel \u00c1ngel Osorio Chong, al municipio de Tempoal, en la Huasteca de Veracruz, cay\u00f3 como balde de agua fr\u00eda a los empresarios de esa regi\u00f3n, que comprende cuatro entidades del pa\u00eds, en virtud de que ese foro ser\u00eda aprovechado para exponer [&hellip;]<\/p>\n","protected":false},"author":2,"featured_media":0,"comment_status":"open","ping_status":"open","sticky":false,"template":"","format":"standard","meta":{"_jetpack_newsletter_access":"","_jetpack_dont_email_post_to_subs":false,"_jetpack_newsletter_tier_id":0,"_jetpack_memberships_contains_paywalled_content":false,"_jetpack_memberships_contains_paid_content":false,"footnotes":""},"categories":[70],"tags":[3609,445,3607,3608],"class_list":["post-18235","post","type-post","status-publish","format-standard","hentry","category-de-opinion","tag-campo-militar-huasteca","tag-miguel-angel-osorio-chong","tag-secretario-de-gobernacion","tag-tempoal"],"jetpack_featured_media_url":"","jetpack_sharing_enabled":true,"jetpack_shortlink":"https:\/\/wp.me\/p4Qcd3-4K7","_links":{"self":[{"href":"https:\/\/lospoliticosveracruz.com.mx\/index.php?rest_route=\/wp\/v2\/posts\/18235","targetHints":{"allow":["GET"]}}],"collection":[{"href":"https:\/\/lospoliticosveracruz.com.mx\/index.php?rest_route=\/wp\/v2\/posts"}],"about":[{"href":"https:\/\/lospoliticosveracruz.com.mx\/index.php?rest_route=\/wp\/v2\/types\/post"}],"author":[{"embeddable":true,"href":"https:\/\/lospoliticosveracruz.com.mx\/index.php?rest_route=\/wp\/v2\/users\/2"}],"replies":[{"embeddable":true,"href":"https:\/\/lospoliticosveracruz.com.mx\/index.php?rest_route=%2Fwp%2Fv2%2Fcomments&post=18235"}],"version-history":[{"count":1,"href":"https:\/\/lospoliticosveracruz.com.mx\/index.php?rest_route=\/wp\/v2\/posts\/18235\/revisions"}],"predecessor-version":[{"id":18237,"href":"https:\/\/lospoliticosveracruz.com.mx\/index.php?rest_route=\/wp\/v2\/posts\/18235\/revisions\/18237"}],"wp:attachment":[{"href":"https:\/\/lospoliticosveracruz.com.mx\/index.php?rest_route=%2Fwp%2Fv2%2Fmedia&parent=18235"}],"wp:term":[{"taxonomy":"category","embeddable":true,"href":"https:\/\/lospoliticosveracruz.com.mx\/index.php?rest_route=%2Fwp%2Fv2%2Fcategories&post=18235"},{"taxonomy":"post_tag","embeddable":true,"href":"https:\/\/lospoliticosveracruz.com.mx\/index.php?rest_route=%2Fwp%2Fv2%2Ftags&post=18235"}],"curies":[{"name":"wp","href":"https:\/\/api.w.org\/{rel}","templated":true}]}}