{"id":18238,"date":"2015-10-08T21:22:53","date_gmt":"2015-10-09T02:22:53","guid":{"rendered":"http:\/\/www.lospoliticosveracruz.com.mx\/?p=18238"},"modified":"2015-10-08T21:22:53","modified_gmt":"2015-10-09T02:22:53","slug":"garrido-mensajero-de-canacintra","status":"publish","type":"post","link":"https:\/\/lospoliticosveracruz.com.mx\/?p=18238","title":{"rendered":"Garrido, mensajero de Canacintra"},"content":{"rendered":"<p><a href=\"http:\/\/www.lospoliticosveracruz.com.mx\/wp-content\/uploads\/2015\/10\/Paco-Garrido.jpg\"><img loading=\"lazy\" decoding=\"async\" class=\"alignnone size-medium wp-image-18239\" src=\"http:\/\/www.lospoliticosveracruz.com.mx\/wp-content\/uploads\/2015\/10\/Paco-Garrido-300x169.jpg\" alt=\"Paco Garrido\" width=\"300\" height=\"169\" \/><\/a><br \/>\n<strong>Brenda Caballero<\/strong><br \/>\n<em>N\u00fameros Rojos<\/em><\/p>\n<p>\u201cLos impuestos no son populares para nadie, ni para nosotros\u201d, fueron las palabras del diputado Francisco Garrido, presidente de la Comisi\u00f3n de Vigilancia del Congreso local, a reporteros y fot\u00f3grafos que ya lo esperaban para saber su opini\u00f3n sobre el Impuesto sobre Erogaciones por Remuneraciones al Trabajo Personal, mejor conocido como el 2 por ciento a la n\u00f3mina que el d\u00eda de ayer se vot\u00f3 en el Congreso Local para pasar al 3 por ciento.<br \/>\nContrario a lo que se pensar\u00eda, el diputado no estaba en el Congreso esperando la sesi\u00f3n solemne donde aprobar\u00eda el aumento de dicho impuesto, sino que se levant\u00f3 m\u00e1s temprano para hacer una escala en el sal\u00f3n Sutermdomo, donde empresarios afiliados a la Canacintra-Xalapa realizaban su reuni\u00f3n mensual con su presidente Antonio Pino Aguilar.<br \/>\nAll\u00ed, el diputado, antes de escuchar a los empresarios, comparti\u00f3 algunos comentarios que le hacen algunas personas: \u00bfQu\u00e9 necesidad tienes de meterte en estos l\u00edos cuando tu carrera est\u00e1 en ascenso?<br \/>\nLa pregunta fue con relaci\u00f3n a que se ha reunido anteriormente con los empresarios que est\u00e1n descontentos con este aumento que era inminente. Confiesa que trata de actuar de manera responsable y por eso se pone frente a ellos, para escucharlos y darles la cara, cosa que se le reconoce a Paco Garrido, pues ha sido el \u00fanico que se reuni\u00f3 con los empresarios.<br \/>\nAunque m\u00e1s que escucharlos, parec\u00eda que el diputado iba a convencerlos, pero no con dinero, versi\u00f3n que se estuvo manejando en d\u00edas anteriores, al decir que los estaba \u201cbilleteando\u201d, sino con di\u00e1logo.<br \/>\nGarrido trat\u00f3 de tranquilizarlos y darles la seguridad de que seguir\u00e1 existiendo el Fideicomiso, as\u00ed como tambi\u00e9n el aclarar el malentendido de que lo recaudado no se emplear\u00e1 para el pago de adeudos.<br \/>\nQuiso verlo menos malo al decir que otros estados del pa\u00eds tambi\u00e9n aumentaron la tasa de sus impuestos para incrementar sus recursos. Incluso, el diputado expuso que si Veracruz recaudaba m\u00e1s, esto se ver\u00eda reflejado en participaciones federales.<br \/>\nReconoci\u00f3 que en el proceso de fiscalizaci\u00f3n existe la corrupci\u00f3n e impunidad, pero que no es exclusivo de nuestro estado, sino son factores que afectan a nivel nacional e internacional.<br \/>\nSin embargo, nada de lo que dec\u00eda tranquilizaba a los empresarios, quienes ya quer\u00edan tomar la palabra para externar sus reclamos ante un diputado que estaban seguros votar\u00eda a favor.<br \/>\nY ten\u00edan raz\u00f3n, a pesar de que Garrido escucho a unos empresarios molestos por no haber sido tomados en cuenta para homogeneizar la tasa del 2 al 3 por ciento, fue uno de los 30 diputados que vot\u00f3 a favor de la iniciativa del gobernador.<br \/>\nHay que reconocer que los empresarios son los que se ven afectados, pues les llueven impuestos federales, estatales y hasta municipales, dijera uno de ellos en su intervenci\u00f3n; los tratan de manera salvaje, aunque realmente el que paga el impuesto final es el trabajador.<br \/>\nGarrido escuchaba atento, aunque creo que si hubiese tenido alas, hubiera salido volando por la ventana, pues los cocolazos estaban duros.<br \/>\nHubo reclamos de que a pesar del aumento de los impuestos no ha mejorado la calidad de vida de la poblaci\u00f3n, de lo contrario, no dir\u00edan nada y estar\u00edan de acuerdo, pero no es as\u00ed. Adem\u00e1s de acusarlos de tener l\u00ednea gubernamental, de no escuchar al pueblo que los puso y tomar decisiones a sus espaldas, de cargarles m\u00e1s impuestos y no pagarles sus adeudos, reprobaron a todos los diputados por no tener sensibilidad y los invitaron a ponerse en sus zapatos y arriesgar su propio capital.<br \/>\nGarrido fue el mensajero de los empresarios ante sus compa\u00f1eros diputados, al decirle que en la medida de que tomen sus decisiones tambi\u00e9n ellos llevar\u00e1n las suyas a las urnas en las pr\u00f3ximas elecciones porque ya est\u00e1n cansados. \u00bfLo cumplir\u00e1n?<br \/>\nLos empresarios recordaron a los mandatarios anteriores\u2026 de Patricio Chirinos hablaron bastante bien, pues comentaron siempre los recib\u00eda personalmente en Palacio de Gobierno, adem\u00e1s de que los tomaba en cuenta, dejando a su salida, un super\u00e1vit en las arcas. De Miguel Alem\u00e1n afirmaron que no lo hizo muy mal, pero tampoco excelente. Pero de Fidel Herrera para ac\u00e1, ha sido desastroso \u201c\u00a1ya no sabemos ni d\u00f3nde estamos!\u201d<br \/>\nPaco Garrido volvi\u00f3 a intervenir dici\u00e9ndoles que no iba a cambiar la opini\u00f3n que tuvieran del gobierno y que la iniciativa ser\u00eda aprobada con o sin su voto. Al fondo, se escuch\u00f3 un murmullo: \u201c\u00a1vale madres!\u201d<br \/>\nY pues as\u00ed fue, pues de los 50 diputados locales, 30 votaron a favor, 12 en contra y 0 abstenciones \u00bfy los otros 8? Pues simplemente no se presentaron, no quisieron tener en la conciencia el aumento.<\/p>\n<p>Email:caballero_brenda@hotmail.com<\/p>\n","protected":false},"excerpt":{"rendered":"<p>Brenda Caballero N\u00fameros Rojos \u201cLos impuestos no son populares para nadie, ni para nosotros\u201d, fueron las palabras del diputado Francisco Garrido, presidente de la Comisi\u00f3n de Vigilancia del Congreso local, a reporteros y fot\u00f3grafos que ya lo esperaban para saber su opini\u00f3n sobre el Impuesto sobre Erogaciones por Remuneraciones al Trabajo Personal, mejor conocido como [&hellip;]<\/p>\n","protected":false},"author":2,"featured_media":0,"comment_status":"open","ping_status":"open","sticky":false,"template":"","format":"standard","meta":{"_jetpack_newsletter_access":"","_jetpack_dont_email_post_to_subs":false,"_jetpack_newsletter_tier_id":0,"_jetpack_memberships_contains_paywalled_content":false,"_jetpack_memberships_contains_paid_content":false,"footnotes":""},"categories":[70],"tags":[3316,3611,3610,3613],"class_list":["post-18238","post","type-post","status-publish","format-standard","hentry","category-de-opinion","tag-canacintra","tag-comision-de-vigilancia","tag-francisco-garrido","tag-nomina"],"jetpack_featured_media_url":"","jetpack_sharing_enabled":true,"jetpack_shortlink":"https:\/\/wp.me\/p4Qcd3-4Ka","_links":{"self":[{"href":"https:\/\/lospoliticosveracruz.com.mx\/index.php?rest_route=\/wp\/v2\/posts\/18238","targetHints":{"allow":["GET"]}}],"collection":[{"href":"https:\/\/lospoliticosveracruz.com.mx\/index.php?rest_route=\/wp\/v2\/posts"}],"about":[{"href":"https:\/\/lospoliticosveracruz.com.mx\/index.php?rest_route=\/wp\/v2\/types\/post"}],"author":[{"embeddable":true,"href":"https:\/\/lospoliticosveracruz.com.mx\/index.php?rest_route=\/wp\/v2\/users\/2"}],"replies":[{"embeddable":true,"href":"https:\/\/lospoliticosveracruz.com.mx\/index.php?rest_route=%2Fwp%2Fv2%2Fcomments&post=18238"}],"version-history":[{"count":1,"href":"https:\/\/lospoliticosveracruz.com.mx\/index.php?rest_route=\/wp\/v2\/posts\/18238\/revisions"}],"predecessor-version":[{"id":18240,"href":"https:\/\/lospoliticosveracruz.com.mx\/index.php?rest_route=\/wp\/v2\/posts\/18238\/revisions\/18240"}],"wp:attachment":[{"href":"https:\/\/lospoliticosveracruz.com.mx\/index.php?rest_route=%2Fwp%2Fv2%2Fmedia&parent=18238"}],"wp:term":[{"taxonomy":"category","embeddable":true,"href":"https:\/\/lospoliticosveracruz.com.mx\/index.php?rest_route=%2Fwp%2Fv2%2Fcategories&post=18238"},{"taxonomy":"post_tag","embeddable":true,"href":"https:\/\/lospoliticosveracruz.com.mx\/index.php?rest_route=%2Fwp%2Fv2%2Ftags&post=18238"}],"curies":[{"name":"wp","href":"https:\/\/api.w.org\/{rel}","templated":true}]}}