{"id":18265,"date":"2015-10-11T16:49:11","date_gmt":"2015-10-11T21:49:11","guid":{"rendered":"http:\/\/www.lospoliticosveracruz.com.mx\/?p=18265"},"modified":"2015-10-11T16:49:11","modified_gmt":"2015-10-11T21:49:11","slug":"manifestaciones-todos-hijos-o-todos-entenados","status":"publish","type":"post","link":"https:\/\/lospoliticosveracruz.com.mx\/?p=18265","title":{"rendered":"Manifestaciones: todos hijos o todos entenados"},"content":{"rendered":"<p><a href=\"http:\/\/www.lospoliticosveracruz.com.mx\/wp-content\/uploads\/2008\/10\/PLANTON-SEDESOL-23-10-2008.jpg\"><img loading=\"lazy\" decoding=\"async\" class=\"alignnone size-medium wp-image-11994\" src=\"http:\/\/www.lospoliticosveracruz.com.mx\/wp-content\/uploads\/2008\/10\/PLANTON-SEDESOL-23-10-2008-284x300.jpg\" alt=\"PLANTON-SEDESOL-23-10-2008\" width=\"284\" height=\"300\" \/><\/a><\/p>\n<p><strong>Armando Ortiz<\/strong><\/p>\n<p><em>El Hijo Pr\u00f3digo<\/em><\/p>\n<p>&nbsp;<\/p>\n<p>En Xalapa ya deber\u00edamos saber que hay de manifestaciones a manifestaciones. No todas son leg\u00edtimas, no todas buscan la justicia social sino que est\u00e1n supeditadas a los intereses econ\u00f3micos y pol\u00edticos de unos cuantos. Hay manifestaciones de miles de personas, de cientos, pero tambi\u00e9n las hay de cinco y hasta de una sola persona. En todo caso el n\u00famero no importar\u00eda si son manifestaciones leg\u00edtimas. Hay personas que ante el fracaso de las instituciones, s\u00f3lo les queda hacer p\u00fablico y manifestar su causa para lograr que se les haga justicia. \u00bfPero es justicia lo que buscan siempre las manifestaciones?<br \/>\nViendo el potencial que tienen las manifestaciones en Xalapa, algunos funcionarios p\u00fablicos y hasta los mismos empleados de la Secretar\u00eda de Gobierno tienen a sus manifestantes particulares. Los utilizan para obtener recursos del propio gobierno, porque ha de saber usted que hay una partida millonaria para este tipo de expresiones populares. De modo que si a alg\u00fan funcionario de la subsecretar\u00eda de Gobierno le falta dinero para pagar sus tarjetas de cr\u00e9dito o quiere pagar el enganche de un auto o de una casa, manda llamar a sus 10 manifestantes a los que les reparte 200 pesos por cabeza, les compra una estructura como carpa y los pone a cerrar el centro de la ciudad para crear un caos y as\u00ed llamar la atenci\u00f3n.<br \/>\nEsta estrategia tiene dos funciones, de alguna manera al tener el control de ese peque\u00f1o grupo de manifestantes, cuando el tr\u00e1fico ya es desesperante, el aparece como el m\u00e1s eficiente de los funcionarios de esa dependencia y retira a los manifestantes obteniendo el recurso de la partida para expresiones populares y el agradecimiento de sus superiores. Crea un incendio y ap\u00e1galo t\u00fa mismo para que te digan bombero.<br \/>\nY qu\u00e9 decir de las grandes franquicias, de los profesionales de las manifestaciones como los 400 pueblos, Antorcha Campesina y el Partido cardenista. Si el gobierno sabe que se va a presentar en la Plaza Lerdo alg\u00fan adversario pol\u00edtico, o que se van a manifestar los maestros, periodistas o estudiantes, entonces basta hacer una llamada para que To\u00f1o Luna y sus huestes cardenistas tomen la Plaza Lerdo. Les pagan todo, transporte, alimentaci\u00f3n y por hospedaje no se preocupan porque esos duermen en donde sea. Por supuesto al l\u00edder le prometen una buena suma de dinero que cuando no le cumplen, tambi\u00e9n por eso se manifiesta y con total descaro lo dice.<br \/>\nSon tan efectivas las manifestaciones que algunos grupos como los 400 pueblos y Antorcha Campesina tienen a sus representantes en el Congreso local. No llegan porque sean buenos legisladores o porque en verdad tengan inter\u00e9s por los problemas de Veracruz, llegan porque al gobierno conviene tener en el corral a estos grupos para que cuando los necesite pueda acudir a ellos y utilizarlos como una arma pol\u00edtica.<br \/>\nEl caso es que leg\u00edtimas o no, las manifestaciones causan molestias a los ciudadanos de una ciudad. En la capital el caos nos tiene al borde del estr\u00e9s. Por supuesto se requiere de mucho oficio pol\u00edtico para discernir qu\u00e9 manifestaci\u00f3n es leg\u00edtima y cu\u00e1l no. Pero discernimiento pol\u00edtico es lo que m\u00e1s falta a los empleados de gobierno. En la semana que pas\u00f3 fue desalojado de manifestantes el centro hist\u00f3rico de Xalapa. Desde d\u00edas antes hab\u00eda sido tomado por una serie de manifestantes, algunos asentados en la Plaza Lerdo, otros, como los taxistas, tomaron la calle principal y cerraron el paso por el centro de la ciudad. Curioso, en su vileza estos pseudo manifestantes exigen justicia para los periodistas asesinados; como si en realidad les importara.<br \/>\nLos taxistas exig\u00edan que se les regularizaran los juegos de placas que les fueron entregados en 2010. Algunos compa\u00f1eros periodistas se\u00f1alan que los enga\u00f1aron, que los l\u00edderes y las autoridades de tr\u00e1nsito se quedaron con el dinero que ellos aportaron para la compra de placas para el servicio de taxi en la zona de La Perla, Misantla, Tezonapa, C\u00f3rdoba, Orizaba, Amatl\u00e1n y otros municipios. Las cantidades que dicen haber aportado no son cre\u00edbles, ya ni en Xalapa unas placas de taxi cuestan 100 mil pesos. Los l\u00edderes y los funcionarios corruptos se quedaron con su dinero, ellos vienen, toman el centro de Xalapa y esperan que el gobierno haga v\u00e1lidas sus peticiones.<br \/>\nPero los desalojaron, cosa que algunos repudian y otros aplaudimos. Ya lo dijimos antes, no todas las manifestaciones son leg\u00edtimas. \u00bfPor qu\u00e9 no van ante las autoridades y acusan a sus l\u00edderes y esos l\u00edderes a su vez a los funcionarios corruptos ante las autoridades? Entonces, si despu\u00e9s de esa denuncia no les hacen caso, manifi\u00e9stense.<br \/>\nEl secretario de Gobierno Flavino R\u00edos Alvarado ya declar\u00f3 que se va a actuar en contra de los manifestantes que bloqueen las calles. L\u00e1stima por las manifestaciones leg\u00edtimas, pero esperamos ver esa mano dura tambi\u00e9n cuando vengan esos grupos clientelares a manifestarse. Lo decimos porque otro secretario de Gobierno, Erick Lagos, hasta se bajaba a tomar caf\u00e9 con ellos en la explanada. En el caso de la manifestaciones, doctor Flavino, o todos coludos o todos rabones; o todos hijos o todos entenados.<\/p>\n<p><strong>Postdata 1: H\u00e9ctor Yunes, acciones en contra del 3% a la n\u00f3mina<\/strong><br \/>\nDurante una reuni\u00f3n con representantes del sector industrial del Estado de Veracruz, el senador H\u00e9ctor Yunes Landa, insisti\u00f3 que buscar\u00e1 asesor\u00eda de prestigiados abogados para impedir el aumento del nuevo impuesto y as\u00ed evitar que \u00e9ste se vaya a bursatilizar. Revel\u00f3 que tienen incluso el nombre de la instituci\u00f3n bancaria que es Banamex que est\u00e1 en pl\u00e1ticas con el Gobierno del Estado para bursatilizar a 10 o 30 a\u00f1os los nuevos ingresos del impuesto del 3% a la n\u00f3mina. Yunes Landa se comprometi\u00f3 a que de tener la oportunidad de servir a los veracruzanos con el apoyo de los nuevos diputados locales bajar\u00e1 del 3 al 2 por ciento ese impuesto y preestablecer\u00e1 el cobro del 2 por ciento del impuesto al hospedaje.<\/p>\n<p>aortiz52@hotmail.com<\/p>\n","protected":false},"excerpt":{"rendered":"<p>Armando Ortiz El Hijo Pr\u00f3digo &nbsp; En Xalapa ya deber\u00edamos saber que hay de manifestaciones a manifestaciones. No todas son leg\u00edtimas, no todas buscan la justicia social sino que est\u00e1n supeditadas a los intereses econ\u00f3micos y pol\u00edticos de unos cuantos. Hay manifestaciones de miles de personas, de cientos, pero tambi\u00e9n las hay de cinco y [&hellip;]<\/p>\n","protected":false},"author":2,"featured_media":0,"comment_status":"open","ping_status":"open","sticky":false,"template":"","format":"standard","meta":{"_jetpack_newsletter_access":"","_jetpack_dont_email_post_to_subs":false,"_jetpack_newsletter_tier_id":0,"_jetpack_memberships_contains_paywalled_content":false,"_jetpack_memberships_contains_paid_content":false,"footnotes":""},"categories":[70],"tags":[3625,343,932,3626,189,1418,3627],"class_list":["post-18265","post","type-post","status-publish","format-standard","hentry","category-de-opinion","tag-antorcha-campesina","tag-flavino-rios-alvarado","tag-manifestaciones","tag-partido-cardenista","tag-plaza-lerdo","tag-secretaria-de-gobierno","tag-taxistas"],"jetpack_featured_media_url":"","jetpack_sharing_enabled":true,"jetpack_shortlink":"https:\/\/wp.me\/p4Qcd3-4KB","_links":{"self":[{"href":"https:\/\/lospoliticosveracruz.com.mx\/index.php?rest_route=\/wp\/v2\/posts\/18265","targetHints":{"allow":["GET"]}}],"collection":[{"href":"https:\/\/lospoliticosveracruz.com.mx\/index.php?rest_route=\/wp\/v2\/posts"}],"about":[{"href":"https:\/\/lospoliticosveracruz.com.mx\/index.php?rest_route=\/wp\/v2\/types\/post"}],"author":[{"embeddable":true,"href":"https:\/\/lospoliticosveracruz.com.mx\/index.php?rest_route=\/wp\/v2\/users\/2"}],"replies":[{"embeddable":true,"href":"https:\/\/lospoliticosveracruz.com.mx\/index.php?rest_route=%2Fwp%2Fv2%2Fcomments&post=18265"}],"version-history":[{"count":1,"href":"https:\/\/lospoliticosveracruz.com.mx\/index.php?rest_route=\/wp\/v2\/posts\/18265\/revisions"}],"predecessor-version":[{"id":18266,"href":"https:\/\/lospoliticosveracruz.com.mx\/index.php?rest_route=\/wp\/v2\/posts\/18265\/revisions\/18266"}],"wp:attachment":[{"href":"https:\/\/lospoliticosveracruz.com.mx\/index.php?rest_route=%2Fwp%2Fv2%2Fmedia&parent=18265"}],"wp:term":[{"taxonomy":"category","embeddable":true,"href":"https:\/\/lospoliticosveracruz.com.mx\/index.php?rest_route=%2Fwp%2Fv2%2Fcategories&post=18265"},{"taxonomy":"post_tag","embeddable":true,"href":"https:\/\/lospoliticosveracruz.com.mx\/index.php?rest_route=%2Fwp%2Fv2%2Ftags&post=18265"}],"curies":[{"name":"wp","href":"https:\/\/api.w.org\/{rel}","templated":true}]}}