{"id":18459,"date":"2015-10-19T21:08:08","date_gmt":"2015-10-20T02:08:08","guid":{"rendered":"http:\/\/www.lospoliticosveracruz.com.mx\/?p=18459"},"modified":"2015-10-19T21:08:08","modified_gmt":"2015-10-20T02:08:08","slug":"alberto-silva-ramos-la-imposicion-onerosa","status":"publish","type":"post","link":"https:\/\/lospoliticosveracruz.com.mx\/?p=18459","title":{"rendered":"Alberto Silva Ramos: la imposici\u00f3n onerosa"},"content":{"rendered":"<p><a href=\"http:\/\/www.lospoliticosveracruz.com.mx\/wp-content\/uploads\/2013\/12\/Cisne.jpg\"><img loading=\"lazy\" decoding=\"async\" class=\"alignnone size-medium wp-image-10432\" src=\"http:\/\/www.lospoliticosveracruz.com.mx\/wp-content\/uploads\/2013\/12\/Cisne-300x199.jpg\" alt=\"Cisne\" width=\"300\" height=\"199\" \/><\/a><br \/>\n<strong>\u00c1lvaro Belin Andrade<\/strong><\/p>\n<p><em>Hora Libre<\/em><\/p>\n<p>Hace semanas que Veracruz no deja de estar en el ojo del hurac\u00e1n para la prensa nacional e internacional. El nombramiento de Fidel Herrera como c\u00f3nsul de carrera en Barcelona, que fue recibido acremente por la prensa ib\u00e9rica, parece que dio un respiro medi\u00e1tico (ciertamente temporal) a las escaramuzas locales por imponer al diputado federal Alberto Silva Ramos, El Cisne, en la dirigencia estatal del PRI.<br \/>\nLa figura del gobernador Javier Duarte de Ochoa, impulsor de la entronizaci\u00f3n del exalcalde de Tuxpan, extitular de Sedesol y excoordinador de Comunicaci\u00f3n Social de su gobierno, tuvo en los mentideros pol\u00edticos del Distrito Federal los m\u00e1s duros comentarios, evidentemente impulsados desde el CEN del PRI, con cuyo dirigente, Manlio Fabio Beltrones, se reuni\u00f3 el martes de la semana pasada para arreglar este asunto, igual que lo hizo con el titular de la Segob, Miguel \u00c1ngel Osorio Chong.<br \/>\nDecir que el candidato ser\u00e1 el que apruebe el presidente Enrique Pe\u00f1a Nieto, como lo extern\u00f3 a los pol\u00edticos y periodistas identificados como el Grupo Adelante (que ser\u00e1 convertido en el Grupo Adelante\u2026 de Las Vigas), es tanto como decir una verdad universal, no necesariamente un apotegma.<br \/>\nEl problema es que la asunci\u00f3n de Silva Ramos este fin de semana significar\u00e1, a todas luces, relanzarlo para ver si logra colocarse entre los evidentes punteros (Jos\u00e9 y H\u00e9ctor Yunes, en ese orden) y, con ello, logra mantener otros dos a\u00f1os (que pr\u00e1cticamente ser\u00edan ocho) para los chicos de la Fidelidad. \u00bfC\u00f3mo lo har\u00eda? No solo mediante intensos recorridos por la geograf\u00eda veracruzana para imponer dirigencias regionales y sectoriales afines, sino mediante una soterrada campa\u00f1a de linchamiento contra los dos senadores, adem\u00e1s de la tarea que ha mantenido contra su compa\u00f1ero de c\u00e1mara Miguel \u00c1ngel Yunes Linares.<br \/>\nEn anterior Hora Libre comentamos la intenci\u00f3n de instaurar un PRI beligerante y pendenciero. Parece ser la l\u00f3gica manejada por el propio Duarte para justificar y lograr la anuencia de Beltrones para este cambio en el Estado Mayor del PRI local: con un diputado que ha mostrado vena para los pu\u00f1etazos, habr\u00eda dicho, se asegura la permanencia priista en el gobierno estatal. Lo cierto es que la intenci\u00f3n no solo es lograr el triunfo electoral en 2016, sino que este se d\u00e9 con uno de los ac\u00f3litos de Fidel Herrera.<\/p>\n<p><strong>Sale mal librado en la prensa nacional<\/strong><\/p>\n<p>En la Ciudad de M\u00e9xico hay una fuerte preocupaci\u00f3n por el destino electoral del PRI en la contienda por la gubernatura en 2016, derivada de la forma de gobernar de Javier Duarte. Cuatro factores han profundizado la inquietud de los l\u00edderes nacionales del PRI y de la Presidencia de la Rep\u00fablica: el irresuelto endeudamiento de las finanzas p\u00fablicas, la corrupci\u00f3n, la creciente violencia y los conflictos generados con destacados priistas.<br \/>\nLa semana pasada, Roberto Vizca\u00edno escribi\u00f3 (en su columna Tras la puerta del poder), a prop\u00f3sito de la imposici\u00f3n de Silva Ramos y la reuni\u00f3n sostenida por el gobernador Javier Duarte de Ochoa con el dirigente nacional del PRI y el Secretario de Gobernaci\u00f3n, que \u201clos encuentros fueron para transmitirle la preocupaci\u00f3n del presidente Enrique Pe\u00f1a Nieto y de la c\u00fapula del tricolor de que todos los indicadores advierten que, si \u00e9l sigue al frente del estado, el PRI perder\u00e1 las elecciones en junio de 2016 y que esta inquietud incluye el hecho de que Veracruz es el tercer aportador de votos en el pa\u00eds. Lo que significa que si en junio se pierde la gubernatura, entonces en el 2018 ah\u00ed se puede perder tambi\u00e9n la Presidencia\u201d.<br \/>\nEn su entrega \u201cA Javier Duarte le vali\u00f3 el mensaje\u201d, Roberto Vizca\u00edno se\u00f1ala lo que, a su parecer, significar\u00e1 la llegada de El Cisne al PRI veracruzano:<br \/>\n\u201cTodos los pol\u00edticos en Veracruz y en los centros pol\u00edticos nacionales saben que el diputado Silva, junto con \u00c9rick Lagos, Jorge Carvallo y Adolfo Mota son los prospectos de Duarte para sucederlo. Y lo son sobre las encuestas que ubican a los senadores priistas H\u00e9ctor Yunes y Jos\u00e9 Yunes como los punteros de esa carrera. El objetivo de darle la dirigencia del PRI a Silva \u2013que dicen tiene apenas 2 puntos de las preferencias de los veracruzanos y a quien pr\u00e1cticamente nadie conoce en el estado-, es para que pueda recorrer los 212 municipios del estado sin violar las leyes electorales\u2026 y adem\u00e1s con todos los gastos pagados\u201d.<br \/>\nY a\u00f1ade: \u201cLa obvia intenci\u00f3n del gobernador Duarte es que Silva aproveche los siguientes 90 d\u00edas para realizar una intensa campa\u00f1a de posicionamiento y de penetraci\u00f3n de su imagen entre los 5 millones 478 mil 931 electores registrados en la Lista nominal de Veracruz y as\u00ed poder pelear su nominaci\u00f3n por sobre los reclamos de los Yunes priistas\u201d.<br \/>\nPara Pablo Hiriart, Veracruz \u201cnaufraga en lo econ\u00f3mico por su abultada deuda y falta de obra, pero sobre todo por la crispaci\u00f3n y el encono pol\u00edticos a que han colocado a este estado entre los protagonistas de la cosa p\u00fablica\u201d.<br \/>\nEn su columna Uso de raz\u00f3n, que publica el peri\u00f3dico El Financiero, bajo el t\u00edtulo La \u201csoluci\u00f3n jarocha\u201d, el viernes pasado escribi\u00f3 que, de Veracruz, \u201ctodos los d\u00edas o\u00edmos en radio o leemos verdaderos v\u00f3mitos de odio que hacen imposible ir a una elecci\u00f3n con un ambiente m\u00ednimo de respeto. Ah\u00ed puede correr sangre. El gobernador no puede garantizar un clima de civilidad (por peque\u00f1o que sea) en las relaciones entre los actores pol\u00edticos, porque \u00e9l se ha encargado de subir el volumen al pleito.\u201d<br \/>\nY a\u00f1ade: \u201cJavier Duarte se ha convertido en parte del problema, no de la soluci\u00f3n. Ning\u00fan estado se merece una situaci\u00f3n como la que vive esa entidad, que tiene uno de los cuatro padrones m\u00e1s numerosos del pa\u00eds, con cinco millones 724 mil 939 electores. La \u201csoluci\u00f3n jarocha\u201d tiene que comenzar a tejerse ya, a fin de llegar a los comicios del pr\u00f3ximo a\u00f1o en condiciones menos explosivas, toda vez que el siguiente gobierno ser\u00e1 de apenas dos a\u00f1os.\u201d<br \/>\nSeg\u00fan el periodista chileno nacionalizado mexicano, antes del pr\u00f3ximo 1 de diciembre podr\u00eda darse el caso de que Javier Duarte pida licencia al cargo, una hip\u00f3tesis que Duarte se ha encargado ya de destruir como una posibilidad. Y hace sus pron\u00f3sticos:<br \/>\n\u201cPara las elecciones del pr\u00f3ximo a\u00f1o el PRI llevar\u00eda como candidato a Jos\u00e9 Yunes Zorrilla, un experto en temas financieros, con la idea que, de ganar, saque del hoyo econ\u00f3mico a esa entidad. Y el PAN podr\u00eda llevar a Juan Bueno Torio, panista de cepa que no polariza tanto como Miguel \u00c1ngel Yunes Linares. La pregunta es si Yunes Landa y Yunes Linares se van a quedar fuera de la elecci\u00f3n del pr\u00f3ximo a\u00f1o\u201d.<\/p>\n<p><strong>Los saldos negativos<\/strong><\/p>\n<p>Como se puede ver, la imposici\u00f3n de Alberto Silva Ramos puede costarle muy caro no solo a Javier Duarte sino al PRI mismo. Es evidente que la asunci\u00f3n este fin de semana de El Cisne habr\u00e1 dejado una serie de sinsabores, disgustos y enconos, aunque todo parezca como si la unidad hubiera prevalecido y como si el trabajo de curaci\u00f3n hecho directamente por el gobernador Javier Duarte hubiera dejado a todos convencidos de que el tuxpe\u00f1o trae la varita m\u00e1gica en su mano izquierda y el guante bien puesto en la derecha.<br \/>\nLos senadores H\u00e9ctor y Jos\u00e9 Francisco Yunes, as\u00ed como varios expresidentes priistas, dirigentes sectoriales identificados con aquellos y miles de militantes y simpatizantes, estar\u00e1n muy atentos para evitar que Silva Ramos se sirva del cargo en el partido para construir su candidatura y manipular la composici\u00f3n del pr\u00f3ximo Congreso local con personajes que tengan como prop\u00f3sitos cobijarlo, cubrirle la espalda a la corriente fidelista e, incluso, ser un valladar para las acciones del pr\u00f3ximo gobernador, si este es priista pero no perteneciente a la corriente que durante m\u00e1s de 10 a\u00f1os ha dominado el escenario pol\u00edtico.<\/p>\n","protected":false},"excerpt":{"rendered":"<p>\u00c1lvaro Belin Andrade Hora Libre Hace semanas que Veracruz no deja de estar en el ojo del hurac\u00e1n para la prensa nacional e internacional. El nombramiento de Fidel Herrera como c\u00f3nsul de carrera en Barcelona, que fue recibido acremente por la prensa ib\u00e9rica, parece que dio un respiro medi\u00e1tico (ciertamente temporal) a las escaramuzas locales [&hellip;]<\/p>\n","protected":false},"author":2,"featured_media":0,"comment_status":"open","ping_status":"open","sticky":false,"template":"","format":"standard","meta":{"_jetpack_newsletter_access":"","_jetpack_dont_email_post_to_subs":false,"_jetpack_newsletter_tier_id":0,"_jetpack_memberships_contains_paywalled_content":false,"_jetpack_memberships_contains_paid_content":false,"footnotes":""},"categories":[70],"tags":[3731,79,119,3732,251,195],"class_list":["post-18459","post","type-post","status-publish","format-standard","hentry","category-de-opinion","tag-el-cisne","tag-fidel-herrera","tag-hector-yunes","tag-jose-francisco-yunes","tag-pri","tag-veracruz"],"jetpack_featured_media_url":"","jetpack_sharing_enabled":true,"jetpack_shortlink":"https:\/\/wp.me\/p4Qcd3-4NJ","_links":{"self":[{"href":"https:\/\/lospoliticosveracruz.com.mx\/index.php?rest_route=\/wp\/v2\/posts\/18459","targetHints":{"allow":["GET"]}}],"collection":[{"href":"https:\/\/lospoliticosveracruz.com.mx\/index.php?rest_route=\/wp\/v2\/posts"}],"about":[{"href":"https:\/\/lospoliticosveracruz.com.mx\/index.php?rest_route=\/wp\/v2\/types\/post"}],"author":[{"embeddable":true,"href":"https:\/\/lospoliticosveracruz.com.mx\/index.php?rest_route=\/wp\/v2\/users\/2"}],"replies":[{"embeddable":true,"href":"https:\/\/lospoliticosveracruz.com.mx\/index.php?rest_route=%2Fwp%2Fv2%2Fcomments&post=18459"}],"version-history":[{"count":1,"href":"https:\/\/lospoliticosveracruz.com.mx\/index.php?rest_route=\/wp\/v2\/posts\/18459\/revisions"}],"predecessor-version":[{"id":18460,"href":"https:\/\/lospoliticosveracruz.com.mx\/index.php?rest_route=\/wp\/v2\/posts\/18459\/revisions\/18460"}],"wp:attachment":[{"href":"https:\/\/lospoliticosveracruz.com.mx\/index.php?rest_route=%2Fwp%2Fv2%2Fmedia&parent=18459"}],"wp:term":[{"taxonomy":"category","embeddable":true,"href":"https:\/\/lospoliticosveracruz.com.mx\/index.php?rest_route=%2Fwp%2Fv2%2Fcategories&post=18459"},{"taxonomy":"post_tag","embeddable":true,"href":"https:\/\/lospoliticosveracruz.com.mx\/index.php?rest_route=%2Fwp%2Fv2%2Ftags&post=18459"}],"curies":[{"name":"wp","href":"https:\/\/api.w.org\/{rel}","templated":true}]}}