{"id":18497,"date":"2015-10-21T07:53:23","date_gmt":"2015-10-21T12:53:23","guid":{"rendered":"http:\/\/www.lospoliticosveracruz.com.mx\/?p=18497"},"modified":"2015-10-21T07:53:23","modified_gmt":"2015-10-21T12:53:23","slug":"destapar-un-hoyo-para-tapar-otro","status":"publish","type":"post","link":"https:\/\/lospoliticosveracruz.com.mx\/?p=18497","title":{"rendered":"\u00bfDestapar un hoyo para tapar otro?"},"content":{"rendered":"<p><a href=\"http:\/\/www.lospoliticosveracruz.com.mx\/wp-content\/uploads\/2015\/10\/Javier-Duarte2.jpg\"><img loading=\"lazy\" decoding=\"async\" class=\"alignnone size-medium wp-image-18498\" src=\"http:\/\/www.lospoliticosveracruz.com.mx\/wp-content\/uploads\/2015\/10\/Javier-Duarte2-300x144.jpg\" alt=\"Javier Duarte\" width=\"300\" height=\"144\" \/><\/a><\/p>\n<p><strong>Jos\u00e9 Ortiz Medina<\/strong><\/p>\n<p><em>En Corto&#8230; sin Cortes<\/em><\/p>\n<p>Esto s\u00ed es noticia. Y es que el Gobernador de Veracruz, Javier Duarte de Ochoa, anunci\u00f3 que este martes present\u00f3 ante el Congreso del Estado una iniciativa con proyecto de decreto para el pago del 90 por ciento de la deuda p\u00fablica heredada a esta administraci\u00f3n.<br \/>\nEn un mensaje dado a la poblaci\u00f3n, a trav\u00e9s de los medios de comunicaci\u00f3n, dijo que \u201cesta medida no significa m\u00e1s deuda para los veracruzanos, y nos permitir\u00e1 liberar participaciones federales que tenemos en estos momentos comprometidas para el pago del servicio de la deuda p\u00fablica\u201d.<br \/>\nEl Ejecutivo estatal reiter\u00f3 que de ser aprobada la propuesta, \u201cse logra un fuerte impulso para dinamizar la econom\u00eda en Veracruz; se agiliza el pago a proveedores y contratistas, y se podr\u00e1n realizar m\u00e1s obras productivas para atender a los sectores m\u00e1s necesitados de la poblaci\u00f3n\u201d.<br \/>\nAgreg\u00f3 que con esta propuesta \u201cvamos a liberar las participaciones federales que actualmente se encuentran comprometidas para el pago de la deuda p\u00fablica estatal\u201d.<br \/>\nEn el documento enviado por el Ejecutivo al Congreso local se propone destinar los ingresos de tres fondos, dos federales y uno estatal, para pagar el 90 por ciento de la deuda p\u00fablica bancaria, heredada a esta administraci\u00f3n.<br \/>\nLos fondos que se usar\u00e1n son:<br \/>\n1. El 25 por ciento del Fondo de Aportaciones para el Fortalecimiento de las Entidades Federativas (FAFEF).<br \/>\n2. El 25 por ciento del Fondo de Aportaciones para la Infraestructura Social (FAIS), y<br \/>\n3. Los ingresos del Impuesto sobre Erogaciones por Remuneraciones al Trabajo Personal (ISRTP).<br \/>\nEsto permitir\u00e1 el equilibrio de los ingresos, al tener m\u00e1s recursos a trav\u00e9s de nuestras participaciones federales, adem\u00e1s de que permitir\u00e1 el fortalecimiento de la econom\u00eda.<br \/>\n\u201cEn resumen, estaremos pagando la deuda p\u00fablica heredada a esta administraci\u00f3n con nuestros activos y logrando con ello tener mayores ingresos para el estado\u201d, concluy\u00f3 Javier Duarte.<br \/>\nOjal\u00e1 que esto no signifique destapar un hoyo para tapar otro hoyo. Porque a pesar de que se insiste en que estos recursos frescos no representar\u00e1n nueva deuda, lo que preocupa es que se comprometan recursos federales y estatales que no podr\u00e1n disponer las futuras administraciones.<\/p>\n<p>INTERESANTE EN VERDAD lo que comenta este martes H\u00e9ctor Moctezuma en su columna Circuito cerrado, que publica Milenio. Cheque usted, amable lector: \u201c\u00bfSe acab\u00f3 la triada? \u00bfVidegaray, Osorio y Nu\u00f1o ya no est\u00e1n s\u00f3lidamente unidos en torno a Enrique Pe\u00f1a Nieto, ahora cada quien jala por su lado en aras de sus propios intereses? El caso Veracruz, la elecci\u00f3n que m\u00e1s interesa a la dirigencia nacional del Partido Revolucionario Institucional, en 2016, divide no solamente a dos de los principales operadores de la casa presidencial: Luis Videgaray y Aurelio Nu\u00f1o, sino que tambi\u00e9n al mismo dirigente nacional del PRI, Manlio Fabio Beltrones. Resulta que en tierras veracruzanas, los tres principales aspirantes a la silla que mal ocupa Javier Duarte de Ochoa, tienen padrino en el centro y eso dificulta la decisi\u00f3n del Comit\u00e9 Ejecutivo Nacional del PRI y pone en peligro el triunfo del tricolor en 2016. Vamos por partes. Resulta que Luis Videgaray apoya al senador Jos\u00e9 Yunes; el dirigente nacional del Revolucionario Institucional, Manlio Fabio Beltrones, al tambi\u00e9n senador H\u00e9ctor Yunes Landa; y el nuevo titular de la SEP se inclina por Alberto Silva \u2018El Cisne\u2019, quien tambi\u00e9n es el candidato del gobernador Javier Duarte. Que haya tres aspirantes con tres padrinos a nivel nacional no tiene nada de extra\u00f1o, el caso es que se supone que Videgaray y Nu\u00f1o ven\u00edan jalando juntos, todo hace indicar que el caso Veracruz los divide y de aqu\u00ed en adelante cada quien va por su lado rumbo a 2018. \u00bfC\u00f3mo la ve? As\u00ed andan las cosas en el equipo de Pe\u00f1a Nieto. \u2018Veracruz, rinconcito donde hacen sus nidos las aves del mal\u2019, dir\u00eda la nueva versi\u00f3n de la melod\u00eda que hizo famosa Agust\u00edn Lara. \u00bfNu\u00f1o, la carta fuerte de Los Pinos?\u201d.<\/p>\n<p>ESTE MI\u00c9RCOLES se llevar\u00e1 a efecto la segunda sesi\u00f3n del seminario \u201cTerritorio y Poder\u201d, que organizan el Instituto de Antropolog\u00eda de la Universidad Veracruzana y el Centro de Investigaciones y Estudios Superiores en Antropolog\u00eda Social, CIESAS-Golfo.<br \/>\nPara dicha actividad se anuncia la participaci\u00f3n de los doctores Gustavo Lins Ribeiro (UIA-Ciudad de M\u00e9xico\/ UAM-Iztapalapa\/ Universidad de Brasilia); Ricardo Santes-\u00c1lvarez (Colef); Carlos Alberto Casas Mendoza (IA-UV); Sa\u00fal Horacio Moreno Andrade (CIESAS Golfo); David Recondo (CIESAS Pac\u00edfico Sur); y Cristina Renter\u00eda Garita (Universidad de C\u00f3rdoba, Espa\u00f1a). El doctor Ernesto Isunza Vera (CIESAS Golfo) participar\u00e1 como comentarista. El programa de este mi\u00e9rcoles arranca a las 9:00 horas y concluye a las 19:30. Se trata de una actividad de muy alto nivel, sobre todo tomando en cuenta la trayectoria de los ponentes, acad\u00e9micos e investigadores de mucho prestigio. Este seminario busca discutir procesos, transformaciones y formas de construcci\u00f3n del territorio. En la primera sesi\u00f3n de dicho encuentro, desarrollada el pasado 13 de agosto, la doctora Valeria Guarneros-Meza, del Deparment of Politic and Public Policy De Monfort University, Reino Unido, present\u00f3 la conferencia \u201cSacando a la luz el rol de los bur\u00f3cratas municipales en la construcci\u00f3n de la seguridad ciudadana\u201d.<\/p>\n<p>ESTE MARTES, el Secretario de Educaci\u00f3n, Aurelio Nu\u00f1o Mayer, anunci\u00f3 diversos nombramientos en la estructura de la dependencia encargada de la educaci\u00f3n en el pa\u00eds entre los que destaca el de Alejandro Daniel P\u00e9rez Corzo, quien fungi\u00f3 como Coordinador General de Asesores del Secretario de Desarrollo Econ\u00f3mico, Erik Porres Blesa. Se sabe que P\u00e9rez Corzo es amigo cercano de Aurelio Nu\u00f1o desde la preparatoria y ser\u00e1 a partir de hoy el nuevo Coordinador de \u00d3rganos Desconcentrados del Sector Paraestatal de la SEP. Sin duda, una buena noticia para Veracruz.<\/p>\n","protected":false},"excerpt":{"rendered":"<p>Jos\u00e9 Ortiz Medina En Corto&#8230; sin Cortes Esto s\u00ed es noticia. Y es que el Gobernador de Veracruz, Javier Duarte de Ochoa, anunci\u00f3 que este martes present\u00f3 ante el Congreso del Estado una iniciativa con proyecto de decreto para el pago del 90 por ciento de la deuda p\u00fablica heredada a esta administraci\u00f3n. En un [&hellip;]<\/p>\n","protected":false},"author":2,"featured_media":0,"comment_status":"open","ping_status":"open","sticky":false,"template":"","format":"standard","meta":{"_jetpack_newsletter_access":"","_jetpack_dont_email_post_to_subs":false,"_jetpack_newsletter_tier_id":0,"_jetpack_memberships_contains_paywalled_content":false,"_jetpack_memberships_contains_paid_content":false,"footnotes":""},"categories":[70],"tags":[3754,595,3752,260,3753],"class_list":["post-18497","post","type-post","status-publish","format-standard","hentry","category-de-opinion","tag-contratistas","tag-deuda","tag-gobernador-de-veracruz","tag-javier-duarte-de-ochoa","tag-proveedores"],"jetpack_featured_media_url":"","jetpack_sharing_enabled":true,"jetpack_shortlink":"https:\/\/wp.me\/p4Qcd3-4Ol","_links":{"self":[{"href":"https:\/\/lospoliticosveracruz.com.mx\/index.php?rest_route=\/wp\/v2\/posts\/18497","targetHints":{"allow":["GET"]}}],"collection":[{"href":"https:\/\/lospoliticosveracruz.com.mx\/index.php?rest_route=\/wp\/v2\/posts"}],"about":[{"href":"https:\/\/lospoliticosveracruz.com.mx\/index.php?rest_route=\/wp\/v2\/types\/post"}],"author":[{"embeddable":true,"href":"https:\/\/lospoliticosveracruz.com.mx\/index.php?rest_route=\/wp\/v2\/users\/2"}],"replies":[{"embeddable":true,"href":"https:\/\/lospoliticosveracruz.com.mx\/index.php?rest_route=%2Fwp%2Fv2%2Fcomments&post=18497"}],"version-history":[{"count":1,"href":"https:\/\/lospoliticosveracruz.com.mx\/index.php?rest_route=\/wp\/v2\/posts\/18497\/revisions"}],"predecessor-version":[{"id":18499,"href":"https:\/\/lospoliticosveracruz.com.mx\/index.php?rest_route=\/wp\/v2\/posts\/18497\/revisions\/18499"}],"wp:attachment":[{"href":"https:\/\/lospoliticosveracruz.com.mx\/index.php?rest_route=%2Fwp%2Fv2%2Fmedia&parent=18497"}],"wp:term":[{"taxonomy":"category","embeddable":true,"href":"https:\/\/lospoliticosveracruz.com.mx\/index.php?rest_route=%2Fwp%2Fv2%2Fcategories&post=18497"},{"taxonomy":"post_tag","embeddable":true,"href":"https:\/\/lospoliticosveracruz.com.mx\/index.php?rest_route=%2Fwp%2Fv2%2Ftags&post=18497"}],"curies":[{"name":"wp","href":"https:\/\/api.w.org\/{rel}","templated":true}]}}