{"id":18500,"date":"2015-10-21T08:10:19","date_gmt":"2015-10-21T13:10:19","guid":{"rendered":"http:\/\/www.lospoliticosveracruz.com.mx\/?p=18500"},"modified":"2015-10-21T08:10:19","modified_gmt":"2015-10-21T13:10:19","slug":"jodidos-pero-contentos","status":"publish","type":"post","link":"https:\/\/lospoliticosveracruz.com.mx\/?p=18500","title":{"rendered":"Jodidos pero contentos"},"content":{"rendered":"<p><a href=\"http:\/\/www.lospoliticosveracruz.com.mx\/wp-content\/uploads\/2015\/10\/Jodido.jpg\"><img loading=\"lazy\" decoding=\"async\" class=\"alignnone size-medium wp-image-18501\" src=\"http:\/\/www.lospoliticosveracruz.com.mx\/wp-content\/uploads\/2015\/10\/Jodido-300x198.jpg\" alt=\"Jodido\" width=\"300\" height=\"198\" \/><\/a><br \/>\n<strong>Claudia Constantino<\/strong><\/p>\n<p><em>Cr\u00f3nicas Urgentes<\/em><\/p>\n<p>Por primera vez el INEGI present\u00f3 hoy, en videoconferencia, el Resultado del Bienestar Subjetivo vinculados a mediciones de bienestar objetivo y por entidades federativas. Este ejercicio denominado BIARE Ampliado, toma en cuenta no s\u00f3lo bienes y servicios para medir el nivel de satisfacci\u00f3n con la vida. Se basa tambi\u00e9n en la medici\u00f3n de bienes intangibles como la autonom\u00eda personal, el sentimiento de logro, de seguridad, los afectos, la familia, los amigos (bienes relacionados) o el sentimiento de prop\u00f3sito en la vida.<br \/>\nEl BIARE Ampliado report\u00f3 un nivel de satisfacci\u00f3n con la vida de 7.95 en una escala del 0 al 10. Este proyecto estad\u00edstico, clasificado como experimental, puede ser la respuesta a una pregunta cotidiana \u00bfPor qu\u00e9 los mexicanos aguantan tanto? La cuarta parte de los mexicanos viven en situaci\u00f3n de pobreza. 19.7% de la poblaci\u00f3n se encuentra en pobreza extrema.<br \/>\nPero al parecer eso no le importa a la mayor\u00eda. El s\u00edndrome de Estocolmo se va esparciendo r\u00e1pidamente y as\u00ed: la educaci\u00f3n de calidad no interesa; la cobertura total de salud no es de primera necesidad; la violencia imperante es noticia cotidiana, fr\u00eda, aburrida e impersonal; la falta de oportunidades para los j\u00f3venes se palea con un \u201cpero tienes salud\u201d y la tolerancia a la corrupci\u00f3n y a los malos gobiernos es cultura nacional.<br \/>\n\u201cLa dictadura perfecta\u201d; como la bautiz\u00f3 el nobel de Literatura Mario Vargas Llosa para despu\u00e9s retractarse de manera acomodaticia; esta dictadura a la mexicana s\u00f3lo es posible con la d\u00f3cil colaboraci\u00f3n permanente de los mexicanos.<br \/>\nEste ejercicio estad\u00edstico pint\u00f3 de cuerpo entero la idiosincrasia del mexicano, que a\u00fan vive en el clan, apoy\u00e1ndose, ayud\u00e1ndose y protegi\u00e9ndose entre miembros de una misma familia o varias afines. La fe los mueve cada d\u00eda, fe en que todo va a estar bien, aunque nada se est\u00e9 haciendo de manera diferente como para esperar resultados mejores. La fe en que \u201cno hay mal que dure cien a\u00f1os, ni pen\u2026 mexicano que lo aguante\u201d, pero s\u00ed aguantan. Fe en sus nuevos gobernantes, aunque pertenezcan a los mismos clanes de pol\u00edticos corruptos y hayan sido elegidos de la misma manera: poco transparente, por decir lo menos. Fe en los amigos, el compadre, el: \u201cma\u00f1ana ser\u00e1 otro d\u00eda\u201d o \u201cya vendr\u00e1n tiempos mejores\u201d.<br \/>\nLos movimientos sociales y sus leg\u00edtimos reclamos son diluidos f\u00e1cilmente ante la apat\u00eda y el desinter\u00e9s de la sociedad mexicana. El futbol, es religi\u00f3n y anestesia muchas conciencias; la televisi\u00f3n comercial y su programaci\u00f3n dise\u00f1ada a la medida de una audiencia que poco piensa porque prefiere entretenerse; la cultura es vista con expresi\u00f3n aburrida y desinter\u00e9s en este pa\u00eds que no lee; las fiestas patronales permiten una celebraci\u00f3n cada d\u00eda; los niveles de alcoholismo y el consumo de estupefacientes a la alza.<br \/>\nM\u00e9xico el de la tragi-comedia; de la simulaci\u00f3n; de la Virgen de Guadalupe; del fervor religioso; de la burla ante la muerte. La Muerte, la misma que se apodera de las calles, de regiones muy vastas que conocen el toque de queda, que saben cu\u00e1les son las carreteras intransitables, los comandos armados, las matanzas y los ajustes de cuentas. M\u00e9xico el del narcotr\u00e1fico como poder f\u00e1ctico, con su Super Chapo ya leyenda y Se\u00f1or de todas las historias: de terror y de insurgencia.<br \/>\nEste M\u00e9xico se dice satisfecho, est\u00e1 enamorado de su tragedia, no le interesa cambiarla porque con lo que tiene (aunque muchas veces no tienen nada) le alcanza para sentir que su vida tiene un prop\u00f3sito (dice el INEGI), y su balance afectivo es superior al de los franceses, los estadounidenses y todos los pa\u00edses de Am\u00e9rica Latina.<br \/>\nAs\u00ed se entiende porqu\u00e9 el SAT lleg\u00f3 a ser insaciable mientras empresarios y trabajadores permanecen silentes; as\u00ed es explicable porqu\u00e9 la violencia se ha llevado vidas, se lleva vidas, se llevar\u00e1 vidas y M\u00e9xico seguir\u00e1 respondi\u00e9ndole a su gobierno que S\u00ed, mayoritariamente cuando le manda a preguntar casa por casa si \u00bfse siente satisfecho? Casi 8 es el nivel de satisfacci\u00f3n de los mexicanos en una escala del 1 al 10. Si el INEGI no miente, M\u00e9xico seguir\u00e1 sin hacer cambios, sin rebelarse, sin exigir.<br \/>\nVeremos en las elecciones por venir si los mexicanos seguir\u00e1n \u201cjodidos pero contentos\u201d o si las estad\u00edsticas del INEGI son una m\u00e1s de las tantas manipulaciones de resultados y de cifras.<\/p>\n<p>Cualquier comentario para esta columna que no puede creer lo que dicen que contaron a:<br \/>\naerodita_constantino@hotmail.es<br \/>\nTwitter: @AERODITA<\/p>\n","protected":false},"excerpt":{"rendered":"<p>Claudia Constantino Cr\u00f3nicas Urgentes Por primera vez el INEGI present\u00f3 hoy, en videoconferencia, el Resultado del Bienestar Subjetivo vinculados a mediciones de bienestar objetivo y por entidades federativas. Este ejercicio denominado BIARE Ampliado, toma en cuenta no s\u00f3lo bienes y servicios para medir el nivel de satisfacci\u00f3n con la vida. Se basa tambi\u00e9n en la [&hellip;]<\/p>\n","protected":false},"author":2,"featured_media":0,"comment_status":"open","ping_status":"open","sticky":false,"template":"","format":"standard","meta":{"_jetpack_newsletter_access":"","_jetpack_dont_email_post_to_subs":false,"_jetpack_newsletter_tier_id":0,"_jetpack_memberships_contains_paywalled_content":false,"_jetpack_memberships_contains_paid_content":false,"footnotes":""},"categories":[70],"tags":[178,3757],"class_list":["post-18500","post","type-post","status-publish","format-standard","hentry","category-de-opinion","tag-inegi","tag-mario-vargas-llosa"],"jetpack_featured_media_url":"","jetpack_sharing_enabled":true,"jetpack_shortlink":"https:\/\/wp.me\/p4Qcd3-4Oo","_links":{"self":[{"href":"https:\/\/lospoliticosveracruz.com.mx\/index.php?rest_route=\/wp\/v2\/posts\/18500","targetHints":{"allow":["GET"]}}],"collection":[{"href":"https:\/\/lospoliticosveracruz.com.mx\/index.php?rest_route=\/wp\/v2\/posts"}],"about":[{"href":"https:\/\/lospoliticosveracruz.com.mx\/index.php?rest_route=\/wp\/v2\/types\/post"}],"author":[{"embeddable":true,"href":"https:\/\/lospoliticosveracruz.com.mx\/index.php?rest_route=\/wp\/v2\/users\/2"}],"replies":[{"embeddable":true,"href":"https:\/\/lospoliticosveracruz.com.mx\/index.php?rest_route=%2Fwp%2Fv2%2Fcomments&post=18500"}],"version-history":[{"count":1,"href":"https:\/\/lospoliticosveracruz.com.mx\/index.php?rest_route=\/wp\/v2\/posts\/18500\/revisions"}],"predecessor-version":[{"id":18502,"href":"https:\/\/lospoliticosveracruz.com.mx\/index.php?rest_route=\/wp\/v2\/posts\/18500\/revisions\/18502"}],"wp:attachment":[{"href":"https:\/\/lospoliticosveracruz.com.mx\/index.php?rest_route=%2Fwp%2Fv2%2Fmedia&parent=18500"}],"wp:term":[{"taxonomy":"category","embeddable":true,"href":"https:\/\/lospoliticosveracruz.com.mx\/index.php?rest_route=%2Fwp%2Fv2%2Fcategories&post=18500"},{"taxonomy":"post_tag","embeddable":true,"href":"https:\/\/lospoliticosveracruz.com.mx\/index.php?rest_route=%2Fwp%2Fv2%2Ftags&post=18500"}],"curies":[{"name":"wp","href":"https:\/\/api.w.org\/{rel}","templated":true}]}}