{"id":18503,"date":"2015-10-21T08:20:30","date_gmt":"2015-10-21T13:20:30","guid":{"rendered":"http:\/\/www.lospoliticosveracruz.com.mx\/?p=18503"},"modified":"2015-10-21T08:20:30","modified_gmt":"2015-10-21T13:20:30","slug":"duarte-el-maravilloso-mago-de-oz","status":"publish","type":"post","link":"https:\/\/lospoliticosveracruz.com.mx\/?p=18503","title":{"rendered":"Duarte, el maravilloso mago de Oz"},"content":{"rendered":"<p><a href=\"http:\/\/www.lospoliticosveracruz.com.mx\/wp-content\/uploads\/2014\/12\/Javier-Duarte.jpg\"><img loading=\"lazy\" decoding=\"async\" class=\"alignnone size-medium wp-image-14102\" src=\"http:\/\/www.lospoliticosveracruz.com.mx\/wp-content\/uploads\/2014\/12\/Javier-Duarte-300x195.jpg\" alt=\"Javier Duarte\" width=\"300\" height=\"195\" \/><\/a><\/p>\n<p><strong>Armando Ortiz<\/strong><\/p>\n<p><em>El Hijo Pr\u00f3digo<\/em><\/p>\n<p>As\u00ed, de un s\u00f3lo plumazo, es decir discursazo, el gobernador Javier Duarte pas\u00f3 de la oscuridad a la luz, de lo fr\u00edo a lo caliente, del camino de terracer\u00eda a la autopista de concreto. Un s\u00f3lo d\u00eda bast\u00f3 para pasar del quebranto financiero al territorio de Jauja. Ayer est\u00e1bamos en alta mar, en medio de la tormenta, y hoy amanecimos en puerto libre, secos y sin mareos. Y es que no se puede entender de otra manera el anuncio que hiciera la tarde del martes nuestro se\u00f1or gobernador.<br \/>\nResulta que solicit\u00f3 al Congreso local autorizaci\u00f3n para que se ocuparan ciertas participaciones federales con el fin de pagar deuda; el 90% de la deuda bancaria que nos heredara el c\u00f3nsul Fidel Herrera Beltr\u00e1n.<br \/>\nY eso de que solicit\u00f3 al Congreso es puro formalismo, porque bien sabemos que lo que hizo fue tronar los dedos a sus diputados en el Congreso, y como buen amaestrador les dijo: \u201cSi\u00e9ntense, aprueben y s\u00e1lganse\u201d; ya despu\u00e9s les dar\u00e1 sus croquetas.<br \/>\nPero no s\u00f3lo se piensa pagar el 90% de esa deuda de la \u201cfidelidad\u201d, sino que adem\u00e1s nos va a sobrar dinero para fortalecer \u201cla econom\u00eda, para dinamizar el calendario de pagos a acreedores, proveedores y contratistas\u201d y como dice la canci\u00f3n de Chava Flores, de lo que sobre, gu\u00e1rdatelo para la UV.<br \/>\nNo cabe duda, el tan cuestionado doctorado que Javier Duarte fue a hacer a la Complutense nos est\u00e1 rindiendo frutos. Javier es un mago de las finanzas, es un mago de Oz que nos invita a seguir el camino rojo, no el amarillo, para llegar a Ciudad Esmeralda. Hace unos d\u00edas anunci\u00f3 que ser\u00e1n retirados de la n\u00f3mina 2 mil 173 aviadores que significaban para el erario m\u00e1s de 815 millones de pesos; ahora nos sale con esta sorpresa que nos ha dejado con la boca abierta.<br \/>\nEn este mismo momento har\u00e9 una solicitud en la p\u00e1gina de Change.com para que en el 2016 (l\u00e1stima que en este a\u00f1o ya no se pueda) se le otorgue al Dr. Javier Duarte de Ochoa el Premio Nobel de Econom\u00eda. Estoy seguro que apenas se enteren los veracruzanos de esta proeza financiera, no tendr\u00e1n empacho para firmar.<br \/>\nS\u00f3lo espero que no salga por ah\u00ed el Dr. Hilario Barcelata y le ponga los puntos sobre las \u00edes a estos actos de magia financiera. Porque vaya que hay gente mala leche que se ha ocupado de contradecir la administraci\u00f3n de nuestro gobernador, el maravilloso mago de Oz.<br \/>\nCreo que despu\u00e9s de esto todas las afrentas que nos hiciera quedan olvidadas. Que no nos importe si no hizo obra en todo su sexenio; que no nos importe si no sac\u00f3 de la pobreza extrema al 50% de los veracruzanos; que no nos importe que dejara a sus funcionarios robar; que no nos importen las mansiones, los negocios, los edificios, los medios de comunicaci\u00f3n, los ranchos, las villas en el extranjero o las casas en la playa que adquirieron sus funcionarios con el dinero que saquearon del presupuesto; que no nos importe su soberbia al imponer a Alberto Silva en la presidencia del PRI estatal; que no nos importe la zozobra en la que vivimos, que no nos importe el suspenso; agradezcamos al maravilloso mago de Oz que en el \u00faltimo tramo de su administraci\u00f3n, con un acto que merece aplausos de pie, logr\u00f3 sacarnos de la penumbra y nos coloc\u00f3 sobre el arco\u00edris.<\/p>\n<p><strong>Postdata 1: Denise Uscanga; \u00a1vaya caradura!<\/strong><br \/>\nPues empezaron a surgir los nombres de los aviadores y vaya sorpresa la que nos llevamos, cuando en el peri\u00f3dico AZ se diera a conocer que la subsecretar\u00eda de Educaci\u00f3n Media y Superior tiene en la n\u00f3mina a toda su parentela: El esposo, las cu\u00f1adas, los tres hermanos, el t\u00edo y creo que hasta el perico. Todos ellos ganando buenas sumas de dinero. A ver con qu\u00e9 nos sale la se\u00f1ora Uscanga; nada m\u00e1s falta que se sienta ofendida por haber descubierto la vileza de su clan familiar.<br \/>\nArmando Ortiz aortiz52@hotmail.com<\/p>\n","protected":false},"excerpt":{"rendered":"<p>Armando Ortiz El Hijo Pr\u00f3digo As\u00ed, de un s\u00f3lo plumazo, es decir discursazo, el gobernador Javier Duarte pas\u00f3 de la oscuridad a la luz, de lo fr\u00edo a lo caliente, del camino de terracer\u00eda a la autopista de concreto. Un s\u00f3lo d\u00eda bast\u00f3 para pasar del quebranto financiero al territorio de Jauja. Ayer est\u00e1bamos en [&hellip;]<\/p>\n","protected":false},"author":2,"featured_media":0,"comment_status":"open","ping_status":"open","sticky":false,"template":"","format":"standard","meta":{"_jetpack_newsletter_access":"","_jetpack_dont_email_post_to_subs":false,"_jetpack_newsletter_tier_id":0,"_jetpack_memberships_contains_paywalled_content":false,"_jetpack_memberships_contains_paid_content":false,"footnotes":""},"categories":[70],"tags":[2486,410,3758,260],"class_list":["post-18503","post","type-post","status-publish","format-standard","hentry","category-de-opinion","tag-deuda-veracruz","tag-fidel-herrera-beltran","tag-hilario-barcelata","tag-javier-duarte-de-ochoa"],"jetpack_featured_media_url":"","jetpack_sharing_enabled":true,"jetpack_shortlink":"https:\/\/wp.me\/p4Qcd3-4Or","_links":{"self":[{"href":"https:\/\/lospoliticosveracruz.com.mx\/index.php?rest_route=\/wp\/v2\/posts\/18503","targetHints":{"allow":["GET"]}}],"collection":[{"href":"https:\/\/lospoliticosveracruz.com.mx\/index.php?rest_route=\/wp\/v2\/posts"}],"about":[{"href":"https:\/\/lospoliticosveracruz.com.mx\/index.php?rest_route=\/wp\/v2\/types\/post"}],"author":[{"embeddable":true,"href":"https:\/\/lospoliticosveracruz.com.mx\/index.php?rest_route=\/wp\/v2\/users\/2"}],"replies":[{"embeddable":true,"href":"https:\/\/lospoliticosveracruz.com.mx\/index.php?rest_route=%2Fwp%2Fv2%2Fcomments&post=18503"}],"version-history":[{"count":1,"href":"https:\/\/lospoliticosveracruz.com.mx\/index.php?rest_route=\/wp\/v2\/posts\/18503\/revisions"}],"predecessor-version":[{"id":18504,"href":"https:\/\/lospoliticosveracruz.com.mx\/index.php?rest_route=\/wp\/v2\/posts\/18503\/revisions\/18504"}],"wp:attachment":[{"href":"https:\/\/lospoliticosveracruz.com.mx\/index.php?rest_route=%2Fwp%2Fv2%2Fmedia&parent=18503"}],"wp:term":[{"taxonomy":"category","embeddable":true,"href":"https:\/\/lospoliticosveracruz.com.mx\/index.php?rest_route=%2Fwp%2Fv2%2Fcategories&post=18503"},{"taxonomy":"post_tag","embeddable":true,"href":"https:\/\/lospoliticosveracruz.com.mx\/index.php?rest_route=%2Fwp%2Fv2%2Ftags&post=18503"}],"curies":[{"name":"wp","href":"https:\/\/api.w.org\/{rel}","templated":true}]}}