{"id":18624,"date":"2015-10-26T08:13:46","date_gmt":"2015-10-26T14:13:46","guid":{"rendered":"http:\/\/www.lospoliticosveracruz.com.mx\/?p=18624"},"modified":"2015-10-26T08:13:46","modified_gmt":"2015-10-26T14:13:46","slug":"la-fiesta-tricolor-de-senales-y-mensajes-directos","status":"publish","type":"post","link":"https:\/\/lospoliticosveracruz.com.mx\/?p=18624","title":{"rendered":"La fiesta tricolor de se\u00f1ales y mensajes directos"},"content":{"rendered":"<p><a href=\"http:\/\/www.lospoliticosveracruz.com.mx\/wp-content\/uploads\/2015\/10\/Silva-Manlio-Regina.jpg\"><img loading=\"lazy\" decoding=\"async\" class=\"alignnone size-medium wp-image-18625\" src=\"http:\/\/www.lospoliticosveracruz.com.mx\/wp-content\/uploads\/2015\/10\/Silva-Manlio-Regina-300x169.jpg\" alt=\"Silva Manlio Regina\" width=\"300\" height=\"169\" \/><\/a><\/p>\n<p><strong>Miriam Gracia Maga\u00f1a<\/strong><\/p>\n<p><em>Pasillos y Antesalas<\/em><\/p>\n<p>Mientras los militantes de todas las regiones del estado se aglutinaban en las instalaciones del Word Trade Center de Boca del r\u00edo, el cual fue insuficiente para albergarlos, Alberto Silva le daba la bienvenida a Manlio Fabio Beltrones, Presidente del PRI Nacional quien m\u00e1s tarde le tomar\u00eda a \u00e9l y a Fabiola V\u00e1squez Saut la protesta de rigor para que asumieran los destinos del Revolucionario Institucional en Veracruz.<\/p>\n<p>Antes de la llegada del Gobernador del estado, Javier Duarte de Ochoa y de su esposa Karime Mac\u00edas Tubilla, el maestro Juan Nicol\u00e1s Callejas declaraba ante los medios de comunicaci\u00f3n que ning\u00fan aviador de los despedidos por la SEV pertenece al SNTE; el Contralor General, Ricardo Garc\u00eda Guzm\u00e1n se acerc\u00f3 a la diputada federal Sof\u00eda de Le\u00f3n Maza, para pedirle que acompa\u00f1e a su hijo Rodrigo Garc\u00eda Escalante, actual funcionario de SEFIPLAN, ha entregar apoyos en P\u00e1nuco. Para nadie es un secreto de el titular de la Contralor\u00eda quiere lograr la candidatura a la diputaci\u00f3n local para su hijo, no bast\u00e1ndole que su otro hijo Ricardo, sea el alcalde. As\u00ed de voraz es el ex panista norte\u00f1o. Se not\u00f3 la ausencia de Edgar Spinosso quien a \u00faltimas fechas no se ha dejado ver para nada en donde se presentan los diputados federales veracruzanos, se dice que no asiste a ning\u00fan evento que no sea del agrado del senador Jos\u00e9 Francisco Yunes Zorrilla, la amistad entre ambos es entra\u00f1able. Llam\u00f3 a atenci\u00f3n que en la segunda fila del pres\u00eddium hayan colocados los asientos juntos de Salvador Manzur, Harry Grappa, Vicente Ben\u00edtez, Gabriel D\u00b4Antes, Juan Manuel Del Castillo y el hijo del Contralor, todos ellos por coincidencia son mencionados como candidatos a diputados locales\u2026 \u00bfCoincidencia? Tambi\u00e9n llam\u00f3 la atenci\u00f3n la presencia del Presidente Municipal de Catemaco, Jorge Gonz\u00e1lez Azamar porque pertenece al AVE, sin embargo fue m\u00e1s saludado que muchos mun\u00edcipes que pertenecen al Revolucionario Institucional. El Senador H\u00e9ctor Yunes Landa, acompa\u00f1ado de su hija, de Jorge Moreno Salinas, Olga Lidia Robles y Alicia Cerecedo sentado en primera fila pas\u00f3 realmente desapercibido e incluso ni cuando fue mencionado recibi\u00f3 muchos aplausos. Por cierto risibles sus declaraciones acerca de la llegada de Alberto Silva a la dirigencia del PRI, ya que afirma est\u00e1 en contra del \u201cdedazo\u201d del Gobernador. \u00bfPero entonces porque no se opuso cuando \u00e9l fue designado candidato a la senadur\u00eda por el mandatario estatal? \u00bfNo fue eso un \u201cdedazo\u201d? Lo hemos estado diciendo desde meses atr\u00e1s, a H\u00e9ctor Yunes Landa, su obsesi\u00f3n por ser gobernador le ha restado congruencia y seriedad y lo ha vuelto inestable e irritable, tal vez esta es su verdadera naturaleza\u2026 La primera oradora fue Erika Ayala, l\u00edder de la CNOP, quien demostr\u00f3 que su cargo actual se debe \u00fanicamente a su talento y trabajo realizado a lo largo de los a\u00f1os, no por \u201cpadrino\u201d alguno. Los diputados Jorge Carvallo Delf\u00edn y Octavia Ortega poco caso le pusieron a los discursos inclusive del ejecutivo, las risas entre ellos se dieron durante todo el evento y no faltaron algunos presentes que los callaran pero ni caso hicieron. A quien se vio un poco trist\u00f3n fue el Coordinador de los legisladores federales, Erick Lagos Hern\u00e1ndez al ver que la posible candidatura para suceder a Duarte de Ochoa no es para \u00e9l, sin embargo seguramente ya le debe haber pedido al \u201ctapado\u201d la Secretaria de Gobierno. Y es un hecho, ante la decisi\u00f3n de Jos\u00e9 Francisco Yunes Zorrilla de no participar en la contienda para el Gobierno de dos a\u00f1os, s\u00f3lo quedan dos aspirantes: H\u00e9ctor Yunes Landa y Alberto Silva Ramos, mismo que desde ayer domingo ya anda recorriendo el estado con los posibles aspirantes a las diputaciones locales y realizando acuerdos y alianzas. Es obvio que es el candidato del Gobernador de Veracruz y tratar\u00e1 de ser el candidato de todos los veracruzanos\u2026el reto es dif\u00edcil\u2026<\/p>\n<p>Correo electr\u00f3nico: labrujatuxtleca@gmail.com<br \/>\nTwitter: @miriamgrissel<br \/>\nFacebook: miriamgrissel<\/p>\n","protected":false},"excerpt":{"rendered":"<p>Miriam Gracia Maga\u00f1a Pasillos y Antesalas Mientras los militantes de todas las regiones del estado se aglutinaban en las instalaciones del Word Trade Center de Boca del r\u00edo, el cual fue insuficiente para albergarlos, Alberto Silva le daba la bienvenida a Manlio Fabio Beltrones, Presidente del PRI Nacional quien m\u00e1s tarde le tomar\u00eda a \u00e9l [&hellip;]<\/p>\n","protected":false},"author":2,"featured_media":0,"comment_status":"open","ping_status":"open","sticky":false,"template":"","format":"standard","meta":{"_jetpack_newsletter_access":"","_jetpack_dont_email_post_to_subs":false,"_jetpack_newsletter_tier_id":0,"_jetpack_memberships_contains_paywalled_content":false,"_jetpack_memberships_contains_paid_content":false,"footnotes":""},"categories":[70],"tags":[1068,3841,1884,197,260,3426,1762,617,419],"class_list":["post-18624","post","type-post","status-publish","format-standard","hentry","category-de-opinion","tag-edgar-spinoso","tag-fabiola-vasquez-saut","tag-gabriel-deantes","tag-harry-grappa","tag-javier-duarte-de-ochoa","tag-juan-manuel-del-castillo","tag-juan-nicolas-callejas","tag-manlio-fabio-beltrones","tag-salvador-manzur"],"jetpack_featured_media_url":"","jetpack_sharing_enabled":true,"jetpack_shortlink":"https:\/\/wp.me\/p4Qcd3-4Qo","_links":{"self":[{"href":"https:\/\/lospoliticosveracruz.com.mx\/index.php?rest_route=\/wp\/v2\/posts\/18624","targetHints":{"allow":["GET"]}}],"collection":[{"href":"https:\/\/lospoliticosveracruz.com.mx\/index.php?rest_route=\/wp\/v2\/posts"}],"about":[{"href":"https:\/\/lospoliticosveracruz.com.mx\/index.php?rest_route=\/wp\/v2\/types\/post"}],"author":[{"embeddable":true,"href":"https:\/\/lospoliticosveracruz.com.mx\/index.php?rest_route=\/wp\/v2\/users\/2"}],"replies":[{"embeddable":true,"href":"https:\/\/lospoliticosveracruz.com.mx\/index.php?rest_route=%2Fwp%2Fv2%2Fcomments&post=18624"}],"version-history":[{"count":1,"href":"https:\/\/lospoliticosveracruz.com.mx\/index.php?rest_route=\/wp\/v2\/posts\/18624\/revisions"}],"predecessor-version":[{"id":18626,"href":"https:\/\/lospoliticosveracruz.com.mx\/index.php?rest_route=\/wp\/v2\/posts\/18624\/revisions\/18626"}],"wp:attachment":[{"href":"https:\/\/lospoliticosveracruz.com.mx\/index.php?rest_route=%2Fwp%2Fv2%2Fmedia&parent=18624"}],"wp:term":[{"taxonomy":"category","embeddable":true,"href":"https:\/\/lospoliticosveracruz.com.mx\/index.php?rest_route=%2Fwp%2Fv2%2Fcategories&post=18624"},{"taxonomy":"post_tag","embeddable":true,"href":"https:\/\/lospoliticosveracruz.com.mx\/index.php?rest_route=%2Fwp%2Fv2%2Ftags&post=18624"}],"curies":[{"name":"wp","href":"https:\/\/api.w.org\/{rel}","templated":true}]}}