{"id":18791,"date":"2015-11-02T21:53:33","date_gmt":"2015-11-03T03:53:33","guid":{"rendered":"http:\/\/www.lospoliticosveracruz.com.mx\/?p=18791"},"modified":"2015-11-02T21:53:33","modified_gmt":"2015-11-03T03:53:33","slug":"la-advertencia-a-los-alcaldes","status":"publish","type":"post","link":"https:\/\/lospoliticosveracruz.com.mx\/?p=18791","title":{"rendered":"La advertencia a los alcaldes"},"content":{"rendered":"<p><a href=\"http:\/\/www.lospoliticosveracruz.com.mx\/wp-content\/uploads\/2015\/11\/Ra\u00fal-Ruiz-D\u00edaz.jpg\"><img loading=\"lazy\" decoding=\"async\" class=\"alignnone size-medium wp-image-18792\" src=\"http:\/\/www.lospoliticosveracruz.com.mx\/wp-content\/uploads\/2015\/11\/Ra\u00fal-Ruiz-D\u00edaz-300x178.jpg\" alt=\"Ra\u00fal Ruiz D\u00edaz\" width=\"300\" height=\"178\" \/><\/a><\/p>\n<p><strong>Ricardo V\u00e1zquez Salazar<\/strong><\/p>\n<p><em>Esfera Pol\u00edtica<\/em><\/p>\n<p>Las circunstancias cr\u00edticas que se vive en varias entidades del pa\u00eds, ocasionadas por la arraigada corrupci\u00f3n y alentadas por la impunidad, gobernadores y alcaldes son los responsables directos de todo lo que sucede en la regi\u00f3n que gobiernan, del saqueo a las arcas oficiales; inseguridad, carencias y deficiencias en todas las \u00e1reas gubernamentales, flagelos que golpean directamente a la poblaci\u00f3n.<\/p>\n<p>Ejecutivos locales intentan negar y justificar lo imposible; se encargan de desvirtuar la realidad que enfrentan sus gobernados. Muchos gobernadores y alcaldes han sido se\u00f1alados de ser protagonistas de graves hechos de corrupci\u00f3n; otros son considerados c\u00f3mplices de la delincuencia organizada, de recibir inmensas cantidades de d\u00f3lares para facilitarles el \u201ctrabajo\u201d. Fiscales estadounidenses tienen bien documentado muchos casos de esta \u00edndole, de funcionarios mexicanos \u201cfacilitos\u201d, los que tienen como m\u00e1xima que todo lo que se puede comprar con dinero es barato.<\/p>\n<p>Sobre esta calamidad, como lo ha hecho en repetidas ocasiones, el pasado fin de semana el presidente Enrique Pe\u00f1a Nieto lanz\u00f3 una vez m\u00e1s una clara advertencia a los gobiernos municipales del pa\u00eds, a quienes fustig\u00f3: \u201cPorque lo que no se vale, lo que no es admisible para el orden, particularmente municipal, es evadir la tarea pretextando no tener suficientes recursos, no tener suficientes capacidades y, a veces, hasta nadar de muertito y dejar que esta tarea vengan a hacerla otros\u201d. Esto en respuesta al a\u00fan alcalde de Cuernavaca, Morelos, Jorge Morales Barud, presidente de la Conferencia Anual de Municipios 2015, Conamm, quien le solicit\u00f3 a Pe\u00f1a Nieto una reforma de Estado con destino municipalista y con m\u00e1s recursos federales.<\/p>\n<p>Infinidad de funcionarios, gobernadores y alcaldes nadan de muertito y dejan para otras administraciones locales y estatales, no \u00fanicamente tareas, dejan los cajones vac\u00edos y un sinf\u00edn de problemas, porque tambi\u00e9n se dedicaron al saqueo y a los negocios il\u00edcitos.<\/p>\n<p>Existen tambi\u00e9n municipios que tienen pr\u00e1cticamente dos alcaldes: uno es el oficial, el otro es el poder tras el trono.<\/p>\n<p>Uno de estos absurdos se presenta en Tuxpan, en el norte de la entidad veracruzana. Ah\u00ed el presidente municipal es Ra\u00fal Ru\u00edz D\u00edaz; el otro virrey \u2013as\u00ed los identifica la ciudadan\u00eda- es Javier Ben\u00edtez Ponce, s\u00edndico \u00fanico. Entre ambos hacen y deshacen lo que les plazca con los recursos de la tesorer\u00eda municipal, sin que absolutamente nadie les llame la atenci\u00f3n o les pare el alto. Son considerados los nuevos ricos de Tuxpan; no se quisieron quedar atr\u00e1s.<\/p>\n<p>Javier Ben\u00edtez fue el encargado de designar en la comuna, tesorero y contralor, posiciones que maneja en forma absoluta para su beneficio personal, con la complacencia de Ra\u00fal Ru\u00edz. Los tuxpe\u00f1os los se\u00f1alan de disponer del dinero p\u00fablico para incrementar su patrimonio personal, sin importarles que un grupo de 10 empleados despedidos injustificadamente del ayuntamiento, que comenzaron sus diligencias desde hace m\u00e1s de diez a\u00f1os, obtuvieron a su favor la resoluci\u00f3n emitida por el Tribunal de Conciliaci\u00f3n y Arbitraje del Poder Judicial del Estado de Veracruz, hace m\u00e1s de a\u00f1o y medio, los m\u00e1s recientes, sin que hasta la fecha hayan recibido el pago de salarios ca\u00eddos, la correspondiente reinstalaci\u00f3n en su puesto de trabajo y otros conceptos.<\/p>\n<p>Los trabajadores municipales despedidos injustificadamente indican que en las audiencias a las que son citados, las autoridades municipales se declaran en quiebra en los juicios laborales; pero lo aberrante es que los funcionarios de la administraci\u00f3n tuxpe\u00f1a se dan la gran vida, Ra\u00fal Ru\u00edz y Javier Ben\u00edtez son se\u00f1alados por la poblaci\u00f3n de ser autores de un desfalco al erario p\u00fablico de 70 millones de pesos; de haber acaparado la escasa obra p\u00fablica ellos mismos; en otros casos el diezmo se convirti\u00f3 en un treinta por ciento, por lo que incitan a que las empresas contraten mano de obra barata, de personas muy necesitadas que traen de Tulancingo, Hidalgo, de Huauchinango, Puebla y de otras localidades, posici\u00f3n con la que desplazan a obreros de la localidad.<\/p>\n<p>As\u00ed como Tuxpan, son muchos los municipios en que los funcionarios del ayuntamiento pertenecen a la generaci\u00f3n de nuevos ricos, producto del saqueo de las arcas p\u00fablicas, son parte de la delincuencia; que como dijo el presidente Pe\u00f1a Nieto: nadan de muertito y dejan la tarea para que otros vengan a hacerla.<\/p>\n<p>rvazquez002@yahoo.com.mx<\/p>\n","protected":false},"excerpt":{"rendered":"<p>Ricardo V\u00e1zquez Salazar Esfera Pol\u00edtica Las circunstancias cr\u00edticas que se vive en varias entidades del pa\u00eds, ocasionadas por la arraigada corrupci\u00f3n y alentadas por la impunidad, gobernadores y alcaldes son los responsables directos de todo lo que sucede en la regi\u00f3n que gobiernan, del saqueo a las arcas oficiales; inseguridad, carencias y deficiencias en todas [&hellip;]<\/p>\n","protected":false},"author":2,"featured_media":0,"comment_status":"open","ping_status":"open","sticky":false,"template":"","format":"standard","meta":{"_jetpack_newsletter_access":"","_jetpack_dont_email_post_to_subs":false,"_jetpack_newsletter_tier_id":0,"_jetpack_memberships_contains_paywalled_content":false,"_jetpack_memberships_contains_paid_content":false,"footnotes":""},"categories":[70],"tags":[281,3935,3934,2835,203],"class_list":["post-18791","post","type-post","status-publish","format-standard","hentry","category-de-opinion","tag-enrique-pena-nieto","tag-javier-benitez-ponce","tag-jorge-morales-barud","tag-raul-ruiz-diaz","tag-tuxpan"],"jetpack_featured_media_url":"","jetpack_sharing_enabled":true,"jetpack_shortlink":"https:\/\/wp.me\/p4Qcd3-4T5","_links":{"self":[{"href":"https:\/\/lospoliticosveracruz.com.mx\/index.php?rest_route=\/wp\/v2\/posts\/18791","targetHints":{"allow":["GET"]}}],"collection":[{"href":"https:\/\/lospoliticosveracruz.com.mx\/index.php?rest_route=\/wp\/v2\/posts"}],"about":[{"href":"https:\/\/lospoliticosveracruz.com.mx\/index.php?rest_route=\/wp\/v2\/types\/post"}],"author":[{"embeddable":true,"href":"https:\/\/lospoliticosveracruz.com.mx\/index.php?rest_route=\/wp\/v2\/users\/2"}],"replies":[{"embeddable":true,"href":"https:\/\/lospoliticosveracruz.com.mx\/index.php?rest_route=%2Fwp%2Fv2%2Fcomments&post=18791"}],"version-history":[{"count":1,"href":"https:\/\/lospoliticosveracruz.com.mx\/index.php?rest_route=\/wp\/v2\/posts\/18791\/revisions"}],"predecessor-version":[{"id":18793,"href":"https:\/\/lospoliticosveracruz.com.mx\/index.php?rest_route=\/wp\/v2\/posts\/18791\/revisions\/18793"}],"wp:attachment":[{"href":"https:\/\/lospoliticosveracruz.com.mx\/index.php?rest_route=%2Fwp%2Fv2%2Fmedia&parent=18791"}],"wp:term":[{"taxonomy":"category","embeddable":true,"href":"https:\/\/lospoliticosveracruz.com.mx\/index.php?rest_route=%2Fwp%2Fv2%2Fcategories&post=18791"},{"taxonomy":"post_tag","embeddable":true,"href":"https:\/\/lospoliticosveracruz.com.mx\/index.php?rest_route=%2Fwp%2Fv2%2Ftags&post=18791"}],"curies":[{"name":"wp","href":"https:\/\/api.w.org\/{rel}","templated":true}]}}