{"id":1982,"date":"2014-10-07T03:08:00","date_gmt":"2014-10-07T03:08:00","guid":{"rendered":"http:\/\/www.lospoliticosveracruz.com.mx\/?p=1982"},"modified":"2014-10-10T02:59:45","modified_gmt":"2014-10-10T02:59:45","slug":"carvallo-mota-erika","status":"publish","type":"post","link":"https:\/\/lospoliticosveracruz.com.mx\/?p=1982","title":{"rendered":"Carvallo, Mota, Erika"},"content":{"rendered":"<div style=\"clear: both; text-align: center;\"><a href=\"http:\/\/www.lospoliticosveracruz.com.mx\/wp-content\/uploads\/2014\/10\/Carvallo-2BMota-2BErika.jpg\" style=\"margin-left: 1em; margin-right: 1em;\"><img loading=\"lazy\" decoding=\"async\" border=\"0\" src=\"http:\/\/www.lospoliticosveracruz.com.mx\/wp-content\/uploads\/2014\/10\/Carvallo-2BMota-2BErika.jpg\" height=\"221\" width=\"320\" \/><\/a><\/div>\n<div><b><br \/><\/b><\/div>\n<p><b>Salvador Mu\u00f1oz<\/b><br \/><i>Los Pol\u00edticos<\/i><\/p>\n<p>Fidel Herrera Beltr\u00e1n, en su momento, fue enviado a perder. Bueno, eso dicen muchos.<br \/>Nos referimos a cuando fue candidato a diputado federal por el distrito de P\u00e1nuco. Igual circunstancia dicen muchos, fue la que vivi\u00f3 cuando fue candidato a diputado por Boca del R\u00edo\u2026 y gan\u00f3 en ambas.<br \/>Quiz\u00e1s no me llame tanto la atenci\u00f3n Boca del R\u00edo como P\u00e1nuco en estos momentos por ser muy tempraneros, para hablar de los candidatos a diputados federales, porque a\u00fan falta tiempo para definir muchas cosas, pero las circunstancias y los comentarios obligan a voltear a los Tuxtlas.<a name='more'><\/a><br \/>II <br \/>En reciente entrevista, Jorge Alejandro Carvallo Delf\u00edn cita lo siguiente cuando le preguntan por sus aspiraciones pol\u00edticas rumbo a la renovaci\u00f3n del Congreso de la Uni\u00f3n: \u201cNo es algo que est\u00e9 pensando en este momento\u2026 Yo estoy concentrado al 100 por ciento en mi tarea de desarrollo social. Lo \u00fanico que me ocupa es trabajar intensamente en el desarrollo social y humano del estado de Veracruz\u201d por lo que no le preocupa ninguna nominaci\u00f3n a la diputaci\u00f3n federal\u2026 por los Tuxtlas.<br \/>El pasado primero de mayo, en el Distrito Federal, Jorge Carvallo Delf\u00edn estuvo con Ricardo Garc\u00eda Escalante y con Zita Pazzi Meza, alcalde de P\u00e1nuco y diputada federal por ese distrito norte\u00f1o as\u00ed como secretaria de la Comisi\u00f3n de Desarrollo Metropolitano, respectivamente.<\/p>\n<p>III<br \/>Cuando fue candidato a diputado federal por P\u00e1nuco, Fidel Herrera escogi\u00f3 muy bien a su suplente: Ra\u00fal Pazzi Sequera, hombre leyenda y m\u00e1ximo exponente del Huapango Huasteco. Igual, muchos dicen que si T\u00edo Fide gan\u00f3 aquella ocasi\u00f3n en el norte del estado, fue por don Ra\u00fal, que a la larga, ver\u00eda realizado su sue\u00f1o gracias a Herrera Beltr\u00e1n: \u00a1Ser diputado!<br \/>Bueno\u2026 y si no quieren en los Tuxtlas a Jorge Carvallo, por qu\u00e9 no pensar en que fuera candidato a diputado \u00a1por P\u00e1nuco! como en su momento lo fue su V\u00edctor Frankenstein en Veracruz. Digo\u2026 no es algo imposible y la historia lo respalda\u2026<br \/>El asunto es qui\u00e9n ser\u00eda su suplente, porque no creemos que la s\u00edndica de P\u00e1nuco, Sof\u00eda de Le\u00f3n Maza, quien suena fuerte para la candidatura, diera un paso atr\u00e1s por la suplencia\u2026 pero no deja de ser una suposici\u00f3n cuando a\u00fan falta mucho\u2026 vamos, el verbo es \u201cEspecular\u201d&#8230;<\/p>\n<p><b>Erika, Tato y Aceves<\/b><br \/>Hasta hace unos d\u00edas, todo mundo daba por hecho que el candidato \u201cnatural\u201d por el distrito rural de Xalapa podr\u00eda ser el actual secretario de Educaci\u00f3n, Adolfo Mota Hern\u00e1ndez, bajo el amparo de un padrino pol\u00edtico como Emilio Gamboa Patr\u00f3n y en una de \u00e9sas, Miguel Alem\u00e1n Velasco\u2026 hasta hace unos d\u00edas\u2026<br \/>Entonces, volvi\u00f3 a sonar fuerte el nombre de Erika Ayala y hasta el de Carlos Aceves Amezcua y m\u00e1s leve el de Tato Vega Yunes. Es como si les hubieran dado la orden de moverse, al menos en los varones, porque en el caso de Erika Ayala, ella no ha parado sus actividades.<br \/>\u00bfY entonces Mota? \u00a1Ah! Dicen que si juega bien sus barajas, podr\u00eda amarrar un primer lugar en la lista de \u201cpluris\u201d aprovechando ese padrinazgo que le endilgan en cualquiera de los dos personajes citados\u2026 pero, se insiste\u2026 faltan casi dos meses para las definiciones\u2026 mientras, el verbo es \u201cEspecular\u201d.<\/p>\n<p>smcainito@gmail.com<\/p>\n","protected":false},"excerpt":{"rendered":"<p>Salvador Mu\u00f1ozLos Pol\u00edticos Fidel Herrera Beltr\u00e1n, en su momento, fue enviado a perder. Bueno, eso dicen muchos.Nos referimos a cuando fue candidato a diputado federal por el distrito de P\u00e1nuco. Igual circunstancia dicen muchos, fue la que vivi\u00f3 cuando fue candidato a diputado por Boca del R\u00edo\u2026 y gan\u00f3 en ambas.Quiz\u00e1s no me llame tanto [&hellip;]<\/p>\n","protected":false},"author":1,"featured_media":0,"comment_status":"open","ping_status":"open","sticky":false,"template":"","format":"standard","meta":{"_jetpack_newsletter_access":"","_jetpack_dont_email_post_to_subs":false,"_jetpack_newsletter_tier_id":0,"_jetpack_memberships_contains_paywalled_content":false,"_jetpack_memberships_contains_paid_content":false,"footnotes":""},"categories":[70],"tags":[105,106,85],"class_list":["post-1982","post","type-post","status-publish","format-standard","hentry","category-de-opinion","tag-carvallo","tag-erika-ayala","tag-mota"],"jetpack_featured_media_url":"","jetpack_sharing_enabled":true,"jetpack_shortlink":"https:\/\/wp.me\/p4Qcd3-vY","_links":{"self":[{"href":"https:\/\/lospoliticosveracruz.com.mx\/index.php?rest_route=\/wp\/v2\/posts\/1982","targetHints":{"allow":["GET"]}}],"collection":[{"href":"https:\/\/lospoliticosveracruz.com.mx\/index.php?rest_route=\/wp\/v2\/posts"}],"about":[{"href":"https:\/\/lospoliticosveracruz.com.mx\/index.php?rest_route=\/wp\/v2\/types\/post"}],"author":[{"embeddable":true,"href":"https:\/\/lospoliticosveracruz.com.mx\/index.php?rest_route=\/wp\/v2\/users\/1"}],"replies":[{"embeddable":true,"href":"https:\/\/lospoliticosveracruz.com.mx\/index.php?rest_route=%2Fwp%2Fv2%2Fcomments&post=1982"}],"version-history":[{"count":1,"href":"https:\/\/lospoliticosveracruz.com.mx\/index.php?rest_route=\/wp\/v2\/posts\/1982\/revisions"}],"predecessor-version":[{"id":12059,"href":"https:\/\/lospoliticosveracruz.com.mx\/index.php?rest_route=\/wp\/v2\/posts\/1982\/revisions\/12059"}],"wp:attachment":[{"href":"https:\/\/lospoliticosveracruz.com.mx\/index.php?rest_route=%2Fwp%2Fv2%2Fmedia&parent=1982"}],"wp:term":[{"taxonomy":"category","embeddable":true,"href":"https:\/\/lospoliticosveracruz.com.mx\/index.php?rest_route=%2Fwp%2Fv2%2Fcategories&post=1982"},{"taxonomy":"post_tag","embeddable":true,"href":"https:\/\/lospoliticosveracruz.com.mx\/index.php?rest_route=%2Fwp%2Fv2%2Ftags&post=1982"}],"curies":[{"name":"wp","href":"https:\/\/api.w.org\/{rel}","templated":true}]}}