{"id":19947,"date":"2015-12-23T21:27:10","date_gmt":"2015-12-24T03:27:10","guid":{"rendered":"http:\/\/www.lospoliticosveracruz.com.mx\/?p=19947"},"modified":"2015-12-23T21:27:10","modified_gmt":"2015-12-24T03:27:10","slug":"pinche-gordo-ojete","status":"publish","type":"post","link":"https:\/\/lospoliticosveracruz.com.mx\/?p=19947","title":{"rendered":"Pinche gordo ojete"},"content":{"rendered":"<p><a href=\"http:\/\/www.lospoliticosveracruz.com.mx\/wp-content\/uploads\/2015\/12\/Pensionados1.jpg\"><img loading=\"lazy\" decoding=\"async\" class=\"alignnone size-medium wp-image-19950\" src=\"http:\/\/www.lospoliticosveracruz.com.mx\/wp-content\/uploads\/2015\/12\/Pensionados1-300x193.jpg\" alt=\"Pensionados\" width=\"300\" height=\"193\" \/><\/a><br \/>\n<strong>Salvador Mu\u00f1oz<\/strong><\/p>\n<p><em>Los Pol\u00edticos<\/em><\/p>\n<p>\u00a1Pinche gordo ojete! Y no me disculpo por mis palabras. Pero la verdad, eres un ojete. As\u00ed, con todas sus vocales y consonantes.<br \/>\nMe da pena decirlo, pero yo cre\u00eda en ti, en tu bondad, \u00a1vamos! hasta te defend\u00eda de aquellas personas que te atacaban. Disfrutaba de tu carcajada a todo lo que da, porque pensaba que eras inteligente, pero no\u2026 ya veo que no\u2026<br \/>\nTus actos te desnudan y dejan ver lo que realmente eres\u2026 \u00a1un pinche gordo ojete! que no sabe de sensibilidad, que le vale sorbete los sentimientos de la gente, de la esperanza que maldita sea la cosa, generas en ella, porque s\u00ed, la gente se esperanza en ti por todo lo que representas\u2026 o representabas.<br \/>\nHoy, es seguro, ya nadie cree en ti\u2026 nadie cree en tus palabras, en tu aparente bondad, en tus promesas y dem\u00e1s. Hoy, para el resto de las personas como para m\u00ed, eres s\u00f3lo una cosa: \u00a1Un pinche gordo ojete!<br \/>\nAs\u00ed que por eso, m\u00e9ndigo Santa Claus, voy a escribirle mi carta a los Reyes Magos, porque t\u00fa, nunca de los nunca, me trajiste ni me traer\u00e1s nada.<br \/>\nPero lo que me sorprende es que nuestros pol\u00edticos a\u00fan crean en ti y hasta ya est\u00e9n preparando la cartita, por cierto, de las que tengo copia y todas, con el consabido \u201cQuerido Santa\u201d por delante:<\/p>\n<p>\u201cYo s\u00f3lo te pido un bast\u00f3n para los pensionados\u2026 \u00a1pero un bast\u00f3n el\u00e9ctrico!<br \/>\nTe quiere<br \/>\n<strong>Arturo Berm\u00fadez\u201d.<\/strong><\/p>\n<p>\u201cYo s\u00f3lo te pido un segundo piso, pelo no pala mi casa\u2026 sino flente a Palacio de Gobielno, pala que as\u00ed, ya no tenga que leplegar a los ancianos que se manifiestan en Enl\u00edquez. Te quiele<br \/>\n<strong>El Chino L\u00edos\u201d.<\/strong><\/p>\n<p>\u201cYo nada m\u00e1s te pido que me des la CEDH y te juro que har\u00e9 mejor papel que el de Perera que ni defiende periodistas ni viejitos.<br \/>\nAh, y me he portado muy bien.<br \/>\n<strong>Rafael Ortiz Casta\u00f1eda\u201d.<\/strong><\/p>\n<p>\u201cYo nada m\u00e1s te pido que los 212 ayuntamientos me aflojen su predial y con eso, aunque me debas mi regalo, me doy por bien servido.<br \/>\nTu tocayo en kilos<br \/>\n<strong>Javier Duarte de Ochoa\u201d.<\/strong><\/p>\n<p>\u201cYo no te pido, mejor qu\u00edtame del Instituto de Pensiones del Estado porque ni me pelan ni resuelvo nada\u2026 bueno, eso s\u00ed, religiosamente, cada quince d\u00edas cobro mi humilde salario.<br \/>\nEl yerno consentido<br \/>\n<strong>Armando Adriano Fabre\u201d.<\/strong><\/p>\n<p>\u201cYo no soy pretenciosa con mis peticiones, por lo que s\u00f3lo te voy a pedir dos cosas: un sal de uvas Picot y unos chilaquiles bien picosos para que nadie me note la cruda.<br \/>\nTu ni\u00f1a buena<br \/>\n<strong>M\u00f3nica Robles\u201d.<\/strong><\/p>\n<p>\u201cYo te pido Santa que me des un poquito de credibilidad ahora que me lance como Independiente y que la gente crea que de verdad, soy el Bueno.<br \/>\nTu cuate<br \/>\n<strong>El Chabueno Juan Bueno\u201d.<\/strong><\/p>\n<p>Nos vemos hasta el 26\u2026 en espera de que por encima de estos tiempos de repliegues, de caos y de incertidumbre, disfruten estos d\u00edas que invitan a la paz, armon\u00eda y tranquilidad.<\/p>\n<p>smcainito@gmail.com<\/p>\n","protected":false},"excerpt":{"rendered":"<p>Salvador Mu\u00f1oz Los Pol\u00edticos \u00a1Pinche gordo ojete! Y no me disculpo por mis palabras. Pero la verdad, eres un ojete. As\u00ed, con todas sus vocales y consonantes. Me da pena decirlo, pero yo cre\u00eda en ti, en tu bondad, \u00a1vamos! hasta te defend\u00eda de aquellas personas que te atacaban. Disfrutaba de tu carcajada a todo [&hellip;]<\/p>\n","protected":false},"author":2,"featured_media":0,"comment_status":"open","ping_status":"open","sticky":false,"template":"","format":"standard","meta":{"_jetpack_newsletter_access":"","_jetpack_dont_email_post_to_subs":false,"_jetpack_newsletter_tier_id":0,"_jetpack_memberships_contains_paywalled_content":false,"_jetpack_memberships_contains_paid_content":false,"footnotes":""},"categories":[70],"tags":[1761,260,1305,4376,4375,1296,1295],"class_list":["post-19947","post","type-post","status-publish","format-standard","hentry","category-de-opinion","tag-flavino-rios","tag-javier-duarte-de-ochoa","tag-juan-bueno-torio","tag-monica-robles","tag-rafael-ortiz-castaneda","tag-reyes-magos","tag-santa-claus"],"jetpack_featured_media_url":"","jetpack_sharing_enabled":true,"jetpack_shortlink":"https:\/\/wp.me\/p4Qcd3-5bJ","_links":{"self":[{"href":"https:\/\/lospoliticosveracruz.com.mx\/index.php?rest_route=\/wp\/v2\/posts\/19947","targetHints":{"allow":["GET"]}}],"collection":[{"href":"https:\/\/lospoliticosveracruz.com.mx\/index.php?rest_route=\/wp\/v2\/posts"}],"about":[{"href":"https:\/\/lospoliticosveracruz.com.mx\/index.php?rest_route=\/wp\/v2\/types\/post"}],"author":[{"embeddable":true,"href":"https:\/\/lospoliticosveracruz.com.mx\/index.php?rest_route=\/wp\/v2\/users\/2"}],"replies":[{"embeddable":true,"href":"https:\/\/lospoliticosveracruz.com.mx\/index.php?rest_route=%2Fwp%2Fv2%2Fcomments&post=19947"}],"version-history":[{"count":1,"href":"https:\/\/lospoliticosveracruz.com.mx\/index.php?rest_route=\/wp\/v2\/posts\/19947\/revisions"}],"predecessor-version":[{"id":19951,"href":"https:\/\/lospoliticosveracruz.com.mx\/index.php?rest_route=\/wp\/v2\/posts\/19947\/revisions\/19951"}],"wp:attachment":[{"href":"https:\/\/lospoliticosveracruz.com.mx\/index.php?rest_route=%2Fwp%2Fv2%2Fmedia&parent=19947"}],"wp:term":[{"taxonomy":"category","embeddable":true,"href":"https:\/\/lospoliticosveracruz.com.mx\/index.php?rest_route=%2Fwp%2Fv2%2Fcategories&post=19947"},{"taxonomy":"post_tag","embeddable":true,"href":"https:\/\/lospoliticosveracruz.com.mx\/index.php?rest_route=%2Fwp%2Fv2%2Ftags&post=19947"}],"curies":[{"name":"wp","href":"https:\/\/api.w.org\/{rel}","templated":true}]}}