{"id":19959,"date":"2015-12-24T12:38:33","date_gmt":"2015-12-24T18:38:33","guid":{"rendered":"http:\/\/www.lospoliticosveracruz.com.mx\/?p=19959"},"modified":"2015-12-24T12:38:33","modified_gmt":"2015-12-24T18:38:33","slug":"pista-de-hielo-abierta-esta-navidad","status":"publish","type":"post","link":"https:\/\/lospoliticosveracruz.com.mx\/?p=19959","title":{"rendered":"Pista de hielo, \u00a1abierta esta navidad!"},"content":{"rendered":"<blockquote><p><a href=\"http:\/\/www.lospoliticosveracruz.com.mx\/wp-content\/uploads\/2015\/12\/pista-de-hielo.jpg\"><img loading=\"lazy\" decoding=\"async\" class=\"alignnone size-medium wp-image-19960\" src=\"http:\/\/www.lospoliticosveracruz.com.mx\/wp-content\/uploads\/2015\/12\/pista-de-hielo-300x207.jpg\" alt=\"pista de hielo\" width=\"300\" height=\"207\" \/><\/a><\/p>\n<p>Trabajar\u00e1 en horarios especiales este 24 de diciembre, de 10 a 17 horas, y el d\u00eda 25, de 15 a 22 horas<\/p><\/blockquote>\n<p>Para el disfrute de xalape\u00f1os y visitantes, la pista de hielo gratuita que est\u00e1 instalada en el Parque Ju\u00e1rez permanecer\u00e1 abierta en horarios especiales este 24 y 25 de diciembre, as\u00ed lo explic\u00f3 la Directora de Cultura, Educaci\u00f3n y Deporte, Noem\u00ed Santa Brito G\u00f3mez.<\/p>\n<p>La servidora p\u00fablica municipal\u00a0inform\u00f3\u00a0que, debido a las festividades,\u00a0la pista permanecer\u00e1 abierta el d\u00eda de Nochebuena en un horario de 10:00 a 17:00 horas,\u00a0y el d\u00eda de Navidad, de 15:00 a 22:00 horas.<\/p>\n<p>Todos los interesados\u00a0mayores de 5 a\u00f1os podr\u00e1n acceder de manera completamente gratuita a la pista de patinaje por un espacio\u00a0de entre 15 y 30 minutos y, para que toda la gente pueda participar de este atractivo, se program\u00f3 un horario especial para el acceso de las personas con discapacidad, de las 12:00 a 13:00 horas.<\/p>\n<p>Para patinar, tendr\u00e1n que registrarse de manera previa en el\u00a0m\u00f3dulo instalado para ese prop\u00f3sito, ah\u00ed les repartir\u00e1n un ticket con el horario al que podr\u00e1n acceder a la pista de hielo, aclar\u00f3.\u00a0El usuario con ticket en mano podr\u00e1 ingresar por el acceso principal a la hora indicada para dirigirse a la zona de patines para intercambiar su calzado.<\/p>\n<p>Con excepci\u00f3n de los adultos acompa\u00f1antes de los menores de 8 a\u00f1os, que entrar\u00e1n calzados, es obligatorio el uso de calcetines o calcetas, ya que s\u00f3lo se podr\u00e1\u00a0entrar al hielo con patines.\u00a0Adem\u00e1s, por seguridad, no\u00a0se pueden introducir\u00a0c\u00e1maras de video o fotogr\u00e1ficas, celulares, aud\u00edfonos, bastones deportivos, pelotas y mascotas.<\/p>\n","protected":false},"excerpt":{"rendered":"<p>Trabajar\u00e1 en horarios especiales este 24 de diciembre, de 10 a 17 horas, y el d\u00eda 25, de 15 a 22 horas Para el disfrute de xalape\u00f1os y visitantes, la pista de hielo gratuita que est\u00e1 instalada en el Parque Ju\u00e1rez permanecer\u00e1 abierta en horarios especiales este 24 y 25 de diciembre, as\u00ed lo explic\u00f3 [&hellip;]<\/p>\n","protected":false},"author":2,"featured_media":0,"comment_status":"open","ping_status":"open","sticky":false,"template":"","format":"standard","meta":{"_jetpack_newsletter_access":"","_jetpack_dont_email_post_to_subs":false,"_jetpack_newsletter_tier_id":0,"_jetpack_memberships_contains_paywalled_content":false,"_jetpack_memberships_contains_paid_content":false,"footnotes":""},"categories":[73],"tags":[1054,1723,4350],"class_list":["post-19959","post","type-post","status-publish","format-standard","hentry","category-de-boleto","tag-noemi-santa-brito-gomez","tag-parque-juarez","tag-pista-de-hielo"],"jetpack_featured_media_url":"","jetpack_sharing_enabled":true,"jetpack_shortlink":"https:\/\/wp.me\/p4Qcd3-5bV","_links":{"self":[{"href":"https:\/\/lospoliticosveracruz.com.mx\/index.php?rest_route=\/wp\/v2\/posts\/19959","targetHints":{"allow":["GET"]}}],"collection":[{"href":"https:\/\/lospoliticosveracruz.com.mx\/index.php?rest_route=\/wp\/v2\/posts"}],"about":[{"href":"https:\/\/lospoliticosveracruz.com.mx\/index.php?rest_route=\/wp\/v2\/types\/post"}],"author":[{"embeddable":true,"href":"https:\/\/lospoliticosveracruz.com.mx\/index.php?rest_route=\/wp\/v2\/users\/2"}],"replies":[{"embeddable":true,"href":"https:\/\/lospoliticosveracruz.com.mx\/index.php?rest_route=%2Fwp%2Fv2%2Fcomments&post=19959"}],"version-history":[{"count":1,"href":"https:\/\/lospoliticosveracruz.com.mx\/index.php?rest_route=\/wp\/v2\/posts\/19959\/revisions"}],"predecessor-version":[{"id":19961,"href":"https:\/\/lospoliticosveracruz.com.mx\/index.php?rest_route=\/wp\/v2\/posts\/19959\/revisions\/19961"}],"wp:attachment":[{"href":"https:\/\/lospoliticosveracruz.com.mx\/index.php?rest_route=%2Fwp%2Fv2%2Fmedia&parent=19959"}],"wp:term":[{"taxonomy":"category","embeddable":true,"href":"https:\/\/lospoliticosveracruz.com.mx\/index.php?rest_route=%2Fwp%2Fv2%2Fcategories&post=19959"},{"taxonomy":"post_tag","embeddable":true,"href":"https:\/\/lospoliticosveracruz.com.mx\/index.php?rest_route=%2Fwp%2Fv2%2Ftags&post=19959"}],"curies":[{"name":"wp","href":"https:\/\/api.w.org\/{rel}","templated":true}]}}