{"id":20043,"date":"2015-12-30T22:23:38","date_gmt":"2015-12-31T04:23:38","guid":{"rendered":"http:\/\/www.lospoliticosveracruz.com.mx\/?p=20043"},"modified":"2015-12-30T22:23:38","modified_gmt":"2015-12-31T04:23:38","slug":"aguas-con-el-alcoholimetro-de-fin-de-ano","status":"publish","type":"post","link":"https:\/\/lospoliticosveracruz.com.mx\/?p=20043","title":{"rendered":"\u00a1Aguas con el alcohol\u00edmetro de fin de a\u00f1o!"},"content":{"rendered":"<p><a href=\"http:\/\/www.lospoliticosveracruz.com.mx\/wp-content\/uploads\/2015\/12\/Tr\u00e1nsito.jpg\"><img loading=\"lazy\" decoding=\"async\" class=\"alignnone size-medium wp-image-20045\" src=\"http:\/\/www.lospoliticosveracruz.com.mx\/wp-content\/uploads\/2015\/12\/Tr\u00e1nsito-300x225.jpg\" alt=\"Tr\u00e1nsito\" width=\"300\" height=\"225\" \/><\/a><\/p>\n<p>La Direcci\u00f3n General de Tr\u00e1nsito y Seguridad Vial del Estado (DGTSV) aplicar\u00e1 el alcohol\u00edmetro este 31 de diciembre, como parte de las acciones del Operativo Invierno 2015 que realiza la Secretar\u00eda de Seguridad P\u00fablica (SSP).<\/p>\n<p>Un total de 500 efectivos de la dependencia participar\u00e1n en las labores, con el fin de vigilar y salvaguardar la integridad f\u00edsica de automovilistas y peatones. Puesto que el esquema se implementar\u00e1 aleatoriamente en la entidad, se invita a todos los conductores a no manejar en estado de ebriedad, para evitar poner en riesgo su vida y la de los dem\u00e1s.<\/p>\n<p>El alcohol\u00edmetro se reforzar\u00e1 en las ciudades de Xalapa, Veracruz, C\u00f3rdoba, Poza Rica, Coatzacoalcos, Minatitl\u00e1n, Nanchital y Cosoleacaque, donde los elementos de la Polic\u00eda Naval adscritos al Mando \u00danico se sumar\u00e1n a la estrategia.<\/p>\n<p>Los operativos iniciar\u00e1n a partir de las 14:00 horas de manera simult\u00e1nea y concluir\u00e1n hasta las seis de la ma\u00f1ana del 01 de enero. La DGTSV pone a disposici\u00f3n de la ciudadan\u00eda el n\u00famero de atenci\u00f3n a emergencias 066 para atender cualquier llamado de auxilio vial.<\/p>\n","protected":false},"excerpt":{"rendered":"<p>La Direcci\u00f3n General de Tr\u00e1nsito y Seguridad Vial del Estado (DGTSV) aplicar\u00e1 el alcohol\u00edmetro este 31 de diciembre, como parte de las acciones del Operativo Invierno 2015 que realiza la Secretar\u00eda de Seguridad P\u00fablica (SSP). Un total de 500 efectivos de la dependencia participar\u00e1n en las labores, con el fin de vigilar y salvaguardar la [&hellip;]<\/p>\n","protected":false},"author":2,"featured_media":0,"comment_status":"open","ping_status":"open","sticky":false,"template":"","format":"standard","meta":{"_jetpack_newsletter_access":"","_jetpack_dont_email_post_to_subs":false,"_jetpack_newsletter_tier_id":0,"_jetpack_memberships_contains_paywalled_content":false,"_jetpack_memberships_contains_paid_content":false,"footnotes":""},"categories":[73],"tags":[371,751,375,373,374,4413,1267,4411,195,96],"class_list":["post-20043","post","type-post","status-publish","format-standard","hentry","category-de-boleto","tag-coatzacoalcos","tag-cordoba","tag-cosoleacaque","tag-minatitlan","tag-nanchital","tag-peatones","tag-poza-rica","tag-transito-y-seguridad-vial","tag-veracruz","tag-xalapa"],"jetpack_featured_media_url":"","jetpack_sharing_enabled":true,"jetpack_shortlink":"https:\/\/wp.me\/p4Qcd3-5dh","_links":{"self":[{"href":"https:\/\/lospoliticosveracruz.com.mx\/index.php?rest_route=\/wp\/v2\/posts\/20043","targetHints":{"allow":["GET"]}}],"collection":[{"href":"https:\/\/lospoliticosveracruz.com.mx\/index.php?rest_route=\/wp\/v2\/posts"}],"about":[{"href":"https:\/\/lospoliticosveracruz.com.mx\/index.php?rest_route=\/wp\/v2\/types\/post"}],"author":[{"embeddable":true,"href":"https:\/\/lospoliticosveracruz.com.mx\/index.php?rest_route=\/wp\/v2\/users\/2"}],"replies":[{"embeddable":true,"href":"https:\/\/lospoliticosveracruz.com.mx\/index.php?rest_route=%2Fwp%2Fv2%2Fcomments&post=20043"}],"version-history":[{"count":1,"href":"https:\/\/lospoliticosveracruz.com.mx\/index.php?rest_route=\/wp\/v2\/posts\/20043\/revisions"}],"predecessor-version":[{"id":20046,"href":"https:\/\/lospoliticosveracruz.com.mx\/index.php?rest_route=\/wp\/v2\/posts\/20043\/revisions\/20046"}],"wp:attachment":[{"href":"https:\/\/lospoliticosveracruz.com.mx\/index.php?rest_route=%2Fwp%2Fv2%2Fmedia&parent=20043"}],"wp:term":[{"taxonomy":"category","embeddable":true,"href":"https:\/\/lospoliticosveracruz.com.mx\/index.php?rest_route=%2Fwp%2Fv2%2Fcategories&post=20043"},{"taxonomy":"post_tag","embeddable":true,"href":"https:\/\/lospoliticosveracruz.com.mx\/index.php?rest_route=%2Fwp%2Fv2%2Ftags&post=20043"}],"curies":[{"name":"wp","href":"https:\/\/api.w.org\/{rel}","templated":true}]}}