{"id":2007,"date":"2014-10-01T18:23:00","date_gmt":"2014-10-01T18:23:00","guid":{"rendered":"http:\/\/www.lospoliticosveracruz.com.mx\/?p=2007"},"modified":"2014-10-10T18:19:48","modified_gmt":"2014-10-10T18:19:48","slug":"las-marchas-y-plantones-de-unos-cuantos","status":"publish","type":"post","link":"https:\/\/lospoliticosveracruz.com.mx\/?p=2007","title":{"rendered":"Las marchas y plantones de unos cuantos"},"content":{"rendered":"<p><a href=\"http:\/\/www.lospoliticosveracruz.com.mx\/wp-content\/uploads\/2014\/10\/plaza-2Blerdo.jpg\"><img loading=\"lazy\" decoding=\"async\" border=\"0\" height=\"224\" src=\"http:\/\/www.lospoliticosveracruz.com.mx\/wp-content\/uploads\/2014\/10\/plaza-2Blerdo-300x168.jpg\" width=\"400\" \/><\/a><\/p>\n<p><b>Miguel Angel Cristiani Gonz\u00e1lez<\/b><\/p>\n<div><i>Bit\u00e1cora Veracruz<\/i><\/div>\n<div>Mucho es lo que se ha estado diciendo a favor y en contra, durante los \u00faltimos d\u00edas, luego de que el diputado local Adolfo Jes\u00fas Ram\u00edrez Arana, integrante del Grupo Legislativo del Partido Revolucionario Institucional presentara una iniciativa con proyecto de Ley de Tr\u00e1nsito y Seguridad Vial para el estado de Veracruz, ya que entre otras muchas cuestiones, aborda el tema de las manifestaciones en la v\u00eda p\u00fablica.<a name='more'><\/a><br \/>Quienes ahora son defensores de los manifestantes, aseguran que se trata de coartar la libertad de manifestaci\u00f3n-expresi\u00f3n que todos los ciudadanos tenemos para expresar nuestras ideas.<br \/>Pero por otra parte, los representantes de las c\u00e1maras de comercio, principalmente en la capital del estado que es el escenario casi diario de todo tipo de manifestaciones, argumentan que las manifestaciones y plantones frente al palacio de gobierno, les ocasionan p\u00e9rdidas en sus negocios que van desde el 40 al 85 por ciento.<br \/>Es bien sabido y sufrido por todos los xalape\u00f1os, que cuando no son trabajadores, colonos, campesinos, taxistas, vecinos, sindicatos, que han encontrado ya una forma de venir a exponer sus demandas, haciendo un plant\u00f3n frente a palacio de gobierno estatal, aunque en muchas ocasiones \u2013la mayor\u00eda- no sean m\u00e1s que unos cuantos, que para llamar la atenci\u00f3n, deciden bloquear el tr\u00e1nsito en la calle de Enr\u00edquez y con ello desquiciar todo el tr\u00e1fico vehicular en el primer cuadro de la capital.<br \/>Aunque bien vale la pena apuntar, que todos ellos caben perfectamente en la explanada de la Plaza Lerdo, sin ninguna necesidad de bloquear el tr\u00e1fico de veh\u00edculos particulares, taxis, servicios urbanos, ambulancias, servicios de emergencia y todos lo que tienen la necesidad de cruzar por ese sector de la ciudad.<br \/>Posiblemente, si luego de instalarse en la Plaza Lerdo, las autoridades estales no bajaran a iniciar el di\u00e1logo y la respectiva negociaci\u00f3n, tal vez, se podr\u00eda justificar una medida que afecta a la mayor\u00eda de los habitantes de Xalapa, porque el caos vial se extiende no solo al primer cuadro, sino que se alcanza hasta otras arterias y avenidas.<br \/>Los manifestantes, tienen todo el derecho a ser acarreados, para que unos cuantos l\u00edderes, sean los que negocien los beneficios, pero no se vale que con el pretexto de llamar la atenci\u00f3n o demostrar una \u201cfortaleza\u201d de determinado grup\u00fasculo pol\u00edtico, se afecte la vida de toda una ciudad capital.<br \/>Se tiene que hacer algo, pero desde ya, para que no se siga permitiendo que Juan de las Pitas, venga cada vez que se le ocurra, a cerrar el libre tr\u00e1nsito \u2013que ese s\u00ed es un derecho de las mayor\u00edas- para plantarse frente al palacio a \u201cexigir sus demandas\u201d.<br \/>La soluci\u00f3n es muy sencilla y no requiere de tantas leyes y reglamentaciones, la autoridad correspondiente, debe de aplicar la sentencia existente: los derechos de las minor\u00edas terminan donde comienzan los de las mayor\u00edas, no se puede permitir que unos cuantos, vivan fregando a toda una comunidad.<\/div>\n","protected":false},"excerpt":{"rendered":"<p>Miguel Angel Cristiani Gonz\u00e1lez Bit\u00e1cora Veracruz Mucho es lo que se ha estado diciendo a favor y en contra, durante los \u00faltimos d\u00edas, luego de que el diputado local Adolfo Jes\u00fas Ram\u00edrez Arana, integrante del Grupo Legislativo del Partido Revolucionario Institucional presentara una iniciativa con proyecto de Ley de Tr\u00e1nsito y Seguridad Vial para el [&hellip;]<\/p>\n","protected":false},"author":1,"featured_media":0,"comment_status":"open","ping_status":"open","sticky":false,"template":"","format":"standard","meta":{"_jetpack_newsletter_access":"","_jetpack_dont_email_post_to_subs":false,"_jetpack_newsletter_tier_id":0,"_jetpack_memberships_contains_paywalled_content":false,"_jetpack_memberships_contains_paid_content":false,"footnotes":""},"categories":[70],"tags":[188,186,187,189,96],"class_list":["post-2007","post","type-post","status-publish","format-standard","hentry","category-de-opinion","tag-calle-enriquez","tag-marchas","tag-plantones","tag-plaza-lerdo","tag-xalapa"],"jetpack_featured_media_url":"","jetpack_sharing_enabled":true,"jetpack_shortlink":"https:\/\/wp.me\/p4Qcd3-wn","_links":{"self":[{"href":"https:\/\/lospoliticosveracruz.com.mx\/index.php?rest_route=\/wp\/v2\/posts\/2007","targetHints":{"allow":["GET"]}}],"collection":[{"href":"https:\/\/lospoliticosveracruz.com.mx\/index.php?rest_route=\/wp\/v2\/posts"}],"about":[{"href":"https:\/\/lospoliticosveracruz.com.mx\/index.php?rest_route=\/wp\/v2\/types\/post"}],"author":[{"embeddable":true,"href":"https:\/\/lospoliticosveracruz.com.mx\/index.php?rest_route=\/wp\/v2\/users\/1"}],"replies":[{"embeddable":true,"href":"https:\/\/lospoliticosveracruz.com.mx\/index.php?rest_route=%2Fwp%2Fv2%2Fcomments&post=2007"}],"version-history":[{"count":1,"href":"https:\/\/lospoliticosveracruz.com.mx\/index.php?rest_route=\/wp\/v2\/posts\/2007\/revisions"}],"predecessor-version":[{"id":12501,"href":"https:\/\/lospoliticosveracruz.com.mx\/index.php?rest_route=\/wp\/v2\/posts\/2007\/revisions\/12501"}],"wp:attachment":[{"href":"https:\/\/lospoliticosveracruz.com.mx\/index.php?rest_route=%2Fwp%2Fv2%2Fmedia&parent=2007"}],"wp:term":[{"taxonomy":"category","embeddable":true,"href":"https:\/\/lospoliticosveracruz.com.mx\/index.php?rest_route=%2Fwp%2Fv2%2Fcategories&post=2007"},{"taxonomy":"post_tag","embeddable":true,"href":"https:\/\/lospoliticosveracruz.com.mx\/index.php?rest_route=%2Fwp%2Fv2%2Ftags&post=2007"}],"curies":[{"name":"wp","href":"https:\/\/api.w.org\/{rel}","templated":true}]}}