{"id":2009,"date":"2014-10-01T03:15:00","date_gmt":"2014-10-01T03:15:00","guid":{"rendered":"http:\/\/www.lospoliticosveracruz.com.mx\/?p=2009"},"modified":"2014-10-10T18:25:28","modified_gmt":"2014-10-10T18:25:28","slug":"veracruz-victimas-y-delitos","status":"publish","type":"post","link":"https:\/\/lospoliticosveracruz.com.mx\/?p=2009","title":{"rendered":"Veracruz, v\u00edctimas y delitos"},"content":{"rendered":"<div style=\"clear: both; text-align: center;\"><a href=\"http:\/\/www.lospoliticosveracruz.com.mx\/wp-content\/uploads\/2014\/10\/BERMUDEZ.jpg\" style=\"margin-left: 1em; margin-right: 1em;\"><img loading=\"lazy\" decoding=\"async\" border=\"0\" src=\"http:\/\/www.lospoliticosveracruz.com.mx\/wp-content\/uploads\/2014\/10\/BERMUDEZ.jpg\" height=\"270\" width=\"320\" \/><\/a><\/div>\n<p><b>Luis Alberto Romero<\/b><br \/><i>Hora Cero<\/i><\/p>\n<p>El Instituto Nacional de Estad\u00edstica, Geograf\u00eda e Inform\u00e1tica, Inegi, dio a conocer este 30 de septiembre los resultados de la Encuesta Nacional de Victimizaci\u00f3n y Percepci\u00f3n sobre Seguridad P\u00fablica, que incluye la informaci\u00f3n sobre el n\u00famero de il\u00edcitos que se cometieron y el bajo porcentaje de los que fueron denunciados.<br \/>Se trata de una herramienta importante para conocer la realidad de nuestro pa\u00eds y sus entidades federativas en materia de inseguridad, delincuencia, as\u00ed como la percepci\u00f3n de la sociedad ante esos problemas.<a name='more'><\/a><br \/>Destaca que durante el a\u00f1o anterior, uno de cada tres hogares en este pa\u00eds tuvo al menos una v\u00edctima de la delincuencia; que se cometieron 33 millones de il\u00edcitos y que, de \u00e9stos, 31 millones no fueron denunciados; y que hubo m\u00e1s de 22 millones de v\u00edctimas en territorio nacional.<br \/>Son n\u00fameros que nos dicen que el problema de la inseguridad cost\u00f3 al pa\u00eds, en 2013, 213 mil millones de pesos; es decir, 1.27 por ciento del Producto Interno Bruto.<br \/>Aumentaron delitos como robo, asalto y extorsi\u00f3n, as\u00ed como la cifra negra de la delincuencia, el porcentaje de los delitos que no se convierten en averiguaciones previas, y que pas\u00f3 de 92.1 a 93.8 por ciento.<br \/>No es todo: 58 de cada 100 mexicanos consideran que el principal problema del pa\u00eds es la inseguridad y la delincuencia.<br \/>En el \u00e1mbito nacional hubo un aumento en el n\u00famero de v\u00edctimas del 3.2 por ciento en un a\u00f1o; en 2012 se registraron 27 mil 337 v\u00edctimas por cada 100 mil habitantes, mientras que la cifra en 2013 lleg\u00f3 a 28 mil 224 por cada 100 mil mexicanos. En Veracruz, la tasa de v\u00edctimas por cada 100 mil habitantes casi triplic\u00f3 la media nacional, con un aumento del 8.1 por ciento con relaci\u00f3n al a\u00f1o anterior.<br \/>Por otro lado, el reporte de Inegi revel\u00f3 que en 2012 hubo 35 mil 139 delitos por cada 100 mil habitantes en todo el pa\u00eds y que la cifra en 2013 lleg\u00f3 a 41 mil 563, para un incremento de 18.3 por ciento. En la entidad veracruzana, el incremento en la tasa de delitos por cada 100 mil habitantes fue del 20 por ciento, al pasar de 23 mil 411 a 28 mil 101. Los il\u00edcitos m\u00e1s frecuentes son la extorsi\u00f3n y el robo o asalto en la calle o en el transporte p\u00fablico.<br \/>En cuanto a la cifra negra, los delitos no denunciados, \u00e9sta pas\u00f3 del 92.1 por ciento en 2012 a 93.8 por ciento en 2013. De todos los delitos cometidos en el pa\u00eds, s\u00f3lo se inici\u00f3 averiguaci\u00f3n previa en el 6.2 por ciento de los casos.<br \/>En Veracruz, la cifra negra lleg\u00f3 al 94.9 por ciento; las causas de la no denuncia tienen que ver con que casi una tercera parte de las v\u00edctimas considera que es una p\u00e9rdida de tiempo y el 21 por ciento afirma no confiar en la autoridad.<br \/>Si en el \u00e1mbito nacional, la percepci\u00f3n de inseguridad llega al 73.3 por ciento, en Veracruz, el porcentaje de la poblaci\u00f3n que considera insegura a la entidad se ubica en 80.7 por ciento.<br \/>En un a\u00f1o, de 2012 a 2013, el aumento de los veracruzanos que percibe a su estado como inseguro fue del 7.1 por ciento. Hubo aqu\u00ed 10 asesinatos, 20 delitos cometidos con armas y 10 mil extorsiones por cada 100 mil habitantes.<br \/>Son datos oficiales, de Inegi, que nos invitan a reflexionar sobre el avance de la delincuencia y la percepci\u00f3n de inseguridad que prevalece en el estado. @luisromero85<\/p>\n","protected":false},"excerpt":{"rendered":"<p>Luis Alberto RomeroHora Cero El Instituto Nacional de Estad\u00edstica, Geograf\u00eda e Inform\u00e1tica, Inegi, dio a conocer este 30 de septiembre los resultados de la Encuesta Nacional de Victimizaci\u00f3n y Percepci\u00f3n sobre Seguridad P\u00fablica, que incluye la informaci\u00f3n sobre el n\u00famero de il\u00edcitos que se cometieron y el bajo porcentaje de los que fueron denunciados.Se trata [&hellip;]<\/p>\n","protected":false},"author":1,"featured_media":0,"comment_status":"open","ping_status":"open","sticky":false,"template":"","format":"standard","meta":{"_jetpack_newsletter_access":"","_jetpack_dont_email_post_to_subs":false,"_jetpack_newsletter_tier_id":0,"_jetpack_memberships_contains_paywalled_content":false,"_jetpack_memberships_contains_paid_content":false,"footnotes":""},"categories":[70],"tags":[178,196,177,195],"class_list":["post-2009","post","type-post","status-publish","format-standard","hentry","category-de-opinion","tag-inegi","tag-inseguridad","tag-seguridad-publica","tag-veracruz"],"jetpack_featured_media_url":"","jetpack_sharing_enabled":true,"jetpack_shortlink":"https:\/\/wp.me\/p4Qcd3-wp","_links":{"self":[{"href":"https:\/\/lospoliticosveracruz.com.mx\/index.php?rest_route=\/wp\/v2\/posts\/2009","targetHints":{"allow":["GET"]}}],"collection":[{"href":"https:\/\/lospoliticosveracruz.com.mx\/index.php?rest_route=\/wp\/v2\/posts"}],"about":[{"href":"https:\/\/lospoliticosveracruz.com.mx\/index.php?rest_route=\/wp\/v2\/types\/post"}],"author":[{"embeddable":true,"href":"https:\/\/lospoliticosveracruz.com.mx\/index.php?rest_route=\/wp\/v2\/users\/1"}],"replies":[{"embeddable":true,"href":"https:\/\/lospoliticosveracruz.com.mx\/index.php?rest_route=%2Fwp%2Fv2%2Fcomments&post=2009"}],"version-history":[{"count":1,"href":"https:\/\/lospoliticosveracruz.com.mx\/index.php?rest_route=\/wp\/v2\/posts\/2009\/revisions"}],"predecessor-version":[{"id":12503,"href":"https:\/\/lospoliticosveracruz.com.mx\/index.php?rest_route=\/wp\/v2\/posts\/2009\/revisions\/12503"}],"wp:attachment":[{"href":"https:\/\/lospoliticosveracruz.com.mx\/index.php?rest_route=%2Fwp%2Fv2%2Fmedia&parent=2009"}],"wp:term":[{"taxonomy":"category","embeddable":true,"href":"https:\/\/lospoliticosveracruz.com.mx\/index.php?rest_route=%2Fwp%2Fv2%2Fcategories&post=2009"},{"taxonomy":"post_tag","embeddable":true,"href":"https:\/\/lospoliticosveracruz.com.mx\/index.php?rest_route=%2Fwp%2Fv2%2Ftags&post=2009"}],"curies":[{"name":"wp","href":"https:\/\/api.w.org\/{rel}","templated":true}]}}