{"id":2013,"date":"2014-09-30T15:10:00","date_gmt":"2014-09-30T15:10:00","guid":{"rendered":"http:\/\/www.lospoliticosveracruz.com.mx\/?p=2013"},"modified":"2014-10-10T18:43:26","modified_gmt":"2014-10-10T18:43:26","slug":"enriquecer-la-democracia","status":"publish","type":"post","link":"https:\/\/lospoliticosveracruz.com.mx\/?p=2013","title":{"rendered":"Enriquecer la democracia"},"content":{"rendered":"<p><b><\/p>\n<table align=\"center\" cellpadding=\"0\" cellspacing=\"0\" style=\"margin-left: auto; margin-right: auto; text-align: center;\">\n<tbody>\n<tr>\n<td style=\"text-align: center;\"><a href=\"http:\/\/www.lospoliticosveracruz.com.mx\/wp-content\/uploads\/2014\/09\/David-2BBrooks.jpg\" style=\"margin-left: auto; margin-right: auto;\"><img loading=\"lazy\" decoding=\"async\" border=\"0\" src=\"http:\/\/www.lospoliticosveracruz.com.mx\/wp-content\/uploads\/2014\/09\/David-2BBrooks.jpg\" height=\"213\" width=\"320\" \/><\/a><\/td>\n<\/tr>\n<tr>\n<td style=\"text-align: center;\">David Brooks<\/td>\n<\/tr>\n<\/tbody>\n<\/table>\n<div><b><br \/><\/b><\/div>\n<p>Jorge Arturo Rodr\u00edguez <\/b><br \/><i>Tierra de Babel <\/i><\/p>\n<p>La naturaleza est\u00e1 en crisis y s\u00f3lo hay un responsable, recuerdo que alguien lo dijo en no s\u00e9 qu\u00e9 pel\u00edcula. Agrego ahora que la humanidad est\u00e1 en crisis y s\u00f3lo hay un responsable. \u201c\u00bfHacia d\u00f3nde va el pez en el acuario?\u201d, me pregunto una y otra vez con William Deer. Ya no sabemos si re\u00edr o llorar, pero mejor me quedo con la herida que r\u00ede, y, dijera Alejandro Jodorowsky, si dudas entre hacer y no hacer, haz siempre.<br \/>&nbsp;David Brooks escribi\u00f3 en su columna American Curios un art\u00edculo titulado \u201c\u00bfEn nombre de qui\u00e9n?\u201d. Les compartir\u00e9 algunas l\u00edneas y entre corchetes pondr\u00e9 el nombre de M\u00e9xico y ver\u00e1n que es casi lo mismo \u2013toda proporci\u00f3n guardada. Claro, pos si somos el patio trasero de Estados Unidos: <a name='more'><\/a><br \/>&nbsp;\u201cEl estado de la pol\u00edtica formal en Estados Unidos [M\u00e9xico] se puede resumir m\u00e1s o menos as\u00ed: que una democracia de, por y para los ricos es una pobre democracia. <br \/>&nbsp;\u201cEs dif\u00edcil \u2013aunque a\u00fan lo logran\u2013 aplicar la palabra democracia cuando la c\u00fapula pol\u00edtica que supuestamente obra en nombre del pueblo es reprobada por ese pueblo. <br \/>&nbsp;\u201cEl Congreso ya es m\u00e1s bien material para comediantes, y son frecuentes las bromas para identificar qui\u00e9n goza de menos aprobaci\u00f3n que la Legislatura. <br \/>\u201cCornel West, el reconocido fil\u00f3sofo pol\u00edtico e intelectual p\u00fablico (y afroestadunidense), (\u2026) coment\u00f3 sobre Obama en entrevista con Salon: \u201cse present\u00f3 como un progresista y result\u00f3 falsificado. Acabamos con una presidencia de Wall Street, una presidencia de drones\u2026 es otro oportunista neoliberal\u201d. West afirm\u00f3 que el sistema pol\u00edtico es disfuncional. Nuestros l\u00edderes son cada vez m\u00e1s comprados con soborno legalizado y corrupci\u00f3n normalizada&#8230;Agreg\u00f3 que la secuela de Obama ser\u00e1 un Estados Unidos [M\u00e9xico] en depresi\u00f3n pos-traum\u00e1tica, porque los niveles de desilusi\u00f3n son muy profundos. <br \/>\u201cO sea, para enriquecer la democracia, hay que empobrecer a los ricos; o por lo menos anular su control de la pol\u00edtica. Pero para lograr eso, los ciudadanos tendr\u00e1n que rescatar su democracia exigiendo sus derechos b\u00e1sicos y establecer en nombre de qui\u00e9n se gobierna aqu\u00ed\u201d. Clarito, clarito. <\/p>\n<p><b>Los d\u00edas y los temas <\/b><br \/>Tiene raz\u00f3n el diputado Adolfo Jes\u00fas Ram\u00edrez Arana, \u201cel momento es aqu\u00ed y ahora\u201d. Lamentarnos por los problemas de vialidad no resuelve nada. Hay que proponer, opinar, participar para sanear y mejorar nuestro entorno. Bien lo sabe el ex alcalde de Paso de Ovejas, por eso present\u00f3 la Iniciativa de Ley de Tr\u00e1nsito y Seguridad Vial del Estado, porque \u201cdebe abordarse este tema a trav\u00e9s de la b\u00fasqueda de soluciones que satisfagan a quienes usamos todos los d\u00edas las calles, avenidas y caminos que requieren un nuevo trato y tambi\u00e9n, una nueva conformaci\u00f3n en su trazo y utilidad; se trata de un sentido problema social pues nos afecta sin distinci\u00f3n. Corregir las posibilidades de vialidad y su problem\u00e1tica en todas sus modalidades es urgente, y hay que empezar por profundos cambios a la legislaci\u00f3n que lo regula, pues existen fallas en los ordenamientos vigentes y abusos en su aplicaci\u00f3n, que es pertinente reconocer, para proceder a un cambio de forma y de fondo\u201d. Ah\u00ed la lleva el diputado Ram\u00edrez Arana, trabajando bien.<\/p>\n<div><b>De cinismo y anexas <\/b><br \/>  Paren el mundo que me quiero bajar, grita Mafalda, pero, claro, es imposible, seguimos en el mismo barco. Mientras, Armando Murad escribi\u00f3 el siguiente cuento breve \u201cProfundo resentimiento\u201d: \u201cAlg\u00fan profundo resentimiento debi\u00f3 tener Dios contra las mujeres para haber puesto al hombre en la tierra\u201d. <br \/>Por lo pronto ah\u00ed se ven.<\/div>\n","protected":false},"excerpt":{"rendered":"<p>David Brooks Jorge Arturo Rodr\u00edguez Tierra de Babel La naturaleza est\u00e1 en crisis y s\u00f3lo hay un responsable, recuerdo que alguien lo dijo en no s\u00e9 qu\u00e9 pel\u00edcula. Agrego ahora que la humanidad est\u00e1 en crisis y s\u00f3lo hay un responsable. \u201c\u00bfHacia d\u00f3nde va el pez en el acuario?\u201d, me pregunto una y otra vez [&hellip;]<\/p>\n","protected":false},"author":1,"featured_media":0,"comment_status":"open","ping_status":"open","sticky":false,"template":"","format":"standard","meta":{"_jetpack_newsletter_access":"","_jetpack_dont_email_post_to_subs":false,"_jetpack_newsletter_tier_id":0,"_jetpack_memberships_contains_paywalled_content":false,"_jetpack_memberships_contains_paid_content":false,"footnotes":""},"categories":[70],"tags":[208,207,209,210],"class_list":["post-2013","post","type-post","status-publish","format-standard","hentry","category-de-opinion","tag-cornel-west","tag-democracia","tag-obama","tag-ramirez-arana"],"jetpack_featured_media_url":"","jetpack_sharing_enabled":true,"jetpack_shortlink":"https:\/\/wp.me\/p4Qcd3-wt","_links":{"self":[{"href":"https:\/\/lospoliticosveracruz.com.mx\/index.php?rest_route=\/wp\/v2\/posts\/2013","targetHints":{"allow":["GET"]}}],"collection":[{"href":"https:\/\/lospoliticosveracruz.com.mx\/index.php?rest_route=\/wp\/v2\/posts"}],"about":[{"href":"https:\/\/lospoliticosveracruz.com.mx\/index.php?rest_route=\/wp\/v2\/types\/post"}],"author":[{"embeddable":true,"href":"https:\/\/lospoliticosveracruz.com.mx\/index.php?rest_route=\/wp\/v2\/users\/1"}],"replies":[{"embeddable":true,"href":"https:\/\/lospoliticosveracruz.com.mx\/index.php?rest_route=%2Fwp%2Fv2%2Fcomments&post=2013"}],"version-history":[{"count":1,"href":"https:\/\/lospoliticosveracruz.com.mx\/index.php?rest_route=\/wp\/v2\/posts\/2013\/revisions"}],"predecessor-version":[{"id":12509,"href":"https:\/\/lospoliticosveracruz.com.mx\/index.php?rest_route=\/wp\/v2\/posts\/2013\/revisions\/12509"}],"wp:attachment":[{"href":"https:\/\/lospoliticosveracruz.com.mx\/index.php?rest_route=%2Fwp%2Fv2%2Fmedia&parent=2013"}],"wp:term":[{"taxonomy":"category","embeddable":true,"href":"https:\/\/lospoliticosveracruz.com.mx\/index.php?rest_route=%2Fwp%2Fv2%2Fcategories&post=2013"},{"taxonomy":"post_tag","embeddable":true,"href":"https:\/\/lospoliticosveracruz.com.mx\/index.php?rest_route=%2Fwp%2Fv2%2Ftags&post=2013"}],"curies":[{"name":"wp","href":"https:\/\/api.w.org\/{rel}","templated":true}]}}