{"id":20440,"date":"2016-01-18T21:34:24","date_gmt":"2016-01-19T03:34:24","guid":{"rendered":"http:\/\/www.lospoliticosveracruz.com.mx\/?p=20440"},"modified":"2016-01-18T21:34:24","modified_gmt":"2016-01-19T03:34:24","slug":"mota-y-slim-el-discurso","status":"publish","type":"post","link":"https:\/\/lospoliticosveracruz.com.mx\/?p=20440","title":{"rendered":"Mota y Slim: El discurso"},"content":{"rendered":"<p><a href=\"http:\/\/www.lospoliticosveracruz.com.mx\/wp-content\/uploads\/2016\/01\/Mota-Slim.jpg\"><img loading=\"lazy\" decoding=\"async\" class=\"alignnone size-medium wp-image-20441\" src=\"http:\/\/www.lospoliticosveracruz.com.mx\/wp-content\/uploads\/2016\/01\/Mota-Slim-300x175.jpg\" alt=\"Mota Slim\" width=\"300\" height=\"175\" \/><\/a><\/p>\n<p><strong>Gustavo \u00c1vila Maldonado<\/strong><br \/>\n<em>Ruizcortinadas<\/em><\/p>\n<p>Adolfo Mota desde que era ni\u00f1o empez\u00f3 a destacar -me comenta su padre- desde peque\u00f1o, sobresal\u00eda en la primaria, aprend\u00eda r\u00e1pidamente las ense\u00f1anzas de la escuela y ten\u00eda facilidad para expresarse.<br \/>\nEn su adolescencia form\u00f3 parte de la agrupaci\u00f3n J\u00f3venes por La Paz.\u00a0En el 2001, el joven Adolfo y Juan David Ovando invitaron al doctor Manuel Velasco Su\u00e1rez para que diera una serie de conferencias en Veracruz, y fue el doctor el que trajo la agrupaci\u00f3n Toastmasters a Xalapa (esta agrupaci\u00f3n la fund\u00f3 Ralph C. Smedley en 1903 en los Estados Unidos y form\u00f3 parte de la YMCA en sus or\u00edgenes), Juan y otros j\u00f3venes se integraron de inmediato, otros amigos, como H\u00e9ctor Luis Soto y Vicente Hern\u00e1ndez tambi\u00e9n formaron parte del grupo.\u00a0Al a\u00f1o siguiente, Adolfo gan\u00f3 el primer lugar Internacional de oratoria en Espa\u00f1a.<br \/>\nAdolfo estudi\u00f3 dos carreras simult\u00e1neamente: Derecho y Econom\u00eda. De ah\u00ed en adelante incursion\u00f3 en pol\u00edtica, fue l\u00edder del Frente Juvenil, y ha sido diputado federal y local en varias ocasiones.<br \/>\nEl gobernador Miguel Alem\u00e1n Velasco lo nombr\u00f3 Presidente del PRI Estatal y en la actual administraci\u00f3n ocup\u00f3 la Secretar\u00eda de Educaci\u00f3n, hasta que se fue como candidato a diputado federal.<br \/>\nCuando el historiador, soci\u00f3logo y diplom\u00e1tico Jos\u00e9 Ezequiel Iturriaga Sauco se vino a vivir a Coatepec se dio cuenta de la val\u00eda del joven Adolfo y decidi\u00f3 apadrinarlo en varios proyectos.<br \/>\nDon Jos\u00e9 Iturriaga fue asesor de Adolfo L\u00f3pez Mateos y de Gustavo D\u00edaz Ordaz, escribi\u00f3 m\u00e1s de veinte mil art\u00edculos period\u00edsticos, autor de varios libros, recibi\u00f3 m\u00faltiples premios durante su vida; en 2001 le otorga el Senado de la Rep\u00fablica su m\u00e1xima Presea Belisario Dom\u00ednguez; en 2003 la Universidad Veracruzana lo condecora con le Presea al M\u00e9rito y en 2010 recibe del Congreso del Estado de Veracruz la Presea Adolfo Ruiz Cortines. Un a\u00f1o despu\u00e9s morir\u00eda don Jos\u00e9, su biblioteca con m\u00e1s de treinta mil libros se la hered\u00f3 a la Universidad Veracruzana.<br \/>\nHay una simp\u00e1tica an\u00e9cdota que me relata el padre de Adolfo Mota: Cuando le iban a entregar la Presea Adolfo Ruiz Cortines, la m\u00e1xima que otorga el Congreso, vinieron multitud de invitados, la mayor\u00eda amigos de don Jos\u00e9 Iturriaga, unos minutos antes de la ceremonia de entrega, don Pepe necesitaba cambiar una parte de su discurso, Adolfo, que era uno de sus disc\u00edpulos m\u00e1s cercanos, fue a buscar una computadora en alguna oficina del Congreso, ah\u00ed le iban a llevar las palabras que necesitaba cambiar al discurso, los minutos pasaban y no llegaba el texto, Adolfo estaba angustiado, por fin apareci\u00f3 en la puerta un se\u00f1or con el discurso corregido, cuando lo vio Adolfo le grito, \u00abAp\u00farese\u00bb, cuando lo escuch\u00f3 el \u00abpobre\u00bb hombre, se acerc\u00f3 corriendo y sudando, disculp\u00e1ndose por la tardanza : \u00abme tard\u00e9 porque don Pepe no me lo hab\u00eda entregado\u00bb. Adolfo, sin escuchar las disculpas casi le arranca de las manos el discurso y se apresur\u00f3 a pasarlo en limpio, y corriendo lo fueron a entregar a don Pepe.<br \/>\nEn la ceremonia, al presentar a los invitados especiales, entre los que estaba el licenciado Miguel Alem\u00e1n Velasco y otras personalidades, cuando nombran a Carlos Slim Hel\u00fa, se para aquel hombre al que Adolfo hab\u00eda apresurado.<br \/>\nPor supuesto que terminando la ceremonia, Adolfo fue a disculparse con don Carlos Slim que le dijo sonriente : \u00abNo se apure joven, lo importante es que el discurso estuvo a tiempo\u00bb.<\/p>\n","protected":false},"excerpt":{"rendered":"<p>Gustavo \u00c1vila Maldonado Ruizcortinadas Adolfo Mota desde que era ni\u00f1o empez\u00f3 a destacar -me comenta su padre- desde peque\u00f1o, sobresal\u00eda en la primaria, aprend\u00eda r\u00e1pidamente las ense\u00f1anzas de la escuela y ten\u00eda facilidad para expresarse. En su adolescencia form\u00f3 parte de la agrupaci\u00f3n J\u00f3venes por La Paz.\u00a0En el 2001, el joven Adolfo y Juan David [&hellip;]<\/p>\n","protected":false},"author":2,"featured_media":0,"comment_status":"open","ping_status":"open","sticky":false,"template":"","format":"standard","meta":{"_jetpack_newsletter_access":"","_jetpack_dont_email_post_to_subs":false,"_jetpack_newsletter_tier_id":0,"_jetpack_memberships_contains_paywalled_content":false,"_jetpack_memberships_contains_paid_content":false,"footnotes":""},"categories":[70],"tags":[1819,4550,1800],"class_list":["post-20440","post","type-post","status-publish","format-standard","hentry","category-de-opinion","tag-carlos-slim","tag-jose-ezequiel-iturriaga-sauco","tag-miguel-aleman-velasco"],"jetpack_featured_media_url":"","jetpack_sharing_enabled":true,"jetpack_shortlink":"https:\/\/wp.me\/p4Qcd3-5jG","_links":{"self":[{"href":"https:\/\/lospoliticosveracruz.com.mx\/index.php?rest_route=\/wp\/v2\/posts\/20440","targetHints":{"allow":["GET"]}}],"collection":[{"href":"https:\/\/lospoliticosveracruz.com.mx\/index.php?rest_route=\/wp\/v2\/posts"}],"about":[{"href":"https:\/\/lospoliticosveracruz.com.mx\/index.php?rest_route=\/wp\/v2\/types\/post"}],"author":[{"embeddable":true,"href":"https:\/\/lospoliticosveracruz.com.mx\/index.php?rest_route=\/wp\/v2\/users\/2"}],"replies":[{"embeddable":true,"href":"https:\/\/lospoliticosveracruz.com.mx\/index.php?rest_route=%2Fwp%2Fv2%2Fcomments&post=20440"}],"version-history":[{"count":1,"href":"https:\/\/lospoliticosveracruz.com.mx\/index.php?rest_route=\/wp\/v2\/posts\/20440\/revisions"}],"predecessor-version":[{"id":20442,"href":"https:\/\/lospoliticosveracruz.com.mx\/index.php?rest_route=\/wp\/v2\/posts\/20440\/revisions\/20442"}],"wp:attachment":[{"href":"https:\/\/lospoliticosveracruz.com.mx\/index.php?rest_route=%2Fwp%2Fv2%2Fmedia&parent=20440"}],"wp:term":[{"taxonomy":"category","embeddable":true,"href":"https:\/\/lospoliticosveracruz.com.mx\/index.php?rest_route=%2Fwp%2Fv2%2Fcategories&post=20440"},{"taxonomy":"post_tag","embeddable":true,"href":"https:\/\/lospoliticosveracruz.com.mx\/index.php?rest_route=%2Fwp%2Fv2%2Ftags&post=20440"}],"curies":[{"name":"wp","href":"https:\/\/api.w.org\/{rel}","templated":true}]}}