{"id":20595,"date":"2016-01-21T22:09:35","date_gmt":"2016-01-22T04:09:35","guid":{"rendered":"http:\/\/www.lospoliticosveracruz.com.mx\/?p=20595"},"modified":"2016-01-21T22:09:35","modified_gmt":"2016-01-22T04:09:35","slug":"drogas-y-aborto","status":"publish","type":"post","link":"https:\/\/lospoliticosveracruz.com.mx\/?p=20595","title":{"rendered":"Drogas y Aborto"},"content":{"rendered":"<p><a href=\"http:\/\/www.lospoliticosveracruz.com.mx\/wp-content\/uploads\/2016\/01\/Rebecca-Arenas.jpg\"><img loading=\"lazy\" decoding=\"async\" class=\"alignnone size-medium wp-image-20598\" src=\"http:\/\/www.lospoliticosveracruz.com.mx\/wp-content\/uploads\/2016\/01\/Rebecca-Arenas-300x201.jpg\" alt=\"Rebecca Arenas\" width=\"300\" height=\"201\" \/><\/a><br \/>\n<strong>Brenda Caballero<\/strong><br \/>\n<em>N\u00fameros Rojos<\/em><\/p>\n<p>Ante la espera de m\u00e1s de una hora para que diera inicio la Toma de Protesta de la doctora Rebecca Arenas Mart\u00ednez, como Presidenta del Patronato Estatal de Veracruz de Centros de Integraci\u00f3n Juvenil, AC, en el Auditorio Sebasti\u00e1n Lerdo de Tejada del Congreso del Estado de Veracruz, fue interesante visitar la mesita de material sobre adicciones: \u201c\u00a1Hay olores que matan!\u201d En alusi\u00f3n a los inhalables que da\u00f1an permanentemente el cerebro, o \u201clas Drogas pueden afectarnos a todos\u201d; o \u201cPrevenir es tarea de todos\u201d, entre otros. \u201cPuede tomar los materiales que guste\u201d, me dicen amablemente.<br \/>\n\u2011\u00bfTrabaja en el Centro de Integraci\u00f3n?\u2011 Le pregunto. Me dice tener 20 a\u00f1os trabajando en \u00e9l.<br \/>\nLety es psic\u00f3loga y cuenta que inici\u00f3 su labor haciendo su servicio social como voluntaria.<br \/>\nDentro de las actividades que tiene el Centro de Integraci\u00f3n Juvenil de Xalapa destacan la prevenci\u00f3n que tratan de hacer a trav\u00e9s de pl\u00e1ticas sobre el consumo de drogas a la poblaci\u00f3n en general. Les entregan materiales de acuerdo a su edad y, lo principal, crear conciencia y sensibilizarla sobre el da\u00f1o que pueden ocasionar estos estimulantes. Aunque no s\u00f3lo hacen referencia a las drogas. En el Centro de Integraci\u00f3n Juvenil se informa sobre prevenci\u00f3n de adicciones, comunicaci\u00f3n familiar, autoestima, expresi\u00f3n de sentimientos, el fomento a los valores, pr\u00e1cticas sexuales de riesgo y accidentes de tr\u00e1nsito que pueden ser ocasionados por los efectos de la droga.<br \/>\nMe sorprendo cuando me dice que tienen un curso para preescolar.<br \/>\n\u2011\u00bfSobre el consumo de drogas?<br \/>\n\u2011No, aqu\u00ed no se les habla de drogas; se les explica sobre sustancias como detergentes, solventes, limpiadores que hay en casa y que no deben de tocar sino tienen que mantenerse alejados.<br \/>\n\u00a1Menos mal!<br \/>\nAsegura que el Centro trabaja los 365 d\u00edas del a\u00f1o, de 8 de la ma\u00f1ana a 8 de la noche. Por lo que si alguien quiere ir a consulta, puede llamar al 8150500 para tramitar su cita. All\u00ed se le hace una entrevista inicial, se le valora m\u00e9dica y socialmente, para posteriormente proporcionarle la terapia necesaria.<br \/>\nDefinitivamente mucha chamba le espera a Rebecca Arenas Mart\u00ednez, ahora que Kena Moreno, Fundadora de los Centros de Integraci\u00f3n Juvenil y Vicepresidenta Vitalicia del Patronato Nacional, le tom\u00f3 protesta como Presidenta en Veracruz.<br \/>\nII<br \/>\n\u00bfEst\u00e1s a favor o en contra del aborto? Me preguntan. Si fuera a mis principios religiosos, dir\u00eda en contra, pues as\u00ed lo aprend\u00ed, as\u00ed me lo ense\u00f1aron, y si no cumpliese las leyes divinas, me condenar\u00eda hasta el merititito infierno.<br \/>\nViendo el amor por la vida, dir\u00eda que estoy en contra, pues se habla de la muerte de un ser vivo, que, aunque a\u00fan se discute si es o no (seg\u00fan los meses de gestaci\u00f3n) lo cierto es que, tiene vida.<br \/>\nPero ante mis principios religiosos y mi amor por la vida, debo confesar que estoy a favor del aborto. Tal vez usted me critique o me crucifique por mi voto a favor, pero realmente, prefiero mil veces la interrupci\u00f3n del embarazo por medios legales a que se haga de manera clandestina y que miles de fetos sean tirados por las ca\u00f1er\u00edas del excusado.<br \/>\nO peor a\u00fan, despu\u00e9s de nacidos, sean abandonados en la v\u00eda p\u00fablica a su suerte, para despu\u00e9s ser entregados en orfanatos, esperando a\u00f1os para que los puedan adoptar, si es que les va bien.<br \/>\nAclaro que lo ideal ser\u00eda la prevenci\u00f3n, comprarse un cond\u00f3n o de plano tomarse la p\u00edldora del d\u00eda despu\u00e9s; sin embargo, a\u00fan falta mucha cultura sobre sexualidad en nuestra sociedad.<br \/>\nY \u00bfPor qu\u00e9 sacar el tema del aborto, cuando tenemos enfrente otros m\u00e1s fuertes econ\u00f3micamente hablando? Eso mismo me pregunt\u00e9 cuando sorpresivamente despu\u00e9s de unos d\u00edas de haber sido enviada la iniciativa por parte del gobernador de Veracruz, Javier Duarte, los diputados aprobaron La Ley del Derecho a la Vida del Ser Humano, donde se criminaliza a las mujeres que aborten. M\u00e1s que un derecho a la vida, parece un favor y m\u00e1s en tiempos electorales, donde hay que hacer alianza con todos. Pues si tuvi\u00e9semos un Congreso muy \u201cDerecho\u201d ya habr\u00edan armonizado la Ley de Transparencia turnada por el presidente de la Rep\u00fablica desde el a\u00f1o pasado.<br \/>\nA\u00fan recuerdo su confesi\u00f3n, \u00e9sa que me hizo estar a favor del aborto.<br \/>\n\u201cAcompa\u00f1\u00e9 a mi mam\u00e1 a hacerse un aborto, en realidad no sab\u00eda bien lo que era, pero hab\u00eda estado consiguiendo dinero prestado. Todo el camino de casa a la casa de la enfermera donde \u00edbamos, me iba platicando sobre lo que le iban a hacer. En realidad no entend\u00eda bien, pero me dijo que la iban a dormir un rato, que ten\u00eda que quedarme sentada a esperarla\u201d. Su mam\u00e1 lloraba y se mostraba triste y afligida, m\u00e1s a\u00fan porque como ambas viv\u00edan en casa de sus familiares, si ten\u00eda otro hijo o sal\u00eda con otro domingo siete, las iban a echar a la calle \u00bfQu\u00e9 iban a hacer? \u00bfA d\u00f3nde se iban a ir a vivir? \u00a1Eran ellas solas!<br \/>\n\u201cMi mam\u00e1 platic\u00f3 con la enfermera. Posteriormente pasamos a un cuarto de lavado, me abraz\u00f3 y me dio un beso; me dio indicaciones de quedarme quieta y esperar a que se despertara. En realidad no recuerdo cu\u00e1nto tiempo pas\u00f3 pero por fin la enfermera trajo a mi mami, le tom\u00e9 la mano y esper\u00e9. Era lo \u00fanico que quer\u00eda, que mi mami despertara y que nos fu\u00e9ramos a casa, que no se muriera y que ya no nos pudieran correr\u201d.<br \/>\nEsas palabras de Marisol fueron las que me hicieron cambiar de opini\u00f3n acerca del aborto\u2026 y pensar que para algunas personas la muerte es sin\u00f3nimo de vida.<\/p>\n<p>Email:caballero_brenda@hotmail.com<\/p>\n","protected":false},"excerpt":{"rendered":"<p>Brenda Caballero N\u00fameros Rojos Ante la espera de m\u00e1s de una hora para que diera inicio la Toma de Protesta de la doctora Rebecca Arenas Mart\u00ednez, como Presidenta del Patronato Estatal de Veracruz de Centros de Integraci\u00f3n Juvenil, AC, en el Auditorio Sebasti\u00e1n Lerdo de Tejada del Congreso del Estado de Veracruz, fue interesante visitar [&hellip;]<\/p>\n","protected":false},"author":2,"featured_media":0,"comment_status":"open","ping_status":"open","sticky":false,"template":"","format":"standard","meta":{"_jetpack_newsletter_access":"","_jetpack_dont_email_post_to_subs":false,"_jetpack_newsletter_tier_id":0,"_jetpack_memberships_contains_paywalled_content":false,"_jetpack_memberships_contains_paid_content":false,"footnotes":""},"categories":[70],"tags":[2859,4333,4575,4387],"class_list":["post-20595","post","type-post","status-publish","format-standard","hentry","category-de-opinion","tag-aborto","tag-centros-de-integracion-juvenil","tag-ley-del-derecho-a-la-vida-del-ser-humano","tag-rebecca-arenas-martinez"],"jetpack_featured_media_url":"","jetpack_sharing_enabled":true,"jetpack_shortlink":"https:\/\/wp.me\/p4Qcd3-5mb","_links":{"self":[{"href":"https:\/\/lospoliticosveracruz.com.mx\/index.php?rest_route=\/wp\/v2\/posts\/20595","targetHints":{"allow":["GET"]}}],"collection":[{"href":"https:\/\/lospoliticosveracruz.com.mx\/index.php?rest_route=\/wp\/v2\/posts"}],"about":[{"href":"https:\/\/lospoliticosveracruz.com.mx\/index.php?rest_route=\/wp\/v2\/types\/post"}],"author":[{"embeddable":true,"href":"https:\/\/lospoliticosveracruz.com.mx\/index.php?rest_route=\/wp\/v2\/users\/2"}],"replies":[{"embeddable":true,"href":"https:\/\/lospoliticosveracruz.com.mx\/index.php?rest_route=%2Fwp%2Fv2%2Fcomments&post=20595"}],"version-history":[{"count":1,"href":"https:\/\/lospoliticosveracruz.com.mx\/index.php?rest_route=\/wp\/v2\/posts\/20595\/revisions"}],"predecessor-version":[{"id":20599,"href":"https:\/\/lospoliticosveracruz.com.mx\/index.php?rest_route=\/wp\/v2\/posts\/20595\/revisions\/20599"}],"wp:attachment":[{"href":"https:\/\/lospoliticosveracruz.com.mx\/index.php?rest_route=%2Fwp%2Fv2%2Fmedia&parent=20595"}],"wp:term":[{"taxonomy":"category","embeddable":true,"href":"https:\/\/lospoliticosveracruz.com.mx\/index.php?rest_route=%2Fwp%2Fv2%2Fcategories&post=20595"},{"taxonomy":"post_tag","embeddable":true,"href":"https:\/\/lospoliticosveracruz.com.mx\/index.php?rest_route=%2Fwp%2Fv2%2Ftags&post=20595"}],"curies":[{"name":"wp","href":"https:\/\/api.w.org\/{rel}","templated":true}]}}