{"id":20603,"date":"2016-01-22T09:06:46","date_gmt":"2016-01-22T15:06:46","guid":{"rendered":"http:\/\/www.lospoliticosveracruz.com.mx\/?p=20603"},"modified":"2016-01-22T09:06:46","modified_gmt":"2016-01-22T15:06:46","slug":"hector-y-miguel-angel-los-equipos-de-campana","status":"publish","type":"post","link":"https:\/\/lospoliticosveracruz.com.mx\/?p=20603","title":{"rendered":"H\u00e9ctor y Miguel \u00c1ngel, los equipos de campa\u00f1a"},"content":{"rendered":"<p><a href=\"http:\/\/www.lospoliticosveracruz.com.mx\/wp-content\/uploads\/2016\/01\/Miguel-H\u00e9ctor-Yunes.jpg\"><img loading=\"lazy\" decoding=\"async\" class=\"alignnone size-medium wp-image-20427\" src=\"http:\/\/www.lospoliticosveracruz.com.mx\/wp-content\/uploads\/2016\/01\/Miguel-H\u00e9ctor-Yunes-300x225.jpg\" alt=\"Miguel H\u00e9ctor Yunes\" width=\"300\" height=\"225\" \/><\/a><br \/>\n<strong>Luis Alberto Romero<\/strong><\/p>\n<p><em>Hora Cero<\/em><\/p>\n<p>Los dos principales aspirantes a la gubernatura del estado, H\u00e9ctor Yunes Landa y Miguel \u00c1ngel Yunes Linares, de PRI-Verde y PAN-PRD, trabajan en la integraci\u00f3n de sus respectivos equipos de campa\u00f1a.<br \/>\nEs casi un hecho que el diputado local Ricardo Ahued Bardahuil coordine la campa\u00f1a del priista. De confirmarse dicha versi\u00f3n, el ex alcalde de Xalapa y ex diputado federal se convertir\u00e1 en un fichaje de primer nivel por el indiscutible prestigio, por la congruencia con la que se ha manejado en su actividad pol\u00edtica y p\u00fablica, y por su cercan\u00eda con el sector empresarial.<br \/>\nRicardo Ahued tiene una fuerte presencia en la capital veracruzana; recuper\u00f3 el ayuntamiento luego de dos administraciones surgidas de partidos de oposici\u00f3n; y es el \u00faltimo diputado federal priista que ha tenido el distrito Xalapa, porque tanto Reynaldo Escobar como Elizabeth Morales perdieron la elecci\u00f3n.<br \/>\nJorge Moreno Salinas, nos dicen, desempe\u00f1ar\u00e1 un papel importante en la campa\u00f1a de Yunes Landa, al igual que Harry Jackson Sosa y el ex alcalde tuxpe\u00f1o Cris\u00f3foro Hern\u00e1ndez Cerecedo.<br \/>\nTambi\u00e9n estar\u00e1n ah\u00ed quienes se han mantenido muy cerca del virtual candidato priista, Edmundo Mart\u00ednez Zaleta, Leopoldo S\u00e1nchez Cruz, Alicia Gonz\u00e1lez Cerecedo, Olga Lidia Robles Ar\u00e9valo y Jos\u00e9 Luis Santiago L\u00f3pez.<br \/>\nEn la esquina azul, el virtual candidato de la alianza PAN-PRD tendr\u00e1 en Jos\u00e9 de Jes\u00fas Mancha Alarc\u00f3n, el actual dirigente estatal del albiazul, a su coordinador general de campa\u00f1a.<br \/>\nSin embargo, en el equipo de Yunes Linares tambi\u00e9n aparecer\u00e1n, sin duda, nombres como el del secretario del ayuntamiento de Boca del R\u00edo, Enrique P\u00e9rez Rodr\u00edguez, gente de todas las confianzas del candidato; Abel Cuevas Melo, tesorero en ese municipio, ex diputado federal y ex candidato a la presidencia municipal de Xalapa; Humberto Alonso Morelli, empresario, mercad\u00f3logo y ex diputado federal; Jos\u00e9 de la Torre S\u00e1nchez, ex alcalde de Mart\u00ednez de la Torre y ex diputado federal; as\u00ed como el actual legislador local por Tantoyuca, Joaqu\u00edn Rosendo Guzm\u00e1n Avil\u00e9s.<\/p>\n<p><strong>Los ausentes en la coordinaci\u00f3n panista<\/strong><br \/>\nEn este segundo intento de Miguel \u00c1ngel Yunes Linares por llegar a la gubernatura del estado ya no estar\u00e1n quienes aparecieron en la coordinaci\u00f3n de campa\u00f1a en 2010.<br \/>\nEse a\u00f1o, el 13 de marzo, antes del arranque del proselitismo, el entonces precandidato panista present\u00f3 como su coordinador general al ex diputado local V\u00edctor Alejandro V\u00e1zquez Cuevas; y como su responsable de la estrategia al extinto senador y fundador del partido en Veracruz, C\u00e9sar Leal Angulo.<br \/>\nA pesar de ese anuncio de Yunes Linares con relaci\u00f3n a su estructura, la realidad es que la estrategia y la coordinaci\u00f3n de la campa\u00f1a panista en 2010 descansaron en un solo hombre, Jos\u00e9 Enrique Ampudia Melo, quien despu\u00e9s fue invitado por el gobernador Javier Duarte a sumarse al gabinete como subsecretario de gobierno.<br \/>\nQuienes le conocen de cerca afirman que Enrique Ampudia cuenta con una mente brillante. Durante a\u00f1os estuvo vinculado a Yunes Linares, con quien particip\u00f3 en la Direcci\u00f3n de Gobernaci\u00f3n, en el sexenio de Patricio Chirinos; en la Direcci\u00f3n del Sistema Nacional de Informaci\u00f3n sobre Seguridad P\u00fablica; y en la Junta Directiva del Issste.<br \/>\nSin embargo, los caminos de ambos personajes tomaron direcciones diferentes. El primero es pr\u00e1cticamente candidato a la gubernatura por Acci\u00f3n Nacional, mientras el segundo es titular de la Secretar\u00eda Particular en el gobierno de Javier Duarte y estar\u00eda cada vez m\u00e1s cerca del abanderado priista, H\u00e9ctor Yunes Landa, con quien le unen lazos de identificaci\u00f3n y tambi\u00e9n nexos con el actual dirigente nacional del tricolor, Manlio Fabio Beltrones Rivera.<br \/>\nHay que recordar que Enrique Ampudia ocup\u00f3 la Secretar\u00eda General Adjunta de la CNOP nacional en el periodo en que el sector popular del PRI era encabezado por Beltrones, con quien tambi\u00e9n colabor\u00f3, en la jefatura de asesores, en la etapa de la que el ex gobernador de Sonora encabez\u00f3 al Grupo Parlamentario del PRI en la C\u00e1mara de Diputados.<\/p>\n<p><strong>El 13 de marzo, convenci\u00f3n priista para elegir a Yunes Landa<\/strong><br \/>\nEn un comunicado de prensa, el Revolucionario Institucional se\u00f1al\u00f3 que este d\u00eda, los sectores y organizaciones del partido acordaron por unanimidad que H\u00e9ctor Yunes sea registrado como aspirante a la candidatura al gobierno del estado, el pr\u00f3ximo lunes 25.<br \/>\nEl 13 de marzo, CTM, CNOP, CNC y las organizaciones del partido se pronunciar\u00e1n, en convenci\u00f3n de delegados, por Yunes Landa.<br \/>\nEl Comit\u00e9 Ejecutivo Nacional del partido reconoci\u00f3 la participaci\u00f3n de los otros aspirantes, Jos\u00e9 Yunes Zorrilla, Erick Lagos Hern\u00e1ndez, Adolfo Mota, Alberto Silva Ramos, Tom\u00e1s Ruiz Gonz\u00e1lez y Jorge Carvallo Delf\u00edn; este \u00faltimo, sin embargo, amaga con registrarse como precandidato del Partido Verde y tambi\u00e9n del PRI, pero el tema ha sido desestimado; lo ven m\u00e1s como un intento por colocar piedras en el camino del exsenador; en pocas palabras, no le dan mucha importancia, aunque no falta quien lo interprete como un acto de traici\u00f3n. @luisromero85<\/p>\n","protected":false},"excerpt":{"rendered":"<p>Luis Alberto Romero Hora Cero Los dos principales aspirantes a la gubernatura del estado, H\u00e9ctor Yunes Landa y Miguel \u00c1ngel Yunes Linares, de PRI-Verde y PAN-PRD, trabajan en la integraci\u00f3n de sus respectivos equipos de campa\u00f1a. Es casi un hecho que el diputado local Ricardo Ahued Bardahuil coordine la campa\u00f1a del priista. De confirmarse dicha [&hellip;]<\/p>\n","protected":false},"author":2,"featured_media":0,"comment_status":"open","ping_status":"open","sticky":false,"template":"","format":"standard","meta":{"_jetpack_newsletter_access":"","_jetpack_dont_email_post_to_subs":false,"_jetpack_newsletter_tier_id":0,"_jetpack_memberships_contains_paywalled_content":false,"_jetpack_memberships_contains_paid_content":false,"footnotes":""},"categories":[70],"tags":[348,428,2812],"class_list":["post-20603","post","type-post","status-publish","format-standard","hentry","category-de-opinion","tag-hector-yunes-landa","tag-miguel-angel-yunes-linares","tag-ricardo-ahued-bardahuil"],"jetpack_featured_media_url":"","jetpack_sharing_enabled":true,"jetpack_shortlink":"https:\/\/wp.me\/p4Qcd3-5mj","_links":{"self":[{"href":"https:\/\/lospoliticosveracruz.com.mx\/index.php?rest_route=\/wp\/v2\/posts\/20603","targetHints":{"allow":["GET"]}}],"collection":[{"href":"https:\/\/lospoliticosveracruz.com.mx\/index.php?rest_route=\/wp\/v2\/posts"}],"about":[{"href":"https:\/\/lospoliticosveracruz.com.mx\/index.php?rest_route=\/wp\/v2\/types\/post"}],"author":[{"embeddable":true,"href":"https:\/\/lospoliticosveracruz.com.mx\/index.php?rest_route=\/wp\/v2\/users\/2"}],"replies":[{"embeddable":true,"href":"https:\/\/lospoliticosveracruz.com.mx\/index.php?rest_route=%2Fwp%2Fv2%2Fcomments&post=20603"}],"version-history":[{"count":1,"href":"https:\/\/lospoliticosveracruz.com.mx\/index.php?rest_route=\/wp\/v2\/posts\/20603\/revisions"}],"predecessor-version":[{"id":20604,"href":"https:\/\/lospoliticosveracruz.com.mx\/index.php?rest_route=\/wp\/v2\/posts\/20603\/revisions\/20604"}],"wp:attachment":[{"href":"https:\/\/lospoliticosveracruz.com.mx\/index.php?rest_route=%2Fwp%2Fv2%2Fmedia&parent=20603"}],"wp:term":[{"taxonomy":"category","embeddable":true,"href":"https:\/\/lospoliticosveracruz.com.mx\/index.php?rest_route=%2Fwp%2Fv2%2Fcategories&post=20603"},{"taxonomy":"post_tag","embeddable":true,"href":"https:\/\/lospoliticosveracruz.com.mx\/index.php?rest_route=%2Fwp%2Fv2%2Ftags&post=20603"}],"curies":[{"name":"wp","href":"https:\/\/api.w.org\/{rel}","templated":true}]}}