{"id":20605,"date":"2016-01-22T10:22:57","date_gmt":"2016-01-22T16:22:57","guid":{"rendered":"http:\/\/www.lospoliticosveracruz.com.mx\/?p=20605"},"modified":"2016-01-22T10:22:57","modified_gmt":"2016-01-22T16:22:57","slug":"llamen-a-vicente-benitez","status":"publish","type":"post","link":"https:\/\/lospoliticosveracruz.com.mx\/?p=20605","title":{"rendered":"Llamen a Vicente Ben\u00edtez"},"content":{"rendered":"<p><a href=\"http:\/\/www.lospoliticosveracruz.com.mx\/wp-content\/uploads\/2014\/11\/Vicente-Ben\u00edtez.jpg\"><img loading=\"lazy\" decoding=\"async\" class=\"alignnone size-medium wp-image-13228\" src=\"http:\/\/www.lospoliticosveracruz.com.mx\/wp-content\/uploads\/2014\/11\/Vicente-Ben\u00edtez-300x150.jpg\" alt=\"Vicente Ben\u00edtez\" width=\"300\" height=\"150\" \/><\/a><\/p>\n<p><strong>Pablo Jair Ortega<\/strong><\/p>\n<p><em>Columna Sin Nombre<\/em><br \/>\n\u00bfC\u00f3mo que no hay dinero para las fiestas de La Candelaria en Tlacotalpan? \u00bfEntonces tambi\u00e9n peligran el Carnaval y la Cumbre Taj\u00edn?<\/p>\n<p>Y es que de acuerdo a las declaraciones del alcalde Homero Gamboa Mart\u00ednez, originalmente el Gobierno de Veracruz, a trav\u00e9s de la Secretar\u00eda de Turismo, les hab\u00eda recortado en un 50% el presupuesto para dichos festejos, y con esa cifra programaron.<\/p>\n<p>Pero ahora resulta que los eventos importantes de la temporada podr\u00edan sufrir recortes como cualquier trinche oficina burocr\u00e1tica donde est\u00e1n invitando al retiro-voluntario-ya-ll\u00e9guenle-porque-no-tenemos-lana.<\/p>\n<p>Trasciende que ni siquiera les depositar\u00e1n los 5 millones de pesos prometidos a las fiestas de La Candelaria, de por s\u00ed reducidos por el gobierno estatal (originalmente eran 10).<\/p>\n<p>Lo anterior tambi\u00e9n pone a temblar a quienes son asiduos a las fiestas de estas \u00e9pocas: el Carnaval de Veracruz y la Cumbre Taj\u00edn, en donde nos tienen acostumbrados a traer artistas de alto pedorraje\u2026 con excepci\u00f3n de un d\u00eda dedicado a la nopalera.<\/p>\n<p>Ya incluso trasciende un cartel ficticio donde indican que viene Blur, Daft Punk, Opeth y otras chuladas\u2026 Pero no, s\u00f3lo juegan con los sentimientos de sus fan\u00e1ticos y el asunto de \u201cTlaco\u201d nos pone a pensar si el line-up de la cumbre totonaca satisfar\u00e1 a la perrada por los recortes que se avecinan\u2026 O tambi\u00e9n al Carnaval\u2026 O hasta a los brujos del primer viernes de marzo, donde el a\u00f1o pasado se olvidaron de Catemaco.<\/p>\n<p>En lo personal, este columnista propone que quien meta el hombro sea el oficial mayor de la Secretar\u00eda de Educaci\u00f3n de Veracruz, Vicente Ben\u00edtez Gonz\u00e1lez; aquel de la maleta con 25 millones de pesos en efectivo que fue retenido en el aeropuerto de Toluca, cuyo dinero era precisamente para pagarle a los artistas de tan importantes eventos en su edici\u00f3n 2012.<\/p>\n<p>Al menos eso dijeron en aquella ocasi\u00f3n: que la lana portada por Vicente era para pagarle a los artistas del Carnaval, Tlacotalpan y del Taj\u00edn. La PGR, en esos tiempos de Felipe Calder\u00f3n, se la crey\u00f3 y hasta ingenuamente devolvi\u00f3 el dinero. Ben\u00edtez renunci\u00f3 y nuevamente fue regresado al servicio p\u00fablico, en puesto clave donde se manejan recursos.<\/p>\n<p>Desde ah\u00ed, Ben\u00edtez ha aspirado a ser diputado por Los Tuxtlas y se anda promoviendo por el lugar con una serie de artima\u00f1as dignas del Fidelismo.<\/p>\n<p>Y es que debe tener harta lana para andar haciendo todo lo anterior, que hasta llega a partidos de b\u00e9isbol en Los Tuxtlas a bordo de helic\u00f3pteros.<\/p>\n<p>As\u00ed que\u2026 \u00a1\u00c1ndale, Ben\u00edtez!&#8230; Be a goodfella! Patrocina La Candelaria, el Carnaval y tr\u00e1ete a Daft Punk al Taj\u00edn, y no seas como el resto de los Fidelistas que se clavan la lana, pero no les gusta invertir en su futuro pol\u00edtico.<\/p>\n","protected":false},"excerpt":{"rendered":"<p>Pablo Jair Ortega Columna Sin Nombre \u00bfC\u00f3mo que no hay dinero para las fiestas de La Candelaria en Tlacotalpan? \u00bfEntonces tambi\u00e9n peligran el Carnaval y la Cumbre Taj\u00edn? Y es que de acuerdo a las declaraciones del alcalde Homero Gamboa Mart\u00ednez, originalmente el Gobierno de Veracruz, a trav\u00e9s de la Secretar\u00eda de Turismo, les hab\u00eda [&hellip;]<\/p>\n","protected":false},"author":2,"featured_media":0,"comment_status":"open","ping_status":"open","sticky":false,"template":"","format":"standard","meta":{"_jetpack_newsletter_access":"","_jetpack_dont_email_post_to_subs":false,"_jetpack_newsletter_tier_id":0,"_jetpack_memberships_contains_paywalled_content":false,"_jetpack_memberships_contains_paid_content":false,"footnotes":""},"categories":[70],"tags":[1843,2153,4580,4579,1815,676],"class_list":["post-20605","post","type-post","status-publish","format-standard","hentry","category-de-opinion","tag-carnaval","tag-cumbre-tajin","tag-homero-gamboa-martinez","tag-la-candelaria","tag-secretaria-de-turismo","tag-tlacotalpan"],"jetpack_featured_media_url":"","jetpack_sharing_enabled":true,"jetpack_shortlink":"https:\/\/wp.me\/p4Qcd3-5ml","_links":{"self":[{"href":"https:\/\/lospoliticosveracruz.com.mx\/index.php?rest_route=\/wp\/v2\/posts\/20605","targetHints":{"allow":["GET"]}}],"collection":[{"href":"https:\/\/lospoliticosveracruz.com.mx\/index.php?rest_route=\/wp\/v2\/posts"}],"about":[{"href":"https:\/\/lospoliticosveracruz.com.mx\/index.php?rest_route=\/wp\/v2\/types\/post"}],"author":[{"embeddable":true,"href":"https:\/\/lospoliticosveracruz.com.mx\/index.php?rest_route=\/wp\/v2\/users\/2"}],"replies":[{"embeddable":true,"href":"https:\/\/lospoliticosveracruz.com.mx\/index.php?rest_route=%2Fwp%2Fv2%2Fcomments&post=20605"}],"version-history":[{"count":1,"href":"https:\/\/lospoliticosveracruz.com.mx\/index.php?rest_route=\/wp\/v2\/posts\/20605\/revisions"}],"predecessor-version":[{"id":20606,"href":"https:\/\/lospoliticosveracruz.com.mx\/index.php?rest_route=\/wp\/v2\/posts\/20605\/revisions\/20606"}],"wp:attachment":[{"href":"https:\/\/lospoliticosveracruz.com.mx\/index.php?rest_route=%2Fwp%2Fv2%2Fmedia&parent=20605"}],"wp:term":[{"taxonomy":"category","embeddable":true,"href":"https:\/\/lospoliticosveracruz.com.mx\/index.php?rest_route=%2Fwp%2Fv2%2Fcategories&post=20605"},{"taxonomy":"post_tag","embeddable":true,"href":"https:\/\/lospoliticosveracruz.com.mx\/index.php?rest_route=%2Fwp%2Fv2%2Ftags&post=20605"}],"curies":[{"name":"wp","href":"https:\/\/api.w.org\/{rel}","templated":true}]}}