{"id":20867,"date":"2016-02-04T10:55:18","date_gmt":"2016-02-04T16:55:18","guid":{"rendered":"http:\/\/www.lospoliticosveracruz.com.mx\/?p=20867"},"modified":"2016-02-04T10:55:18","modified_gmt":"2016-02-04T16:55:18","slug":"fuera-cartuchos-quemados-el-pri-ira-con-jovenes","status":"publish","type":"post","link":"https:\/\/lospoliticosveracruz.com.mx\/?p=20867","title":{"rendered":"Fuera cartuchos quemados, el PRI ir\u00e1 con j\u00f3venes"},"content":{"rendered":"<p><a href=\"http:\/\/www.lospoliticosveracruz.com.mx\/wp-content\/uploads\/2016\/02\/Elena-C\u00f3rdova.jpg\"><img loading=\"lazy\" decoding=\"async\" class=\"alignnone size-medium wp-image-20868\" src=\"http:\/\/www.lospoliticosveracruz.com.mx\/wp-content\/uploads\/2016\/02\/Elena-C\u00f3rdova-300x180.jpg\" alt=\"Elena C\u00f3rdova\" width=\"300\" height=\"180\" \/><\/a><\/p>\n<p><strong>M\u00f3nica Camarena Crespo<\/strong><\/p>\n<p><em>Parque Ju\u00e1rez<\/em><\/p>\n<p>Malas noticias para algunos suspirantes por las diputaciones locales del PRI a quienes les hicieron creer que sus candidaturas en Veracruz ya estaban amarradas solo por un dedo local.<br \/>\nEn aquellos meses en donde se les autoriz\u00f3 como se dice en el argot electoral \u201c que caminaran sus distritos \u201c muchas cosas todav\u00eda no pasaban o m\u00e1s bien no se confirmaban.<br \/>\nPara empezar, no se hab\u00eda concretado el nombre del candidato a gobernador del tricolor, en este caso, una de las dos sopas aunque a muchos les peso, como es H\u00e9ctor Yunes Landa; con abanderado a la gubernatura de dos a\u00f1os, por fuerza la lista de candidatos a diputados tiene que pasar por sus ojos.<br \/>\nYunes Landa buscar\u00e1 acuerpar su campa\u00f1a con cuadros que le puedan aportar, no que le quiten votos y le generen animadversi\u00f3n.<br \/>\nEn ese sentido, desde diciembre pasado, desde el seno del Comit\u00e9 Ejecutivo Nacional del PRI, se dio a conocer que los j\u00f3venes son el principal apoyo de ese partido y por tal motivo, el 10 por ciento de las mejores calificaciones de cada una de las generaciones de la Escuela Nacional de Cuadros (ENC), podr\u00e1 aspirar a candidaturas a diputaciones locales y federales, presidencias municipales, sindicaturas y regidur\u00edas.<br \/>\nLo anterior lo informo el propio Presidente Nacional del PRI, Manlio Fabio Beltrones, quien adem\u00e1s aseguro en referencia a las elecciones en varios estados del pa\u00eds en este a\u00f1o \u201cqueremos sembrarlos en cada una de esas entidades, en cada uno de esos municipios, porque estoy seguro que ser\u00e1n los que den contenido superior a las campa\u00f1as pol\u00edticas; ah\u00ed es donde nosotros ciframos nuestras esperanzas\u201d.<br \/>\nM\u00e1s claro ni el agua, ser\u00e1n j\u00f3venes y mujeres principalmente los que compitan en varios distritos por las diputaciones locales; no es ninguna casualidad que algunos miembros de la nueva generaci\u00f3n de priistas en la entidad y que ya se ubican en importantes posiciones a nivel municipal se est\u00e9n pronunciado de manera insistente para se tomados en cuenta.<br \/>\nLa inclusi\u00f3n de mayor numero de j\u00f3venes en las candidaturas del PRI a las diputaciones, servir\u00e1 en forma anexa, para deshacerse de varios malos elementos que se sienten con derecho a ir a una elecci\u00f3n muy competida solo por pertenecer a un grupo, por cierto en v\u00edas de extinci\u00f3n y de negro expediente.<br \/>\nPronto, varios cartuchos quemados habr\u00e1n de ser informados que su b\u00fasqueda por un fuero constitucional, por aquello de tapar tropel\u00edas, no ser\u00e1 posible de manera indiscutible y l\u00f3gica, porque a todas luces no ganan ni en la colonia donde viven, as\u00ed que aqu\u00ed si aplica la de<br \/>\n\u201c gracias por participar \u201c.<br \/>\n<strong>\u00c1gora<\/strong><br \/>\nDesangelada la tradicional fiesta en honor a la Virgen de la Candelaria en Tlacotalpan; los prestadores de servicios tur\u00edsticos de la zona est\u00e1n que truenan contra las autoridades que los dejaron en el olvido.<br \/>\nNo se le asigno al municipios el presupuesto que a\u00f1o con a\u00f1o contribuye a la realizaci\u00f3n de un festejo digno para recibir a visitantes nacionales y extranjeros.<br \/>\nEn esta ocasi\u00f3n salvo los parroquianos de la zona de Alvarado, el Puerto de Veracruz y por supuesto Tlacotalpan, fueron en su mayor\u00eda los que asistieron. La falta de promoci\u00f3n y recursos para resaltar esta tradici\u00f3n genera un negativo retroceso a lo que se hab\u00eda logrado.<br \/>\n@monicamarena<\/p>\n","protected":false},"excerpt":{"rendered":"<p>M\u00f3nica Camarena Crespo Parque Ju\u00e1rez Malas noticias para algunos suspirantes por las diputaciones locales del PRI a quienes les hicieron creer que sus candidaturas en Veracruz ya estaban amarradas solo por un dedo local. En aquellos meses en donde se les autoriz\u00f3 como se dice en el argot electoral \u201c que caminaran sus distritos \u201c [&hellip;]<\/p>\n","protected":false},"author":2,"featured_media":0,"comment_status":"open","ping_status":"open","sticky":false,"template":"","format":"standard","meta":{"_jetpack_newsletter_access":"","_jetpack_dont_email_post_to_subs":false,"_jetpack_newsletter_tier_id":0,"_jetpack_memberships_contains_paywalled_content":false,"_jetpack_memberships_contains_paid_content":false,"footnotes":""},"categories":[70],"tags":[1818,4303,348,2805,617,2305],"class_list":["post-20867","post","type-post","status-publish","format-standard","hentry","category-de-opinion","tag-candidatos","tag-diputaciones","tag-hector-yunes-landa","tag-jovenes","tag-manlio-fabio-beltrones","tag-mujeres"],"jetpack_featured_media_url":"","jetpack_sharing_enabled":true,"jetpack_shortlink":"https:\/\/wp.me\/p4Qcd3-5qz","_links":{"self":[{"href":"https:\/\/lospoliticosveracruz.com.mx\/index.php?rest_route=\/wp\/v2\/posts\/20867","targetHints":{"allow":["GET"]}}],"collection":[{"href":"https:\/\/lospoliticosveracruz.com.mx\/index.php?rest_route=\/wp\/v2\/posts"}],"about":[{"href":"https:\/\/lospoliticosveracruz.com.mx\/index.php?rest_route=\/wp\/v2\/types\/post"}],"author":[{"embeddable":true,"href":"https:\/\/lospoliticosveracruz.com.mx\/index.php?rest_route=\/wp\/v2\/users\/2"}],"replies":[{"embeddable":true,"href":"https:\/\/lospoliticosveracruz.com.mx\/index.php?rest_route=%2Fwp%2Fv2%2Fcomments&post=20867"}],"version-history":[{"count":1,"href":"https:\/\/lospoliticosveracruz.com.mx\/index.php?rest_route=\/wp\/v2\/posts\/20867\/revisions"}],"predecessor-version":[{"id":20869,"href":"https:\/\/lospoliticosveracruz.com.mx\/index.php?rest_route=\/wp\/v2\/posts\/20867\/revisions\/20869"}],"wp:attachment":[{"href":"https:\/\/lospoliticosveracruz.com.mx\/index.php?rest_route=%2Fwp%2Fv2%2Fmedia&parent=20867"}],"wp:term":[{"taxonomy":"category","embeddable":true,"href":"https:\/\/lospoliticosveracruz.com.mx\/index.php?rest_route=%2Fwp%2Fv2%2Fcategories&post=20867"},{"taxonomy":"post_tag","embeddable":true,"href":"https:\/\/lospoliticosveracruz.com.mx\/index.php?rest_route=%2Fwp%2Fv2%2Ftags&post=20867"}],"curies":[{"name":"wp","href":"https:\/\/api.w.org\/{rel}","templated":true}]}}