{"id":20871,"date":"2016-02-04T22:42:15","date_gmt":"2016-02-05T04:42:15","guid":{"rendered":"http:\/\/www.lospoliticosveracruz.com.mx\/?p=20871"},"modified":"2016-02-04T22:42:15","modified_gmt":"2016-02-05T04:42:15","slug":"carrera-contra-el-cancer-infantil","status":"publish","type":"post","link":"https:\/\/lospoliticosveracruz.com.mx\/?p=20871","title":{"rendered":"\u00a1Carrera contra el c\u00e1ncer infantil!"},"content":{"rendered":"<p><a href=\"http:\/\/www.lospoliticosveracruz.com.mx\/wp-content\/uploads\/2016\/02\/c\u00e1cer-infantil.jpg\"><img loading=\"lazy\" decoding=\"async\" class=\"alignnone size-medium wp-image-20872\" src=\"http:\/\/www.lospoliticosveracruz.com.mx\/wp-content\/uploads\/2016\/02\/c\u00e1cer-infantil-300x116.jpg\" alt=\"c\u00e1cer infantil\" width=\"300\" height=\"116\" \/><\/a><\/p>\n<p>El Ayuntamiento de Xalapa, a trav\u00e9s del Consejo Municipal para la Asistencia Social (Conmas) que preside Mariana Yorio de Z\u00fa\u00f1iga, invita a toda la poblaci\u00f3n a participar en la primera gran carrera recreativa a favor de la lucha contra el c\u00e1ncer infantil, que se realizar\u00e1 el pr\u00f3ximo 14 de febrero.<\/p>\n<p>La carrera saldr\u00e1 del Estadio Xalape\u00f1o y tendr\u00e1 dos categor\u00edas, 3 y 5 kil\u00f3metros. La inscripci\u00f3n conllevar\u00e1 un costo de 250 pesos y lo recaudado ser\u00e1 utilizado para la compra de cat\u00e9teres para los pacientes del al Centro de Cancerolog\u00eda \u201cDr. Miguel Dorantes Mesa\u201d.<\/p>\n<p>La Directora General del Consejo Municipal para la Asistencia Social (Conmas), Martha Ruiz de Querol, explic\u00f3 que los cat\u00e9teres son insumo indispensable para los ni\u00f1os que reciben tratamiento oncol\u00f3gico y tienen un precio aproximado de entre 8 y 12 mil pesos.<\/p>\n<p>Por lo anterior, invit\u00f3 a toda la sociedad xalape\u00f1a a unirse a esta noble causa, para que el pr\u00f3ximo 14 de febrero asistan con sus familias a esta gran carrera recreativa y ense\u00f1en a las nuevas generaciones el sentido de la ayuda y solidaridad para quienes m\u00e1s lo requieren.<\/p>\n","protected":false},"excerpt":{"rendered":"<p>El Ayuntamiento de Xalapa, a trav\u00e9s del Consejo Municipal para la Asistencia Social (Conmas) que preside Mariana Yorio de Z\u00fa\u00f1iga, invita a toda la poblaci\u00f3n a participar en la primera gran carrera recreativa a favor de la lucha contra el c\u00e1ncer infantil, que se realizar\u00e1 el pr\u00f3ximo 14 de febrero. La carrera saldr\u00e1 del Estadio [&hellip;]<\/p>\n","protected":false},"author":2,"featured_media":0,"comment_status":"open","ping_status":"open","sticky":false,"template":"","format":"standard","meta":{"_jetpack_newsletter_access":"","_jetpack_dont_email_post_to_subs":false,"_jetpack_newsletter_tier_id":0,"_jetpack_memberships_contains_paywalled_content":false,"_jetpack_memberships_contains_paid_content":false,"footnotes":""},"categories":[73],"tags":[1534,4707,4708,3698],"class_list":["post-20871","post","type-post","status-publish","format-standard","hentry","category-de-boleto","tag-ayuntamiento-de-xalapa","tag-cancer-infantil","tag-carrera","tag-mariana-yorio-de-zuniga"],"jetpack_featured_media_url":"","jetpack_sharing_enabled":true,"jetpack_shortlink":"https:\/\/wp.me\/p4Qcd3-5qD","_links":{"self":[{"href":"https:\/\/lospoliticosveracruz.com.mx\/index.php?rest_route=\/wp\/v2\/posts\/20871","targetHints":{"allow":["GET"]}}],"collection":[{"href":"https:\/\/lospoliticosveracruz.com.mx\/index.php?rest_route=\/wp\/v2\/posts"}],"about":[{"href":"https:\/\/lospoliticosveracruz.com.mx\/index.php?rest_route=\/wp\/v2\/types\/post"}],"author":[{"embeddable":true,"href":"https:\/\/lospoliticosveracruz.com.mx\/index.php?rest_route=\/wp\/v2\/users\/2"}],"replies":[{"embeddable":true,"href":"https:\/\/lospoliticosveracruz.com.mx\/index.php?rest_route=%2Fwp%2Fv2%2Fcomments&post=20871"}],"version-history":[{"count":1,"href":"https:\/\/lospoliticosveracruz.com.mx\/index.php?rest_route=\/wp\/v2\/posts\/20871\/revisions"}],"predecessor-version":[{"id":20873,"href":"https:\/\/lospoliticosveracruz.com.mx\/index.php?rest_route=\/wp\/v2\/posts\/20871\/revisions\/20873"}],"wp:attachment":[{"href":"https:\/\/lospoliticosveracruz.com.mx\/index.php?rest_route=%2Fwp%2Fv2%2Fmedia&parent=20871"}],"wp:term":[{"taxonomy":"category","embeddable":true,"href":"https:\/\/lospoliticosveracruz.com.mx\/index.php?rest_route=%2Fwp%2Fv2%2Fcategories&post=20871"},{"taxonomy":"post_tag","embeddable":true,"href":"https:\/\/lospoliticosveracruz.com.mx\/index.php?rest_route=%2Fwp%2Fv2%2Ftags&post=20871"}],"curies":[{"name":"wp","href":"https:\/\/api.w.org\/{rel}","templated":true}]}}