{"id":20940,"date":"2016-02-08T21:30:49","date_gmt":"2016-02-09T03:30:49","guid":{"rendered":"http:\/\/www.lospoliticosveracruz.com.mx\/?p=20940"},"modified":"2016-02-08T21:30:49","modified_gmt":"2016-02-09T03:30:49","slug":"uv-vs-gobierno-estatal-mas-que-un-asunto-judicial","status":"publish","type":"post","link":"https:\/\/lospoliticosveracruz.com.mx\/?p=20940","title":{"rendered":"UV vs\u00a0gobierno estatal, m\u00e1s que un asunto judicial"},"content":{"rendered":"<p><a href=\"http:\/\/www.lospoliticosveracruz.com.mx\/wp-content\/uploads\/2016\/02\/UV-diputados.jpg\"><img loading=\"lazy\" decoding=\"async\" class=\"alignnone size-medium wp-image-20941\" src=\"http:\/\/www.lospoliticosveracruz.com.mx\/wp-content\/uploads\/2016\/02\/UV-diputados-300x171.jpg\" alt=\"UV diputados\" width=\"300\" height=\"171\" \/><\/a><br \/>\n<strong>Luis Alberto Romero<\/strong><\/p>\n<p><em>Hora Cero<\/em><\/p>\n<p>En el conflicto con la Universidad Veracruzana, el gobierno del estado tiene todo que perder. Al margen de las consideraciones jur\u00eddicas y de las denuncias interpuestas por los abogados de la m\u00e1xima casa de estudios en la entidad, el mayor problema a que podr\u00eda enfrentarse la administraci\u00f3n estatal es, por un lado, el golpe ante la opini\u00f3n p\u00fablica, que ya se puede palpar; y la movilizaci\u00f3n de la comunidad universitaria, cada vez m\u00e1s cercana.<br \/>\nEvidentemente, el problema no ha sido valorado en toda su dimensi\u00f3n por el gobierno estatal; por ello ha crecido tanto dicho conflicto, que motiv\u00f3, en octubre del a\u00f1o pasado, el pronunciamiento de la Asociaci\u00f3n Nacional de Universidades e Instituciones de Educaci\u00f3n Superior, Anuies, que exigi\u00f3 el cumplimiento de los pagos pendientes a la UV.<br \/>\nEl tema estall\u00f3 en mayo de 2015, cuando la rectora Sara Ladr\u00f3n de Guevara se refiri\u00f3 por primera vez, de manera p\u00fablica, a los adeudos del gobierno del estado con la instituci\u00f3n educativa.<br \/>\nEl problema creci\u00f3 cuando, en agosto pasado, la rectora sostuvo una reuni\u00f3n con un grupo de diputados federales electos, integrado por Miguel \u00c1ngel Yunes, Cuitl\u00e1huac Garc\u00eda, Adolfo Mota y Erick Lagos.<br \/>\nA partir de ah\u00ed, los desencuentros entre las autoridades universitarias y el ejecutivo estatal subieron de tono, hasta que la semana pasada, la UV present\u00f3 las denuncias derivadas del incumplimiento en el pago de los subsidios, por un monto que supera los dos mil millones de pesos.<br \/>\nLas denuncias fueron interpuestas por los abogados de la m\u00e1xima casa de estudios en la entidad, ante la Fiscal\u00eda General del Estado y el Ministerio P\u00fablico de la Federaci\u00f3n. La UV reclama mil 625 millones de subsidio estatal, as\u00ed como 451 millones de subsidio federal, que llegaron a Sefiplan pero no a la universidad.<br \/>\nA trav\u00e9s de los secretarios de Gobierno y de Finanzas y Planeaci\u00f3n, Flavino R\u00edos Alvarado y Antonio G\u00f3mez Pelegr\u00edn, el gobierno estatal respondi\u00f3 cobrando las cuotas del Instituto de Pensiones del Estado, por un monto que supera los 3 mil millones de pesos.<br \/>\nSin embargo, especialistas en el tema han aclarado que dicho cobro es improcedente; as\u00ed las cosas, el escenario para el gobierno estatal luce sumamente complicado, porque tarde o temprano, tendr\u00e1 que cubrir el monto que se le demanda.<br \/>\nEl conflicto va m\u00e1s all\u00e1 del cobro de los recursos y se ha convertido en una amenaza para el gobierno veracruzano, porque entre la comunidad universitaria prevalece la indignaci\u00f3n y la solidaridad con la postura de la rector\u00eda; en ese sentido, en la batalla ante la opini\u00f3n p\u00fablica, la administraci\u00f3n estatal est\u00e1 contra las cuerdas.<\/p>\n<p><strong>Yunes Linares, el principal beneficiario<\/strong><br \/>\nEn este desencuentro, hay un factor que las autoridades estatales parece que han pasado por alto: el costo pol\u00edtico para el Partido Revolucionario Institucional en el contexto de la contienda por la sucesi\u00f3n veracruzana.<br \/>\nAs\u00ed las cosas, la deuda y la negativa de pago por parte del gobierno veracruzano podr\u00edan golpear la campa\u00f1a priista, al igual que otros temas que han contribuido a desgastar la imagen de la administraci\u00f3n estatal y del PRI.<br \/>\nA estas alturas de la sucesi\u00f3n, es evidente que el principal beneficiario de la confrontaci\u00f3n entre UV y gobierno estatal es el abanderado de la alianza PAN-PRD, Miguel \u00c1ngel Yunes, quien se apresur\u00f3 a exigir que el ejecutivo cubra el pago del subsidio a la instituci\u00f3n educativa, enarbolando una bandera que podr\u00eda representarle un beneficio electoral y un avance en t\u00e9rminos de opini\u00f3n p\u00fablica.<\/p>\n<p><strong>El costo pol\u00edtico para el PRI<\/strong><br \/>\nEl mayor problema para el PRI y su candidato a la gubernatura, H\u00e9ctor Yunes Landa, no se relaciona s\u00f3lo con el conflicto entre la universidad y la administraci\u00f3n estatal, sino que podr\u00eda extenderse mucho m\u00e1s: el secuestro de que fue objeto la reportera Anabel Flores Salazar tambi\u00e9n impactar\u00eda de manera negativa a la campa\u00f1a priista, mientras el abanderado del partido no se deslinde de forma clara, contundente, del actual gobierno veracruzano.<br \/>\nDe no sostener un discurso mucho m\u00e1s cr\u00edtico que el de los d\u00edas recientes, el candidato del tricolor corre el riesgo de cosechar los puntos en contra que representan, por ejemplo, la enorme deuda gubernamental con los empresarios; el saldo de la inseguridad, que ha dejado miles de v\u00edctimas de il\u00edcitos como homicidio, secuestro, extorsi\u00f3n y otros, en los \u00faltimos cinco a\u00f1os; la falta de pago de las pensiones y las recientes agresiones contra jubilados y pensionados estatales; as\u00ed como los descuentos que aplicaron a los bur\u00f3cratas que hoy est\u00e1n en bur\u00f3 de cr\u00e9dito por que contrataron pr\u00e9stamos con financieras que no recibieron el recurso retenido.<br \/>\nSe trata de temas que hasta hoy han sido bien capitalizados por el candidato panista, con un discurso que llama al ajuste de cuentas, que resulta sumamente atractivo para amplios sectores de la poblaci\u00f3n.<br \/>\nSon puntos que, por supuesto, a estas alturas de la sucesi\u00f3n, ya debi\u00f3 valorar el candidato del PRI y su equipo de campa\u00f1a; por ello es predecible una pronta ruptura con la administraci\u00f3n estatal. @luisromero85<\/p>\n","protected":false},"excerpt":{"rendered":"<p>Luis Alberto Romero Hora Cero En el conflicto con la Universidad Veracruzana, el gobierno del estado tiene todo que perder. Al margen de las consideraciones jur\u00eddicas y de las denuncias interpuestas por los abogados de la m\u00e1xima casa de estudios en la entidad, el mayor problema a que podr\u00eda enfrentarse la administraci\u00f3n estatal es, por [&hellip;]<\/p>\n","protected":false},"author":2,"featured_media":0,"comment_status":"open","ping_status":"open","sticky":false,"template":"","format":"standard","meta":{"_jetpack_newsletter_access":"","_jetpack_dont_email_post_to_subs":false,"_jetpack_newsletter_tier_id":0,"_jetpack_memberships_contains_paywalled_content":false,"_jetpack_memberships_contains_paid_content":false,"footnotes":""},"categories":[70],"tags":[1681,141,1510,755,219,172],"class_list":["post-20940","post","type-post","status-publish","format-standard","hentry","category-de-opinion","tag-cuitlahuac-garcia","tag-erick-lagos","tag-miguel-angel-yunes","tag-sara-ladron-de-guevara","tag-universidad-veracruzana","tag-uv"],"jetpack_featured_media_url":"","jetpack_sharing_enabled":true,"jetpack_shortlink":"https:\/\/wp.me\/p4Qcd3-5rK","_links":{"self":[{"href":"https:\/\/lospoliticosveracruz.com.mx\/index.php?rest_route=\/wp\/v2\/posts\/20940","targetHints":{"allow":["GET"]}}],"collection":[{"href":"https:\/\/lospoliticosveracruz.com.mx\/index.php?rest_route=\/wp\/v2\/posts"}],"about":[{"href":"https:\/\/lospoliticosveracruz.com.mx\/index.php?rest_route=\/wp\/v2\/types\/post"}],"author":[{"embeddable":true,"href":"https:\/\/lospoliticosveracruz.com.mx\/index.php?rest_route=\/wp\/v2\/users\/2"}],"replies":[{"embeddable":true,"href":"https:\/\/lospoliticosveracruz.com.mx\/index.php?rest_route=%2Fwp%2Fv2%2Fcomments&post=20940"}],"version-history":[{"count":1,"href":"https:\/\/lospoliticosveracruz.com.mx\/index.php?rest_route=\/wp\/v2\/posts\/20940\/revisions"}],"predecessor-version":[{"id":20942,"href":"https:\/\/lospoliticosveracruz.com.mx\/index.php?rest_route=\/wp\/v2\/posts\/20940\/revisions\/20942"}],"wp:attachment":[{"href":"https:\/\/lospoliticosveracruz.com.mx\/index.php?rest_route=%2Fwp%2Fv2%2Fmedia&parent=20940"}],"wp:term":[{"taxonomy":"category","embeddable":true,"href":"https:\/\/lospoliticosveracruz.com.mx\/index.php?rest_route=%2Fwp%2Fv2%2Fcategories&post=20940"},{"taxonomy":"post_tag","embeddable":true,"href":"https:\/\/lospoliticosveracruz.com.mx\/index.php?rest_route=%2Fwp%2Fv2%2Ftags&post=20940"}],"curies":[{"name":"wp","href":"https:\/\/api.w.org\/{rel}","templated":true}]}}