{"id":21169,"date":"2016-02-11T21:31:05","date_gmt":"2016-02-12T03:31:05","guid":{"rendered":"http:\/\/www.lospoliticosveracruz.com.mx\/?p=21169"},"modified":"2016-02-11T21:31:05","modified_gmt":"2016-02-12T03:31:05","slug":"el-mal-ejemplo-de-los-chapulines","status":"publish","type":"post","link":"https:\/\/lospoliticosveracruz.com.mx\/?p=21169","title":{"rendered":"El mal ejemplo de los Chapulines"},"content":{"rendered":"<p><a href=\"http:\/\/www.lospoliticosveracruz.com.mx\/wp-content\/uploads\/2016\/02\/Alfredo-Tress-Jim\u00e9nez.jpg\"><img loading=\"lazy\" decoding=\"async\" class=\"alignnone size-medium wp-image-21172\" src=\"http:\/\/www.lospoliticosveracruz.com.mx\/wp-content\/uploads\/2016\/02\/Alfredo-Tress-Jim\u00e9nez-300x169.jpg\" alt=\"Alfredo Tress Jim\u00e9nez\" width=\"300\" height=\"169\" \/><\/a><br \/>\n<strong>Salvador Mu\u00f1oz<\/strong><\/p>\n<p><em>Los Pol\u00edticos<\/em><\/p>\n<p>La cantidad de \u201cperos\u201d que podemos encontrar a quienes hoy en d\u00eda aspiran a un cargo de elecci\u00f3n popular pueden ser infinitos. Gran parte de los que se involucran en el tema electorero abona de un modo u otro, con raz\u00f3n o sin ella, en negarle la oportunidad a quien pretende verse en una boleta.<br \/>\nPueden argumentar que \u201ces muy joven\u2026 que tiene hasta dientes de leche\u201d, le dicen a Rodrigo Montoya Rivera, con 24 a\u00f1os de edad, quien pretende ser candidato a diputado. Entre los alcaldes m\u00e1s j\u00f3venes que ha habido est\u00e1 por ah\u00ed Jorge Gonz\u00e1lez Azamar que, si no mal recuerdo, rondaba la misma edad que el ex secretario privado de Am\u00e9rico Z\u00fa\u00f1iga. Ya ni se diga Adolfo Mota, cuando fue \u201cDipuchavo\u201d y posteriormente, secretario y dirigente del PRI estatal.<br \/>\nEntre los otros discursos est\u00e1 tambi\u00e9n el del \u201ces Duartista\u201d, como es el caso de Vicente Ben\u00edtez, ante conocido como \u201cel Chile\u00f1o\u201d, hoy, como \u201cel Chile Relleno\u201d, por seguir los mismos pasos que su patr\u00f3n, el Gobernador.<br \/>\nPor supuesto que los fan\u00e1ticos del \u201cChile Relleno\u201d argumentar\u00e1n que ha hecho labor social y liderazgo en los Tuxtlas\u2026 por supuesto, siendo oficial mayor de la SEV \u00a1cualquiera! Ahora s\u00ed, dijeran, con dinero baila el perro.<br \/>\nTanto en el \u00e1mbito social como en el pol\u00edtico se est\u00e1 a veces en contra de la figura o de lo que representa.<br \/>\nYa que pusimos estos dos casos (Rodrigo y Vicente), en las redes sociales es m\u00e1s criticable el chile xalape\u00f1o que el \u201cChile relleno\u201d, aunque si se pudiera poner en b\u00e1scula el desprestigio, creo que todos sabemos hacia d\u00f3nde se inclinar\u00eda la balanza\u2026 porque al menos, en el centro (no s\u00e9 en Los Tuxtlas) es m\u00e1s criticable en estos momentos ser duartista que ser joven (o p\u00f3ngale el adjetivo si usted rechaza la aspiraci\u00f3n de Rodrigo).<br \/>\nAunque tambi\u00e9n hay algo que sea en los Tuxtlas, en el norte, en el centro o donde sea, que igual es criticable para un grueso de la poblaci\u00f3n: \u201cEl Chapul\u00edn\u201d. S\u00ed, aquel funcionario o servidor p\u00fablico que \u201cabandona\u201d su cargo para buscar uno de representaci\u00f3n popular.<br \/>\nQuiz\u00e1s no sea tan criticable aquel \u201cChapul\u00edn\u201d que tiene un puesto de confianza (como es el caso de Vicente Ben\u00edtez), aunque haya desconfianza que en su paso por ese puesto, haya usado los recursos a su alcance para promover su imagen, levantar un \u201cliderazgo\u201d y generar un ambiente de Mes\u00edas redentor.<br \/>\nAunque s\u00ed es m\u00e1s criticable aquellos \u201cChapulines\u201d que tras pelear un cargo de representaci\u00f3n popular y obtenerlo por la confianza de un gran sector de la poblaci\u00f3n, abandonen su cargo.<br \/>\nAhora, en estos momentos, se tienen en puerta algunos casos, como el del alcalde de Acayucan, Marco Antonio Mart\u00ednez Amador; el de Banderilla, Esteban Acosta Lagunes; o el de Juchique de Ferrer, Ernesto Cuevas, que pertenecen al partido pol\u00edtico AVE.<br \/>\nSu caso llama la atenci\u00f3n porque lejos de asumir en su totalidad una responsabilidad con el pueblo que representan, se ponen a la disposici\u00f3n del dirigente de su partido.<br \/>\nPero, pues qu\u00e9 se puede esperar cuando estos alcaldes y Alfredo Tress Jim\u00e9nez muestran dos cosas: ELLOS) la exhibici\u00f3n en todo su esplendor de lo que es el salto del Chapul\u00edn (de cargo en cargo, sin importar cu\u00e1l deja a medias); \u00c9L) La falta de cuadros.<br \/>\nPor supuesto, tampoco se les puede culpar por completo por el fen\u00f3meno del Chapul\u00edn. Nuestro sistema pol\u00edtico se los permite. Nuestros votos lo permiten. Y peor: C\u00f3mo podemos exigirle al AVE y a sus alcaldes un comportamiento, cuando al menos tres de nuestros potenciales candidatos a la Gubernatura saltan del Senado y del Congreso de la Uni\u00f3n para buscar un cargo\u2026 H\u00e9ctor, Miguel y Cuitl\u00e1huac.<\/p>\n<p>smcainito@gmail.com<\/p>\n","protected":false},"excerpt":{"rendered":"<p>Salvador Mu\u00f1oz Los Pol\u00edticos La cantidad de \u201cperos\u201d que podemos encontrar a quienes hoy en d\u00eda aspiran a un cargo de elecci\u00f3n popular pueden ser infinitos. Gran parte de los que se involucran en el tema electorero abona de un modo u otro, con raz\u00f3n o sin ella, en negarle la oportunidad a quien pretende [&hellip;]<\/p>\n","protected":false},"author":2,"featured_media":0,"comment_status":"open","ping_status":"open","sticky":false,"template":"","format":"standard","meta":{"_jetpack_newsletter_access":"","_jetpack_dont_email_post_to_subs":false,"_jetpack_newsletter_tier_id":0,"_jetpack_memberships_contains_paywalled_content":false,"_jetpack_memberships_contains_paid_content":false,"footnotes":""},"categories":[70],"tags":[103,2813,4774,4622,4677,4623,4624,2738],"class_list":["post-21169","post","type-post","status-publish","format-standard","hentry","category-de-opinion","tag-acayucan","tag-banderilla","tag-chapulines","tag-ernesto-cuevas","tag-esteban-acosta-lagunes","tag-juchique-de-ferrer","tag-marco-antonio-martinez-amador","tag-rodrigo-montoya-rivera"],"jetpack_featured_media_url":"","jetpack_sharing_enabled":true,"jetpack_shortlink":"https:\/\/wp.me\/p4Qcd3-5vr","_links":{"self":[{"href":"https:\/\/lospoliticosveracruz.com.mx\/index.php?rest_route=\/wp\/v2\/posts\/21169","targetHints":{"allow":["GET"]}}],"collection":[{"href":"https:\/\/lospoliticosveracruz.com.mx\/index.php?rest_route=\/wp\/v2\/posts"}],"about":[{"href":"https:\/\/lospoliticosveracruz.com.mx\/index.php?rest_route=\/wp\/v2\/types\/post"}],"author":[{"embeddable":true,"href":"https:\/\/lospoliticosveracruz.com.mx\/index.php?rest_route=\/wp\/v2\/users\/2"}],"replies":[{"embeddable":true,"href":"https:\/\/lospoliticosveracruz.com.mx\/index.php?rest_route=%2Fwp%2Fv2%2Fcomments&post=21169"}],"version-history":[{"count":1,"href":"https:\/\/lospoliticosveracruz.com.mx\/index.php?rest_route=\/wp\/v2\/posts\/21169\/revisions"}],"predecessor-version":[{"id":21173,"href":"https:\/\/lospoliticosveracruz.com.mx\/index.php?rest_route=\/wp\/v2\/posts\/21169\/revisions\/21173"}],"wp:attachment":[{"href":"https:\/\/lospoliticosveracruz.com.mx\/index.php?rest_route=%2Fwp%2Fv2%2Fmedia&parent=21169"}],"wp:term":[{"taxonomy":"category","embeddable":true,"href":"https:\/\/lospoliticosveracruz.com.mx\/index.php?rest_route=%2Fwp%2Fv2%2Fcategories&post=21169"},{"taxonomy":"post_tag","embeddable":true,"href":"https:\/\/lospoliticosveracruz.com.mx\/index.php?rest_route=%2Fwp%2Fv2%2Ftags&post=21169"}],"curies":[{"name":"wp","href":"https:\/\/api.w.org\/{rel}","templated":true}]}}