{"id":21185,"date":"2016-02-14T20:24:35","date_gmt":"2016-02-15T02:24:35","guid":{"rendered":"http:\/\/www.lospoliticosveracruz.com.mx\/?p=21185"},"modified":"2016-02-14T20:24:35","modified_gmt":"2016-02-15T02:24:35","slug":"sola-y-sin-valentin","status":"publish","type":"post","link":"https:\/\/lospoliticosveracruz.com.mx\/?p=21185","title":{"rendered":"Sola y sin Valent\u00edn"},"content":{"rendered":"<p><a href=\"http:\/\/www.lospoliticosveracruz.com.mx\/wp-content\/uploads\/2016\/02\/Soltera.jpg\"><img loading=\"lazy\" decoding=\"async\" class=\"alignnone size-medium wp-image-21186\" src=\"http:\/\/www.lospoliticosveracruz.com.mx\/wp-content\/uploads\/2016\/02\/Soltera-300x201.jpg\" alt=\"Soltera\" width=\"300\" height=\"201\" \/><\/a><\/p>\n<p><strong>Cecilia Mu\u00f1oz<\/strong><br \/>\n<em>Polisemia<\/em><\/p>\n<p>\u00a1Ha pasado de nuevo! Y nuevamente hemos sobrevivido al 14 de febrero tras las siempre ambivalentes reacciones que provoca. \u00bfY usted, c\u00f3mo se la pas\u00f3 este San Valent\u00edn? \u00bfMand\u00f3 o recibi\u00f3 flores, tuvo una cena rom\u00e1ntica, sigui\u00f3 las peripecias del Papa, se bautiz\u00f3 en plaza Lerdo, fue al cine a ver una pel\u00edcula rom\u00e1ntica como \u201cDead Pool\u201d o \u201c50 sombras de Black\u201d? \u00bfO simplemente se qued\u00f3 en casa disfrutando de un merecido marat\u00f3n de Netflix?<br \/>\nCualquiera que haya sido su actividad este domingo, apuesto que al menos durante un breve momento pens\u00f3 en la soledad, ya fuera para agradecer no sufrirla, para lamentarla o para ensalzarla. Y es que a final de cuentas, \u00bfde qu\u00e9 se trata San Valent\u00edn si no de huir de la soledad? Porque todos sabemos que la falta de un otro en nuestra vida es un hecho terrible, pues la compa\u00f1\u00eda propia jam\u00e1s podr\u00e1 bastar. El mito de la media naranja, \u00a1presente!<br \/>\nEn el caso de las mujeres, la sombra de la soledad es siempre m\u00e1s amenazadora que para los hombres y en la palabra \u201csolterona\u201d se hace patente. Yo misma, incluso teniendo pareja, he sentido esa presi\u00f3n por aceptar y hasta necesitar su compa\u00f1\u00eda constante, no vaya a ser que me desaparezcan. O peor, dir\u00edan algunos sin asomo de verg\u00fcenza: que nosotros desaparezcamos y termine qued\u00e1ndome sola, convirti\u00e9ndome efectivamente en una solterona amante de los gatos.<br \/>\nPor eso cuando la fil\u00f3sofa Graciela Hierro (1928-2003) le dio la vuelta a la tortilla y me habl\u00f3 de la \u201cmujer sola\u201d, suspir\u00e9 con alivio. Para Hierro, la figura de la \u201cmujer sola\u201d se opone a la de \u201csolterona\u201d, toda vez que \u00e9sta \u00faltima se ajusta a los patrones de conducta sociales m\u00e1s a\u00f1ejos: se lamenta de su solter\u00eda, sufre su soledad y acepta con resignaci\u00f3n la censura y la invisibilidad ganada por no ser la esposa o madre de alguien.<br \/>\nEn cambio, la \u201cmujer sola\u201d es una f\u00e9mina con consciencia de s\u00ed misma y de su situaci\u00f3n como mujer en su contexto; gana su propio sustento, tiene un sentido de la vida y acepta que hay algo en su modo de ser que la aleja de los valores de la feminidad tradicional, mas no lo lamenta.<br \/>\nPero lo que m\u00e1s me gusta del amplio concepto de \u201cmujer sola\u201d es la \u00e9tica del placer, lo cual implica que su mayor compromiso es con su calidad de vida. La mujer sola, al ser consciente del lugar en el mundo que deber\u00eda ocupar por raz\u00f3n de su g\u00e9nero, descubre que la moral tradicional no se preocupa por sus intereses como persona. Y entonces se revela de una manera que podr\u00eda parecer tan sencilla, pero que en la pr\u00e1ctica resulta de lo m\u00e1s complicada: decide qu\u00e9 lugar desea ocupar en la familia, c\u00f3mo desea ejercer su sexualidad y en suma, qu\u00e9 hacer en su sociedad como sujeto activo.<br \/>\nLa mujer sola se niega a ser para el otro, renegando la idea de que el amor todo lo puede y abjurando su supuestamente innata capacidad maternal. La mujer sola, a diferencia de la solterona que asume su soledad con angustia, se gana a s\u00ed misma.<br \/>\nY no s\u00e9 ustedes, pero soltera o no, a m\u00ed me gusta la idea.<\/p>\n<p>polisemia@outlook.es<\/p>\n","protected":false},"excerpt":{"rendered":"<p>Cecilia Mu\u00f1oz Polisemia \u00a1Ha pasado de nuevo! Y nuevamente hemos sobrevivido al 14 de febrero tras las siempre ambivalentes reacciones que provoca. \u00bfY usted, c\u00f3mo se la pas\u00f3 este San Valent\u00edn? \u00bfMand\u00f3 o recibi\u00f3 flores, tuvo una cena rom\u00e1ntica, sigui\u00f3 las peripecias del Papa, se bautiz\u00f3 en plaza Lerdo, fue al cine a ver una [&hellip;]<\/p>\n","protected":false},"author":2,"featured_media":0,"comment_status":"open","ping_status":"open","sticky":false,"template":"","format":"standard","meta":{"_jetpack_newsletter_access":"","_jetpack_dont_email_post_to_subs":false,"_jetpack_newsletter_tier_id":0,"_jetpack_memberships_contains_paywalled_content":false,"_jetpack_memberships_contains_paid_content":false,"footnotes":""},"categories":[70],"tags":[2784,4788,4787],"class_list":["post-21185","post","type-post","status-publish","format-standard","hentry","category-de-opinion","tag-graciela-hierro","tag-la-mujer-sola","tag-san-valentin"],"jetpack_featured_media_url":"","jetpack_sharing_enabled":true,"jetpack_shortlink":"https:\/\/wp.me\/p4Qcd3-5vH","_links":{"self":[{"href":"https:\/\/lospoliticosveracruz.com.mx\/index.php?rest_route=\/wp\/v2\/posts\/21185","targetHints":{"allow":["GET"]}}],"collection":[{"href":"https:\/\/lospoliticosveracruz.com.mx\/index.php?rest_route=\/wp\/v2\/posts"}],"about":[{"href":"https:\/\/lospoliticosveracruz.com.mx\/index.php?rest_route=\/wp\/v2\/types\/post"}],"author":[{"embeddable":true,"href":"https:\/\/lospoliticosveracruz.com.mx\/index.php?rest_route=\/wp\/v2\/users\/2"}],"replies":[{"embeddable":true,"href":"https:\/\/lospoliticosveracruz.com.mx\/index.php?rest_route=%2Fwp%2Fv2%2Fcomments&post=21185"}],"version-history":[{"count":1,"href":"https:\/\/lospoliticosveracruz.com.mx\/index.php?rest_route=\/wp\/v2\/posts\/21185\/revisions"}],"predecessor-version":[{"id":21187,"href":"https:\/\/lospoliticosveracruz.com.mx\/index.php?rest_route=\/wp\/v2\/posts\/21185\/revisions\/21187"}],"wp:attachment":[{"href":"https:\/\/lospoliticosveracruz.com.mx\/index.php?rest_route=%2Fwp%2Fv2%2Fmedia&parent=21185"}],"wp:term":[{"taxonomy":"category","embeddable":true,"href":"https:\/\/lospoliticosveracruz.com.mx\/index.php?rest_route=%2Fwp%2Fv2%2Fcategories&post=21185"},{"taxonomy":"post_tag","embeddable":true,"href":"https:\/\/lospoliticosveracruz.com.mx\/index.php?rest_route=%2Fwp%2Fv2%2Ftags&post=21185"}],"curies":[{"name":"wp","href":"https:\/\/api.w.org\/{rel}","templated":true}]}}